{"id":228321,"date":"2025-05-16T19:22:32","date_gmt":"2025-05-16T22:22:32","guid":{"rendered":"https:\/\/diarioregionaldigital.com.br\/?p=228321"},"modified":"2025-05-16T19:22:32","modified_gmt":"2025-05-16T22:22:32","slug":"minas-gerais-expande-rede-hoteleira-e-consolida-turismo-como-forca-economica-inovadora","status":"publish","type":"post","link":"https:\/\/diarioregionaldigital.com.br\/?p=228321","title":{"rendered":"Minas Gerais expande rede hoteleira e consolida turismo como for\u00e7a econ\u00f4mica inovadora"},"content":{"rendered":"<p>Minas Gerais vive um ciclo virtuoso de crescimento econ\u00f4mico ancorado no turismo, na hospitalidade e na cultura. Com base em dados do Instituto Brasileiro de Geografia e Estat\u00edstica (IBGE) e do Observat\u00f3rio do Turismo de Minas Gerais, o estado superou a marca de 32 milh\u00f5es de turistas em 2024, com crescimento de 11,8% na atividade tur\u00edstica, mais do que o dobro da m\u00e9dia nacional.<\/p>\n<p>O setor j\u00e1 \u00e9 respons\u00e1vel por milhares de novos empregos e por atrair investimentos estruturantes em todas as regi\u00f5es mineiras. O\u00a0<a href=\"https:\/\/www.mg.gov.br\/\" target=\"_blank\" rel=\"noopener\">Governo de Minas<\/a>, por meio da\u00a0<a href=\"https:\/\/www.secult.mg.gov.br\/\" target=\"_blank\" rel=\"noopener\">Secretaria\u00a0de Estado de Cultura e Turismo de Minas Gerais (Secult)<\/a>, adota um\u00a0estrat\u00e9gia articulada de promo\u00e7\u00e3o, incentivos e fomento \u00e0 originalidade das experi\u00eancias, o que torna Minas o principal destino de investimentos hoteleiros no pa\u00eds.<\/p>\n<table border=\"0\" cellspacing=\"1\" cellpadding=\"1\" align=\"center\">\n<tbody>\n<tr>\n<td colspan=\"5\"><img decoding=\"async\" src=\"https:\/\/www.agenciaminas.mg.gov.br\/ckeditor_assets\/pictures\/20949\/content_2_olho_topo.jpg\" alt=\"\" \/><\/td>\n<\/tr>\n<tr>\n<td><\/td>\n<td colspan=\"3\" rowspan=\"3\">\n<h1><strong>&#8220;Estamos assistindo \u00e0 forma\u00e7\u00e3o de uma nova pot\u00eancia econ\u00f4mica baseada na cultura, na hospitalidade e na identidade mineira. Minas acolhe, preserva e ao mesmo tempo inova. Esse \u00e9 o futuro que j\u00e1 est\u00e1 em curso, com trabalho s\u00e9rio, vis\u00e3o estrat\u00e9gica e amor pelo que somos&#8221;, ressalta o secret\u00e1rio de Estado de Cultura e Turismo, Le\u00f4nidas de Oliveira.<\/strong><\/h1>\n<\/td>\n<td><\/td>\n<\/tr>\n<tr>\n<td><\/td>\n<td><\/td>\n<\/tr>\n<tr>\n<td><\/td>\n<td><\/td>\n<\/tr>\n<tr>\n<td colspan=\"5\"><img decoding=\"async\" src=\"https:\/\/www.agenciaminas.mg.gov.br\/ckeditor_assets\/pictures\/20950\/content_2_olho_inferior.jpg\" alt=\"\" \/><\/td>\n<\/tr>\n<\/tbody>\n<\/table>\n<p><strong>Um estado que se reinventa pela hospitalidade<\/strong><\/p>\n<p>A chegada de empreendimentos internacionais, a revitaliza\u00e7\u00e3o de patrim\u00f4nios simb\u00f3licos e a consolida\u00e7\u00e3o de uma rede variada de pousadas, resorts e hospedagens de charme mostram como Minas Gerais transformou sua voca\u00e7\u00e3o em pol\u00edtica p\u00fablica e desenvolvimento real.<\/p>\n<p>Um destaque \u00e9 o DoubleTree by Hilton Serra da Canastra, que ser\u00e1 inaugurado em 2028 em S\u00e3o Jo\u00e3o Batista do Gl\u00f3ria, no Sudoeste de Minas, com investimento de R$ 200 milh\u00f5es. Com 201 quartos, spa, centro de conven\u00e7\u00f5es e acesso exclusivo ao Lago de Furnas, o projeto \u00e9 considerado um dos mais emblem\u00e1ticos da nova fase do turismo mineiro.<\/p>\n<p>Outro marco \u00e9 a abertura do hotel Vila Gal\u00e9 Collection Ouro Preto, no hist\u00f3rico Col\u00e9gio Dom Bosco, em Cachoeira do Campo. O resort, com 311 quartos, vinhedo, haras e centro de conven\u00e7\u00f5es, ser\u00e1 inaugurado no dia 24\/5 e reafirma o modelo mineiro de integrar cultura, natureza e hospitalidade.<\/p>\n<p>Em Belo Horizonte, o Hotel Trinta e Um \u00e9 outro empreendimento que dever\u00e1 ser inaugurado em breve, no bairro de Lourdes, com foco na experi\u00eancia mineira de luxo e um restaurante autoral, chamado Trintaeum, que ser\u00e1 o primeiro inteiramente dedicado \u00e0 cozinha mineira contempor\u00e2nea da alta gastronomia, tornando-se vitrine da culin\u00e1ria reconhecida pela Organiza\u00e7\u00e3o das Na\u00e7\u00f5es Unidas para a Educa\u00e7\u00e3o, a Ci\u00eancia e a Cultura (Unesco).<\/p>\n<p>Minas tamb\u00e9m se destaca na revaloriza\u00e7\u00e3o do patrim\u00f4nio hoteleiro. O Palace Hotel, em Po\u00e7os de Caldas, no sul do estado, passou por um amplo processo de restaura\u00e7\u00e3o, devolvendo \u00e0 cidade um \u00edcone da era das \u00e1guas termais.<\/p>\n<p>Ao lado dele, empreendimentos como o Clara Resort, junto ao Inhotim em Brumadinho, e o projeto Ibity, na Zona da Mata, apontam para o crescimento do turismo de experi\u00eancia e base comunit\u00e1ria na Serra da Mantiqueira.<\/p>\n<p><strong>Uma hotelaria em rede e expans\u00e3o permanente<\/strong><\/p>\n<p>A Accor Hotels, uma das maiores redes globais, consolidou Minas Gerais como seu segundo maior mercado no Brasil. J\u00e1 opera 30 unidades em cidades como Belo Horizonte, Uberl\u00e2ndia e Juiz de Fora, e planeja outros dez novos empreendimentos at\u00e9 2028, entre eles o Tribe BH e novos Ibis Styles em Varginha, Arax\u00e1, Uberaba, Passos, Patroc\u00ednio e Montes Claros.<\/p>\n<p>Em paralelo, pousadas de charme, hot\u00e9is-fazenda e hospedagens em plataformas como Airbnb expandem-se por Lavras Novas, Serra do Cip\u00f3, Carrancas, Vale do Jequitinhonha e Mantiqueira de Minas. O turismo rural ganha corpo como alternativa econ\u00f4mica e modo de vida sustent\u00e1vel.<\/p>\n<p><strong>Minas \u00e9 exemplo para o Brasil<\/strong><\/p>\n<p>O turismo em Minas \u00e9, hoje, uma das maiores fontes de crescimento sustent\u00e1vel, com pol\u00edticas de descentraliza\u00e7\u00e3o como o ICMS Turismo, que em 2024 repassou mais de R$ 81 milh\u00f5es a 513 munic\u00edpios. O estado lidera tamb\u00e9m a gera\u00e7\u00e3o de empregos formais no setor, com mais de 50 mil postos criados em 2024.<\/p>\n<p>Fonte: Ag\u00eancia Minas<\/p>\n","protected":false},"excerpt":{"rendered":"<p>Minas Gerais vive um ciclo virtuoso de crescimento econ\u00f4mico ancorado no turismo, na hospitalidade e na cultura. Com base em dados do Instituto Brasileiro de Geografia e Estat\u00edstica (IBGE) e do Observat\u00f3rio do Turismo de Minas Gerais, o estado superou a marca de 32 milh\u00f5es de turistas em 2024, com crescimento de 11,8% na atividade [&hellip;]<\/p>\n","protected":false},"author":246,"featured_media":228322,"comment_status":"closed","ping_status":"closed","sticky":false,"template":"","format":"standard","meta":{"footnotes":""},"categories":[436,261,254,439],"tags":[],"class_list":["post-228321","post","type-post","status-publish","format-standard","has-post-thumbnail","hentry","category-destaque-da-semana","category-economia","category-politica","category-ultima-hora"],"_links":{"self":[{"href":"https:\/\/diarioregionaldigital.com.br\/index.php?rest_route=\/wp\/v2\/posts\/228321","targetHints":{"allow":["GET"]}}],"collection":[{"href":"https:\/\/diarioregionaldigital.com.br\/index.php?rest_route=\/wp\/v2\/posts"}],"about":[{"href":"https:\/\/diarioregionaldigital.com.br\/index.php?rest_route=\/wp\/v2\/types\/post"}],"author":[{"embeddable":true,"href":"https:\/\/diarioregionaldigital.com.br\/index.php?rest_route=\/wp\/v2\/users\/246"}],"replies":[{"embeddable":true,"href":"https:\/\/diarioregionaldigital.com.br\/index.php?rest_route=%2Fwp%2Fv2%2Fcomments&post=228321"}],"version-history":[{"count":1,"href":"https:\/\/diarioregionaldigital.com.br\/index.php?rest_route=\/wp\/v2\/posts\/228321\/revisions"}],"predecessor-version":[{"id":228323,"href":"https:\/\/diarioregionaldigital.com.br\/index.php?rest_route=\/wp\/v2\/posts\/228321\/revisions\/228323"}],"wp:featuredmedia":[{"embeddable":true,"href":"https:\/\/diarioregionaldigital.com.br\/index.php?rest_route=\/wp\/v2\/media\/228322"}],"wp:attachment":[{"href":"https:\/\/diarioregionaldigital.com.br\/index.php?rest_route=%2Fwp%2Fv2%2Fmedia&parent=228321"}],"wp:term":[{"taxonomy":"category","embeddable":true,"href":"https:\/\/diarioregionaldigital.com.br\/index.php?rest_route=%2Fwp%2Fv2%2Fcategories&post=228321"},{"taxonomy":"post_tag","embeddable":true,"href":"https:\/\/diarioregionaldigital.com.br\/index.php?rest_route=%2Fwp%2Fv2%2Ftags&post=228321"}],"curies":[{"name":"wp","href":"https:\/\/api.w.org\/{rel}","templated":true}]}}