{"id":228318,"date":"2025-05-16T19:21:35","date_gmt":"2025-05-16T22:21:35","guid":{"rendered":"https:\/\/diarioregionaldigital.com.br\/?p=228318"},"modified":"2025-05-16T19:21:35","modified_gmt":"2025-05-16T22:21:35","slug":"empresa-atraida-pelo-governo-de-minas-preve-mais-uma-planta-piloto-de-manganes-verde-em-operacao-ate-o-fim-de-2025","status":"publish","type":"post","link":"https:\/\/diarioregionaldigital.com.br\/?p=228318","title":{"rendered":"Empresa atra\u00edda pelo Governo de Minas prev\u00ea mais uma planta-piloto de mangan\u00eas verde em opera\u00e7\u00e3o at\u00e9 o fim de 2025"},"content":{"rendered":"<p><main class=\"clear margin-md-bottom-3\"><\/p>\n<div class=\"clear \">\n<p>Como mais frutos da miss\u00e3o internacional realizada em 2023 pelo\u00a0<a href=\"https:\/\/www.mg.gov.br\/\" target=\"_blank\" rel=\"noopener\">Governo de Minas<\/a>, a mineradora Boston Metal apresentou novidades para o estado em encontro realizado nesta sexta-feira (16\/5), em Nova Iorque, nos Estados Unidos. O an\u00fancio chega no \u00faltimo dia da miss\u00e3o internacional, liderada pelo vice-governador Mateus Sim\u00f5es, para apresentar o potencial de Minas Gerais, atraindo investimentos para gera\u00e7\u00e3o de emprego e renda no estado.<\/p>\n<p>O projeto apresentado prev\u00ea o in\u00edcio do funcionamento da unidade de produ\u00e7\u00e3o de ferro mangan\u00eas verde\u00a0da empresa, em Coronel Xavier Chaves, no Campo das Vertentes, at\u00e9 o final deste ano.<\/p>\n<p>Com novo investimento de R$ 5,18 milh\u00f5es, a empresa segue contando com o apoio da\u00a0<a href=\"https:\/\/desenvolvimento.mg.gov.br\/\" target=\"_blank\" rel=\"noopener\">Secretaria de Estado de Desenvolvimento Econ\u00f4mico (Sede-MG)<\/a>, por meio de sua vinculada\u00a0<a href=\"https:\/\/investminas.mg.gov.br\/\" target=\"_blank\" rel=\"noopener\">Invest Minas<\/a>, colaborar com a viabiliza\u00e7\u00e3o do projeto. Neste primeiro momento, ser\u00e3o gerados 12 empregos diretos.<\/p>\n<p>A planta-piloto faz parte do projeto anunciado em 2023, quando a Boston Metal firmou compromisso de investir R$ 573 milh\u00f5es no mesmo munic\u00edpio, com previs\u00e3o de iniciar a opera\u00e7\u00e3o no primeiro semestre de 2025. Essa planta objetiva a transforma\u00e7\u00e3o de est\u00e9reis minerais em min\u00e9rio com teor comercializ\u00e1vel por meio de eletr\u00f3lise, eliminando as emiss\u00f5es de carbono e contribuindo para a preserva\u00e7\u00e3o do meio ambiente.<\/p>\n<p>Al\u00e9m disso, a empresa possui outra planta para explora\u00e7\u00e3o de ni\u00f3bio e t\u00e2ntalo em opera\u00e7\u00e3o na mesma cidade. Com todo o investimento, a previs\u00e3o \u00e9 de que sejam criados cerca de 350 empregos diretos at\u00e9 2026.<\/p>\n<table border=\"0\" cellspacing=\"1\" cellpadding=\"1\" align=\"center\">\n<tbody>\n<tr>\n<td colspan=\"5\"><img decoding=\"async\" src=\"https:\/\/www.agenciaminas.mg.gov.br\/ckeditor_assets\/pictures\/20949\/content_2_olho_topo.jpg\" alt=\"\" \/><\/td>\n<\/tr>\n<tr>\n<td><\/td>\n<td colspan=\"3\" rowspan=\"3\">\n<h1><strong>&#8220;Desde 2019, o nosso governo fez quest\u00e3o de mostrar para o Brasil e para o mundo que Minas Gerais est\u00e1 aberto a investimentos, porque isso traz desenvolvimento, oportunidades e mudan\u00e7a de vida da popula\u00e7\u00e3o. Atra\u00edmos quase R$ 490 bilh\u00f5es por todo o nosso territ\u00f3rio. Vamos terminar esta gest\u00e3o com mais de 1 milh\u00e3o de empregos gerados&#8221;, disse Mateus Sim\u00f5es.<\/strong><\/h1>\n<\/td>\n<td><\/td>\n<\/tr>\n<tr>\n<td><\/td>\n<td><\/td>\n<\/tr>\n<tr>\n<td><\/td>\n<td><\/td>\n<\/tr>\n<tr>\n<td colspan=\"5\"><img decoding=\"async\" src=\"https:\/\/www.agenciaminas.mg.gov.br\/ckeditor_assets\/pictures\/20950\/content_2_olho_inferior.jpg\" alt=\"\" \/><\/td>\n<\/tr>\n<\/tbody>\n<\/table>\n<p><strong>A empresa<\/strong><\/p>\n<p>A Boston Metal \u00e9 uma empresa internacional, com sede em Woburn, Massachusetts, nos Estados Unidos, tendo entre seus apoiadores e investidores o fundador da Microsoft, Bill Gates e a companhia Vale.<\/p>\n<p>Especialista em solu\u00e7\u00f5es de tecnologia de metais, a empresa vem comercializando eletr\u00f3lise de \u00f3xido fundido (MOE), uma plataforma de produ\u00e7\u00e3o de metais alimentada por eletricidade, o que contribui para o processo de descarboniza\u00e7\u00e3o dos meios de produ\u00e7\u00e3o.<\/p>\n<p>&#8220;A Boston Metal est\u00e1 muito feliz por ter escolhido Minas Gerais como sua casa no Brasil. Nossa empresa encontrou no Governo do Estado, por interm\u00e9dio da Invest Minas, total apoio e grande parceria a este projeto revolucion\u00e1rio de produ\u00e7\u00e3o de metais e suas ligas&#8221;, destacou o CEO da Boston Metal do Brasil, Itamar Resende.<\/p>\n<p>Fonte: Ag\u00eancia Minas<\/p>\n<\/div>\n<p><\/main><\/p>\n","protected":false},"excerpt":{"rendered":"<p>Como mais frutos da miss\u00e3o internacional realizada em 2023 pelo\u00a0Governo de Minas, a mineradora Boston Metal apresentou novidades para o estado em encontro realizado nesta sexta-feira (16\/5), em Nova Iorque, nos Estados Unidos. O an\u00fancio chega no \u00faltimo dia da miss\u00e3o internacional, liderada pelo vice-governador Mateus Sim\u00f5es, para apresentar o potencial de Minas Gerais, atraindo [&hellip;]<\/p>\n","protected":false},"author":246,"featured_media":228319,"comment_status":"closed","ping_status":"closed","sticky":false,"template":"","format":"standard","meta":{"footnotes":""},"categories":[436,261,254,439],"tags":[],"class_list":["post-228318","post","type-post","status-publish","format-standard","has-post-thumbnail","hentry","category-destaque-da-semana","category-economia","category-politica","category-ultima-hora"],"_links":{"self":[{"href":"https:\/\/diarioregionaldigital.com.br\/index.php?rest_route=\/wp\/v2\/posts\/228318","targetHints":{"allow":["GET"]}}],"collection":[{"href":"https:\/\/diarioregionaldigital.com.br\/index.php?rest_route=\/wp\/v2\/posts"}],"about":[{"href":"https:\/\/diarioregionaldigital.com.br\/index.php?rest_route=\/wp\/v2\/types\/post"}],"author":[{"embeddable":true,"href":"https:\/\/diarioregionaldigital.com.br\/index.php?rest_route=\/wp\/v2\/users\/246"}],"replies":[{"embeddable":true,"href":"https:\/\/diarioregionaldigital.com.br\/index.php?rest_route=%2Fwp%2Fv2%2Fcomments&post=228318"}],"version-history":[{"count":1,"href":"https:\/\/diarioregionaldigital.com.br\/index.php?rest_route=\/wp\/v2\/posts\/228318\/revisions"}],"predecessor-version":[{"id":228320,"href":"https:\/\/diarioregionaldigital.com.br\/index.php?rest_route=\/wp\/v2\/posts\/228318\/revisions\/228320"}],"wp:featuredmedia":[{"embeddable":true,"href":"https:\/\/diarioregionaldigital.com.br\/index.php?rest_route=\/wp\/v2\/media\/228319"}],"wp:attachment":[{"href":"https:\/\/diarioregionaldigital.com.br\/index.php?rest_route=%2Fwp%2Fv2%2Fmedia&parent=228318"}],"wp:term":[{"taxonomy":"category","embeddable":true,"href":"https:\/\/diarioregionaldigital.com.br\/index.php?rest_route=%2Fwp%2Fv2%2Fcategories&post=228318"},{"taxonomy":"post_tag","embeddable":true,"href":"https:\/\/diarioregionaldigital.com.br\/index.php?rest_route=%2Fwp%2Fv2%2Ftags&post=228318"}],"curies":[{"name":"wp","href":"https:\/\/api.w.org\/{rel}","templated":true}]}}