{"id":228315,"date":"2025-05-16T19:20:40","date_gmt":"2025-05-16T22:20:40","guid":{"rendered":"https:\/\/diarioregionaldigital.com.br\/?p=228315"},"modified":"2025-05-16T19:20:40","modified_gmt":"2025-05-16T22:20:40","slug":"governo-de-minas-se-reune-com-empresa-para-negociar-a-possivel-construcao-de-industria-de-biocombustivel-no-estado","status":"publish","type":"post","link":"https:\/\/diarioregionaldigital.com.br\/?p=228315","title":{"rendered":"Governo de Minas se re\u00fane com empresa para negociar a poss\u00edvel constru\u00e7\u00e3o de ind\u00fastria de biocombust\u00edvel no estado"},"content":{"rendered":"<p>Durante miss\u00e3o internacional em Nova Iorque, nos Estados Unidos, a comitiva do\u00a0<a href=\"https:\/\/www.mg.gov.br\/\" target=\"_blank\" rel=\"noopener\">Governo de Minas<\/a>, liderada pelo vice-governador, Mateus Sim\u00f5es, se reuniu com a Be8 Energia Renov\u00e1vel, empresa que atua na produ\u00e7\u00e3o de biodiesel, bioenergia e etanol, para discutir a viabilidade da implanta\u00e7\u00e3o de uma planta industrial no estado.<\/p>\n<p>O encontro aconteceu nessa sexta-feira (16\/5) e contou com a presen\u00e7a do CEO da empresa, Erasmo Battistella.<\/p>\n<p>O projeto da Be8 Energia Renov\u00e1vel prev\u00ea a instala\u00e7\u00e3o de uma planta industrial de biocombust\u00edveis e bioqu\u00edmica renov\u00e1vel no estado.<\/p>\n<table border=\"0\" cellspacing=\"1\" cellpadding=\"1\" align=\"center\">\n<tbody>\n<tr>\n<td colspan=\"5\"><img decoding=\"async\" src=\"https:\/\/www.agenciaminas.mg.gov.br\/ckeditor_assets\/pictures\/20949\/content_2_olho_topo.jpg\" alt=\"\" \/><\/td>\n<\/tr>\n<tr>\n<td><\/td>\n<td colspan=\"3\" rowspan=\"3\">\n<h1><strong>&#8220;A atra\u00e7\u00e3o de investimentos em empresas que atuam com biocombust\u00edvel e bioqu\u00edmica renov\u00e1vel \u00e9 fundamental para a transi\u00e7\u00e3o energ\u00e9tica no Estado. As tratativas para a chegada da Be8 impulsionam a descarboniza\u00e7\u00e3o e promovem a reciclagem, que est\u00e3o diretamente relacionadas \u00e0s nossas metas ambientais&#8221;, afirmou o vice-governador Mateus Sim\u00f5es.<\/strong><\/h1>\n<\/td>\n<td><\/td>\n<\/tr>\n<tr>\n<td><\/td>\n<td><\/td>\n<\/tr>\n<tr>\n<td><\/td>\n<td><\/td>\n<\/tr>\n<tr>\n<td colspan=\"5\"><img decoding=\"async\" src=\"https:\/\/www.agenciaminas.mg.gov.br\/ckeditor_assets\/pictures\/20950\/content_2_olho_inferior.jpg\" alt=\"\" \/><\/td>\n<\/tr>\n<\/tbody>\n<\/table>\n<p><strong>Contribui\u00e7\u00e3o para a sustentabilidade<\/strong><\/p>\n<p>A poss\u00edvel constru\u00e7\u00e3o desse projeto em Minas Gerais refor\u00e7a o compromisso do governo estadual com a sustentabilidade no estado, sobretudo na transi\u00e7\u00e3o energ\u00e9tica e economia verde.<\/p>\n<p>Caso se concretize, a atua\u00e7\u00e3o da empresa ser\u00e1 importante para a inser\u00e7\u00e3o de Minas na cadeia nacional e internacional de biocombust\u00edveis avan\u00e7ados; incentivar a atra\u00e7\u00e3o de tecnologia limpa, valor agregado e empregos qualificados; al\u00e9m de estar em sintonia com as pol\u00edticas estaduais de atra\u00e7\u00e3o de investimentos sustent\u00e1veis.<\/p>\n<p><strong>Sobre a Be8 Energia Renov\u00e1vel<\/strong><\/p>\n<p>A Be8 Energia Renov\u00e1vel \u2013 anteriormente BSBios\u00a0\u2013 \u00e9 uma empresa brasileira criada em abril de 2005, em Colorado, no Rio Grande do Sul, que atua no setor de biocombust\u00edveis e bioqu\u00edmica renov\u00e1vel, com produ\u00e7\u00e3o a partir de \u00f3leos vegetais e gordura animal.<\/p>\n<p>Atualmente, a sede da Be8 fica em Passo Fundo, e a empresa conta com unidades industriais no Paran\u00e1, Piau\u00ed, Mato Grosso e Par\u00e1, al\u00e9m de estar presente tamb\u00e9m no Paraguai e na Su\u00ed\u00e7a.<\/p>\n<p>Fonte: Ag\u00eancia Minas<\/p>\n","protected":false},"excerpt":{"rendered":"<p>Durante miss\u00e3o internacional em Nova Iorque, nos Estados Unidos, a comitiva do\u00a0Governo de Minas, liderada pelo vice-governador, Mateus Sim\u00f5es, se reuniu com a Be8 Energia Renov\u00e1vel, empresa que atua na produ\u00e7\u00e3o de biodiesel, bioenergia e etanol, para discutir a viabilidade da implanta\u00e7\u00e3o de uma planta industrial no estado. O encontro aconteceu nessa sexta-feira (16\/5) e [&hellip;]<\/p>\n","protected":false},"author":246,"featured_media":228316,"comment_status":"closed","ping_status":"closed","sticky":false,"template":"","format":"standard","meta":{"footnotes":""},"categories":[436,440,261,254,439],"tags":[],"class_list":["post-228315","post","type-post","status-publish","format-standard","has-post-thumbnail","hentry","category-destaque-da-semana","category-destaques-do-dia","category-economia","category-politica","category-ultima-hora"],"_links":{"self":[{"href":"https:\/\/diarioregionaldigital.com.br\/index.php?rest_route=\/wp\/v2\/posts\/228315","targetHints":{"allow":["GET"]}}],"collection":[{"href":"https:\/\/diarioregionaldigital.com.br\/index.php?rest_route=\/wp\/v2\/posts"}],"about":[{"href":"https:\/\/diarioregionaldigital.com.br\/index.php?rest_route=\/wp\/v2\/types\/post"}],"author":[{"embeddable":true,"href":"https:\/\/diarioregionaldigital.com.br\/index.php?rest_route=\/wp\/v2\/users\/246"}],"replies":[{"embeddable":true,"href":"https:\/\/diarioregionaldigital.com.br\/index.php?rest_route=%2Fwp%2Fv2%2Fcomments&post=228315"}],"version-history":[{"count":1,"href":"https:\/\/diarioregionaldigital.com.br\/index.php?rest_route=\/wp\/v2\/posts\/228315\/revisions"}],"predecessor-version":[{"id":228317,"href":"https:\/\/diarioregionaldigital.com.br\/index.php?rest_route=\/wp\/v2\/posts\/228315\/revisions\/228317"}],"wp:featuredmedia":[{"embeddable":true,"href":"https:\/\/diarioregionaldigital.com.br\/index.php?rest_route=\/wp\/v2\/media\/228316"}],"wp:attachment":[{"href":"https:\/\/diarioregionaldigital.com.br\/index.php?rest_route=%2Fwp%2Fv2%2Fmedia&parent=228315"}],"wp:term":[{"taxonomy":"category","embeddable":true,"href":"https:\/\/diarioregionaldigital.com.br\/index.php?rest_route=%2Fwp%2Fv2%2Fcategories&post=228315"},{"taxonomy":"post_tag","embeddable":true,"href":"https:\/\/diarioregionaldigital.com.br\/index.php?rest_route=%2Fwp%2Fv2%2Ftags&post=228315"}],"curies":[{"name":"wp","href":"https:\/\/api.w.org\/{rel}","templated":true}]}}