{"id":228312,"date":"2025-05-16T19:19:40","date_gmt":"2025-05-16T22:19:40","guid":{"rendered":"https:\/\/diarioregionaldigital.com.br\/?p=228312"},"modified":"2025-05-16T19:19:40","modified_gmt":"2025-05-16T22:19:40","slug":"minas-gerais-mantem-taxa-de-desemprego-abaixo-da-media-nacional-e-avanca-na-geracao-de-empregos","status":"publish","type":"post","link":"https:\/\/diarioregionaldigital.com.br\/?p=228312","title":{"rendered":"Minas Gerais mant\u00e9m taxa de desemprego abaixo da m\u00e9dia nacional e avan\u00e7a na gera\u00e7\u00e3o de empregos"},"content":{"rendered":"<p>De acordo com os dados da Pesquisa Nacional por Amostra de Domic\u00edlios Cont\u00ednua (PNAD Cont\u00ednua), divulgada nesta sexta-feira (16\/5), a taxa de desocupa\u00e7\u00e3o em Minas Gerais ficou em 5,7% no primeiro trimestre de 2025, abaixo da m\u00e9dia nacional que foi de 7%\u00a0no mesmo per\u00edodo.<\/p>\n<p>O resultado coloca Minas entre os estados com melhor desempenho no mercado de trabalho, \u00e0 frente inclusive de grandes economias, como S\u00e3o Paulo e Rio de Janeiro, que registraram taxas superiores, 6,2% e 9,3%, respectivamente. O n\u00famero tamb\u00e9m \u00e9 inferior \u00e0 taxa registrada na capital mineira, Belo Horizonte, que ficou em 6,1%.<\/p>\n<p>Para a diretora de Monitoramento e Articula\u00e7\u00e3o de Oportunidades de Trabalho da\u00a0<a id=\"OWAe47600c2-ae15-cb6e-e039-b5f3f7b309bb\" title=\"https:\/\/social.mg.gov.br\/\" href=\"https:\/\/social.mg.gov.br\/\" target=\"_blank\" rel=\"noopener noreferrer\" data-auth=\"NotApplicable\" data-linkindex=\"0\">Secretaria de Estado de Desenvolvimento Social (Sedese)<\/a>, Amanda Carvalho, o resultado \u00e9 comum para essa \u00e9poca do ano.<\/p>\n<p>\u201cA alta no in\u00edcio de cada ano \u00e9 um movimento sazonal e o principal motivo para esse cen\u00e1rio \u00e9 o fim dos empregos tempor\u00e1rios decorrentes das contrata\u00e7\u00f5es de fim de ano\u201d, ressalta. \u201cApesar da leve oscila\u00e7\u00e3o, Minas se mant\u00e9m em um patamar historicamente baixo e demonstra a resili\u00eancia da economia e da gera\u00e7\u00e3o de empregos\u201d, salienta a diretora.<\/p>\n<p>A taxa de 5,7% representa uma alta de 1,4 ponto percentual em rela\u00e7\u00e3o ao quarto trimestre de 2024, quando o \u00edndice atingiu o menor \u00edndice da hist\u00f3ria no estado (4,3%). Ainda assim, o n\u00famero \u00e9 menor do que o registrado no mesmo per\u00edodo do ano passado (6,3%). Desde o primeiro trimestre de 2021, quando o desemprego chegou a 13,9% em Minas, o estado vem registrando uma\u00a0trajet\u00f3ria consistente de queda\u00a0na desocupa\u00e7\u00e3o.<\/p>\n<p><b>Empregos em alta<\/b><\/p>\n<p>Apesar do aumento registrado nos tr\u00eas primeiros meses do ano, o n\u00edvel de ocupa\u00e7\u00e3o foi de 60,8%. Isso significa que mais da metade das pessoas em idade para trabalhar est\u00e3o empregadas atualmente em Minas Gerais, o que mostra a for\u00e7a do mercado de trabalho local, mesmo diante de oscila\u00e7\u00f5es conjunturais.<\/p>\n<p>Os \u00faltimos dados do Cadastro Geral de Empregados e Desempregados (Novo Caged), divulgados em abril, tamb\u00e9m refor\u00e7am o bom momento da economia mineira. Somente entre janeiro e mar\u00e7o de 2025, foram criadas 75.896 vagas com carteira assinada. No acumulado desde 2019, j\u00e1 s\u00e3o mais de 951 mil postos formais gerados no estado \u2014 o que aproxima Minas da meta de 1 milh\u00e3o de empregos at\u00e9 2026.<\/p>\n<p>\u201cO Governo de Minas tem trabalhado para criar um ambiente favor\u00e1vel ao trabalho e \u00e0 gera\u00e7\u00e3o de renda. A desburocratiza\u00e7\u00e3o da m\u00e1quina p\u00fablica e os investimentos em infraestrutura, al\u00e9m da qualifica\u00e7\u00e3o profissional t\u00eam sido fundamentais para atrair empresas, estimular o empreendedorismo e manter a empregabilidade em alta no estado\u201d, afirma a secret\u00e1ria de Estado de Desenvolvimento Social, Al\u00ea Portela.<\/p>\n<p><b>Investimento que gera emprego<\/b><\/p>\n<p>Esse cen\u00e1rio positivo tamb\u00e9m est\u00e1 atrelado ao volume recorde de investimentos privados atra\u00eddos por Minas Gerais. Desde 2019, o estado j\u00e1 contabiliza\u00a0mais de R$ 475\u00a0bilh\u00f5es em investimentos, com uma m\u00e9dia anual de R$ 80 bilh\u00f5es \u2014 valor significativamente superior aos R$ 11 bilh\u00f5es anuais registrados no per\u00edodo entre 1998 e 2018.<\/p>\n<p>Com uma pol\u00edtica de desenvolvimento voltada \u00e0 simplifica\u00e7\u00e3o, \u00e0 confian\u00e7a do investidor e \u00e0 valoriza\u00e7\u00e3o do trabalhador, Minas Gerais segue como um dos principais motores do crescimento econ\u00f4mico e da gera\u00e7\u00e3o de oportunidades no pa\u00eds.<\/p>\n<p>Fonte: Ag\u00eancia Minas<\/p>\n","protected":false},"excerpt":{"rendered":"<p>De acordo com os dados da Pesquisa Nacional por Amostra de Domic\u00edlios Cont\u00ednua (PNAD Cont\u00ednua), divulgada nesta sexta-feira (16\/5), a taxa de desocupa\u00e7\u00e3o em Minas Gerais ficou em 5,7% no primeiro trimestre de 2025, abaixo da m\u00e9dia nacional que foi de 7%\u00a0no mesmo per\u00edodo. O resultado coloca Minas entre os estados com melhor desempenho no [&hellip;]<\/p>\n","protected":false},"author":246,"featured_media":228313,"comment_status":"closed","ping_status":"closed","sticky":false,"template":"","format":"standard","meta":{"footnotes":""},"categories":[436,440,261,254,439],"tags":[],"class_list":["post-228312","post","type-post","status-publish","format-standard","has-post-thumbnail","hentry","category-destaque-da-semana","category-destaques-do-dia","category-economia","category-politica","category-ultima-hora"],"_links":{"self":[{"href":"https:\/\/diarioregionaldigital.com.br\/index.php?rest_route=\/wp\/v2\/posts\/228312","targetHints":{"allow":["GET"]}}],"collection":[{"href":"https:\/\/diarioregionaldigital.com.br\/index.php?rest_route=\/wp\/v2\/posts"}],"about":[{"href":"https:\/\/diarioregionaldigital.com.br\/index.php?rest_route=\/wp\/v2\/types\/post"}],"author":[{"embeddable":true,"href":"https:\/\/diarioregionaldigital.com.br\/index.php?rest_route=\/wp\/v2\/users\/246"}],"replies":[{"embeddable":true,"href":"https:\/\/diarioregionaldigital.com.br\/index.php?rest_route=%2Fwp%2Fv2%2Fcomments&post=228312"}],"version-history":[{"count":1,"href":"https:\/\/diarioregionaldigital.com.br\/index.php?rest_route=\/wp\/v2\/posts\/228312\/revisions"}],"predecessor-version":[{"id":228314,"href":"https:\/\/diarioregionaldigital.com.br\/index.php?rest_route=\/wp\/v2\/posts\/228312\/revisions\/228314"}],"wp:featuredmedia":[{"embeddable":true,"href":"https:\/\/diarioregionaldigital.com.br\/index.php?rest_route=\/wp\/v2\/media\/228313"}],"wp:attachment":[{"href":"https:\/\/diarioregionaldigital.com.br\/index.php?rest_route=%2Fwp%2Fv2%2Fmedia&parent=228312"}],"wp:term":[{"taxonomy":"category","embeddable":true,"href":"https:\/\/diarioregionaldigital.com.br\/index.php?rest_route=%2Fwp%2Fv2%2Fcategories&post=228312"},{"taxonomy":"post_tag","embeddable":true,"href":"https:\/\/diarioregionaldigital.com.br\/index.php?rest_route=%2Fwp%2Fv2%2Ftags&post=228312"}],"curies":[{"name":"wp","href":"https:\/\/api.w.org\/{rel}","templated":true}]}}