{"id":228298,"date":"2025-05-15T19:49:42","date_gmt":"2025-05-15T22:49:42","guid":{"rendered":"https:\/\/diarioregionaldigital.com.br\/?p=228298"},"modified":"2025-05-15T19:49:42","modified_gmt":"2025-05-15T22:49:42","slug":"fiscalizacao-apreende-mais-de-200-produtos-comercializados-irregularmente-pela-operacao-comercio-legal","status":"publish","type":"post","link":"https:\/\/diarioregionaldigital.com.br\/?p=228298","title":{"rendered":"Fiscaliza\u00e7\u00e3o apreende mais de 200 produtos comercializados irregularmente pela Opera\u00e7\u00e3o Com\u00e9rcio Legal"},"content":{"rendered":"<p>Segundo informa\u00e7\u00f5es do site da Prefeitura de Juiz de Fora (PJF), a PJF, por meio da Fiscaliza\u00e7\u00e3o da Secretaria de Desenvolvimento Urbano com Participa\u00e7\u00e3o Popular (SEDUPP) e da Guarda Municipal, realizou a apreens\u00e3o de 261 produtos que seriam comercializados de maneira irregular no Centro. A a\u00e7\u00e3o faz parte da opera\u00e7\u00e3o Com\u00e9rcio Legal que visa coibir a venda de produtos sem proced\u00eancia e garantir a seguran\u00e7a dos consumidores.<\/p>\n<p>Foram apreendidos 62 frascos de perfume, 28 queijos, 33 \u00f3culos, 54 isqueiros, 78 pe\u00e7as de roupas e seis acess\u00f3rios. Os produtos estavam sendo comercializados sem a devida licen\u00e7a da Prefeitura de Juiz de Fora e sem qualquer informa\u00e7\u00e3o sobre a origem, como nota fiscal,\u00a0ou composi\u00e7\u00e3o dos itens. A pr\u00e1tica representa um risco \u00e0 sa\u00fade dos consumidores, especialmente no caso de perfumes e queijos, que podem conter subst\u00e2ncias nocivas \u00e0 sa\u00fade.<\/p>\n<p>A venda de alimentos sem refrigera\u00e7\u00e3o adequada ou r\u00f3tulo com informa\u00e7\u00f5es essenciais, como data de validade e proced\u00eancia, podem provocar intoxica\u00e7\u00f5es e outros problemas de sa\u00fade. Al\u00e9m disso, a comercializa\u00e7\u00e3o irregular de produtos como \u00f3culos pode colocar em risco a integridade f\u00edsica dos consumidores, podendo causar problemas de vis\u00e3o.<\/p>\n","protected":false},"excerpt":{"rendered":"<p>Segundo informa\u00e7\u00f5es do site da Prefeitura de Juiz de Fora (PJF), a PJF, por meio da Fiscaliza\u00e7\u00e3o da Secretaria de Desenvolvimento Urbano com Participa\u00e7\u00e3o Popular (SEDUPP) e da Guarda Municipal, realizou a apreens\u00e3o de 261 produtos que seriam comercializados de maneira irregular no Centro. A a\u00e7\u00e3o faz parte da opera\u00e7\u00e3o Com\u00e9rcio Legal que visa coibir [&hellip;]<\/p>\n","protected":false},"author":246,"featured_media":228299,"comment_status":"closed","ping_status":"closed","sticky":false,"template":"","format":"standard","meta":{"footnotes":""},"categories":[253,436,440,439],"tags":[],"class_list":["post-228298","post","type-post","status-publish","format-standard","has-post-thumbnail","hentry","category-cidade","category-destaque-da-semana","category-destaques-do-dia","category-ultima-hora"],"_links":{"self":[{"href":"https:\/\/diarioregionaldigital.com.br\/index.php?rest_route=\/wp\/v2\/posts\/228298","targetHints":{"allow":["GET"]}}],"collection":[{"href":"https:\/\/diarioregionaldigital.com.br\/index.php?rest_route=\/wp\/v2\/posts"}],"about":[{"href":"https:\/\/diarioregionaldigital.com.br\/index.php?rest_route=\/wp\/v2\/types\/post"}],"author":[{"embeddable":true,"href":"https:\/\/diarioregionaldigital.com.br\/index.php?rest_route=\/wp\/v2\/users\/246"}],"replies":[{"embeddable":true,"href":"https:\/\/diarioregionaldigital.com.br\/index.php?rest_route=%2Fwp%2Fv2%2Fcomments&post=228298"}],"version-history":[{"count":1,"href":"https:\/\/diarioregionaldigital.com.br\/index.php?rest_route=\/wp\/v2\/posts\/228298\/revisions"}],"predecessor-version":[{"id":228300,"href":"https:\/\/diarioregionaldigital.com.br\/index.php?rest_route=\/wp\/v2\/posts\/228298\/revisions\/228300"}],"wp:featuredmedia":[{"embeddable":true,"href":"https:\/\/diarioregionaldigital.com.br\/index.php?rest_route=\/wp\/v2\/media\/228299"}],"wp:attachment":[{"href":"https:\/\/diarioregionaldigital.com.br\/index.php?rest_route=%2Fwp%2Fv2%2Fmedia&parent=228298"}],"wp:term":[{"taxonomy":"category","embeddable":true,"href":"https:\/\/diarioregionaldigital.com.br\/index.php?rest_route=%2Fwp%2Fv2%2Fcategories&post=228298"},{"taxonomy":"post_tag","embeddable":true,"href":"https:\/\/diarioregionaldigital.com.br\/index.php?rest_route=%2Fwp%2Fv2%2Ftags&post=228298"}],"curies":[{"name":"wp","href":"https:\/\/api.w.org\/{rel}","templated":true}]}}