{"id":228286,"date":"2025-05-15T19:42:17","date_gmt":"2025-05-15T22:42:17","guid":{"rendered":"https:\/\/diarioregionaldigital.com.br\/?p=228286"},"modified":"2025-05-15T19:42:17","modified_gmt":"2025-05-15T22:42:17","slug":"governo-de-minas-amplia-para-170-o-numero-de-nomeacoes-de-aprovados-no-concurso-para-agente-de-seguranca-socioeducativo","status":"publish","type":"post","link":"https:\/\/diarioregionaldigital.com.br\/?p=228286","title":{"rendered":"Governo de Minas amplia para 170 o n\u00famero de nomea\u00e7\u00f5es de aprovados no concurso para Agente de Seguran\u00e7a Socioeducativo"},"content":{"rendered":"<p><main class=\"clear margin-md-bottom-3\"><\/p>\n<div class=\"clear col-md-10 col-md-offset-1 \">\n<p>O\u00a0<a href=\"https:\/\/www.mg.gov.br\/\" target=\"_blank\" rel=\"noopener\">Governo de Minas<\/a>\u00a0anuncia que ampliar\u00e1 para 170 o n\u00famero de nomea\u00e7\u00f5es de aprovados no Concurso P\u00fablico para o cargo de Agente de Seguran\u00e7a Socioeducativo, regido pelo Edital 01\/2022.<\/p>\n<p>Nesta primeira etapa, ser\u00e3o nomeados mais 98 candidatos, al\u00e9m dos 72 inicialmente previstos, respeitando a ordem de classifica\u00e7\u00e3o, com a publica\u00e7\u00e3o dos atos de nomea\u00e7\u00e3o prevista ocorrer ainda neste m\u00eas de maio, no Di\u00e1rio Oficial do Estado.<\/p>\n<p>As demais nomea\u00e7\u00f5es ocorrer\u00e3o ao longo da validade do concurso, de acordo com as necessidades do sistema socioeducativo e as condi\u00e7\u00f5es administrativas.<\/p>\n<p>Informa\u00e7\u00f5es sobre as pr\u00f3ximas etapas ser\u00e3o disponibilizadas nos canais oficiais da\u00a0<a href=\"https:\/\/www.seguranca.mg.gov.br\/\" target=\"_blank\" rel=\"noopener\">Secretaria de Estado de Justi\u00e7a e Seguran\u00e7a P\u00fablica (Sejusp)<\/a>\u00a0e da\u00a0<a href=\"https:\/\/www.mg.gov.br\/planejamento\" target=\"_blank\" rel=\"noopener\">Secretaria de Estado de Planejamento e Gest\u00e3o (Seplag)<\/a>.<\/p>\n<p>O Governo de Minas reafirma, desta forma seu compromisso com a valoriza\u00e7\u00e3o dos profissionais e com a seguran\u00e7a p\u00fablica, sempre com responsabilidade e respeito \u00e0s diretrizes fiscais vigentes.<\/p>\n<p>Considerando especificamente o Sistema Socioeducativo, o atendimento oferecido por meio da gest\u00e3o direta aos jovens com medida socioeducativa, entre 2021 e 2024, teve aumento de 19% no acesso ao ensino, de 8% no oferecimento de oficinas, de 7% no acesso ao esporte e lazer e de 18% na profissionaliza\u00e7\u00e3o de jovens que cumprem medida socioeducativa em unidades mineiras. Al\u00e9m disso, 59 novos ve\u00edculos foram disponibilizados pelo estado ao sistema.<\/p>\n<p>Fonte: Ag\u00eancia Minas<\/p>\n<\/div>\n<p><\/main><\/p>\n","protected":false},"excerpt":{"rendered":"<p>O\u00a0Governo de Minas\u00a0anuncia que ampliar\u00e1 para 170 o n\u00famero de nomea\u00e7\u00f5es de aprovados no Concurso P\u00fablico para o cargo de Agente de Seguran\u00e7a Socioeducativo, regido pelo Edital 01\/2022. Nesta primeira etapa, ser\u00e3o nomeados mais 98 candidatos, al\u00e9m dos 72 inicialmente previstos, respeitando a ordem de classifica\u00e7\u00e3o, com a publica\u00e7\u00e3o dos atos de nomea\u00e7\u00e3o prevista ocorrer [&hellip;]<\/p>\n","protected":false},"author":246,"featured_media":228287,"comment_status":"closed","ping_status":"closed","sticky":false,"template":"","format":"standard","meta":{"footnotes":""},"categories":[436,261,254,439],"tags":[],"class_list":["post-228286","post","type-post","status-publish","format-standard","has-post-thumbnail","hentry","category-destaque-da-semana","category-economia","category-politica","category-ultima-hora"],"_links":{"self":[{"href":"https:\/\/diarioregionaldigital.com.br\/index.php?rest_route=\/wp\/v2\/posts\/228286","targetHints":{"allow":["GET"]}}],"collection":[{"href":"https:\/\/diarioregionaldigital.com.br\/index.php?rest_route=\/wp\/v2\/posts"}],"about":[{"href":"https:\/\/diarioregionaldigital.com.br\/index.php?rest_route=\/wp\/v2\/types\/post"}],"author":[{"embeddable":true,"href":"https:\/\/diarioregionaldigital.com.br\/index.php?rest_route=\/wp\/v2\/users\/246"}],"replies":[{"embeddable":true,"href":"https:\/\/diarioregionaldigital.com.br\/index.php?rest_route=%2Fwp%2Fv2%2Fcomments&post=228286"}],"version-history":[{"count":1,"href":"https:\/\/diarioregionaldigital.com.br\/index.php?rest_route=\/wp\/v2\/posts\/228286\/revisions"}],"predecessor-version":[{"id":228288,"href":"https:\/\/diarioregionaldigital.com.br\/index.php?rest_route=\/wp\/v2\/posts\/228286\/revisions\/228288"}],"wp:featuredmedia":[{"embeddable":true,"href":"https:\/\/diarioregionaldigital.com.br\/index.php?rest_route=\/wp\/v2\/media\/228287"}],"wp:attachment":[{"href":"https:\/\/diarioregionaldigital.com.br\/index.php?rest_route=%2Fwp%2Fv2%2Fmedia&parent=228286"}],"wp:term":[{"taxonomy":"category","embeddable":true,"href":"https:\/\/diarioregionaldigital.com.br\/index.php?rest_route=%2Fwp%2Fv2%2Fcategories&post=228286"},{"taxonomy":"post_tag","embeddable":true,"href":"https:\/\/diarioregionaldigital.com.br\/index.php?rest_route=%2Fwp%2Fv2%2Ftags&post=228286"}],"curies":[{"name":"wp","href":"https:\/\/api.w.org\/{rel}","templated":true}]}}