{"id":228283,"date":"2025-05-15T19:41:17","date_gmt":"2025-05-15T22:41:17","guid":{"rendered":"https:\/\/diarioregionaldigital.com.br\/?p=228283"},"modified":"2025-05-15T19:41:17","modified_gmt":"2025-05-15T22:41:17","slug":"governo-de-minas-vistoria-escola-municipal-beneficiada-pelo-projeto-maos-dadas-em-aguas-vermelhas","status":"publish","type":"post","link":"https:\/\/diarioregionaldigital.com.br\/?p=228283","title":{"rendered":"Governo de Minas vistoria escola municipal beneficiada pelo Projeto M\u00e3os Dadas em \u00c1guas Vermelhas"},"content":{"rendered":"<p><main class=\"clear margin-md-bottom-3\"><\/p>\n<div class=\"clear \">\n<p>O governador Romeu Zema vistoriou as obras de reforma e amplia\u00e7\u00e3o da Escola Municipal Esperidi\u00e3o Ferreira de Oliveira, em \u00c1guas Vermelhas, no Norte de Minas, nesta quinta-feira (15\/5).<\/p>\n<p>A unidade de ensino recebeu R$ 1,1 milh\u00e3o do\u00a0<a href=\"https:\/\/www.mg.gov.br\/\" target=\"_blank\" rel=\"noopener\">Governo de Minas<\/a>, por meio do Projeto M\u00e3os Dadas, iniciativa da\u00a0<a href=\"https:\/\/www.educacao.mg.gov.br\/\" target=\"_blank\" rel=\"noopener\">Secretaria de Estado de Educa\u00e7\u00e3o de Minas Gerais (SEE\/MG)<\/a>, recurso empregado nas reformas do pr\u00e9dio escolar, que tamb\u00e9m foi ampliado, e da quadra poliesportiva.<\/p>\n<table border=\"0\" cellspacing=\"1\" cellpadding=\"1\" align=\"center\">\n<tbody>\n<tr>\n<td colspan=\"5\"><img decoding=\"async\" src=\"https:\/\/www.agenciaminas.mg.gov.br\/ckeditor_assets\/pictures\/20949\/content_2_olho_topo.jpg\" alt=\"\" \/><\/td>\n<\/tr>\n<tr>\n<td><\/td>\n<td colspan=\"3\" rowspan=\"3\">\n<h1><strong>&#8220;\u00c9 muito bom ver a educa\u00e7\u00e3o melhorar em Minas Gerais e conhecer uma escola como esta, que passou por melhorias recentes, que est\u00e1 bonita,\u00a0fico feliz de ver esses avan\u00e7os. Parab\u00e9ns \u00e0 diretora, \u00e0s professoras daqui da escola, por tudo que voc\u00eas t\u00eam conquistado em prol dos alunos&#8221;, destacou Romeu Zema.<\/strong><\/h1>\n<\/td>\n<td><\/td>\n<\/tr>\n<tr>\n<td><\/td>\n<td><\/td>\n<\/tr>\n<tr>\n<td><\/td>\n<td><\/td>\n<\/tr>\n<tr>\n<td colspan=\"5\"><img decoding=\"async\" src=\"https:\/\/www.agenciaminas.mg.gov.br\/ckeditor_assets\/pictures\/20950\/content_2_olho_inferior.jpg\" alt=\"\" \/><\/td>\n<\/tr>\n<\/tbody>\n<\/table>\n<p>O munic\u00edpio de \u00c1guas Vermelhas aderiu ao Projeto M\u00e3os Dadas em 2022 e incorporou 487 matr\u00edculas dos anos iniciais do ensino fundamental, resultando em um total de R$ 3,1 milh\u00f5es em recursos do Governo de Minas. Al\u00e9m da Escola Municipal Esperidi\u00e3o Ferreira de Oliveira, o munic\u00edpio recebeu recursos para amplia\u00e7\u00e3o da Escola Municipal Branca de Neve e reforma geral da Escola Municipal Sebasti\u00e3o Vaz da Costa.<\/p>\n<p><strong>Projeto M\u00e3os Dadas<\/strong><\/p>\n<p>Lan\u00e7ado em 2021, o projeto visa fortalecer a colabora\u00e7\u00e3o entre o Estado e os munic\u00edpios na gest\u00e3o do ensino p\u00fablico. Enquanto as matr\u00edculas dos anos iniciais do ensino fundamental s\u00e3o absorvidas pelos munic\u00edpios, o Estado investe em infraestrutura, apoio pedag\u00f3gico e recursos diversos.<\/p>\n<p>Em todo o estado, o M\u00e3os Dadas j\u00e1 destinou mais de R$ 1,5 bilh\u00e3o a 163 munic\u00edpios, beneficiando cerca de 64 mil matr\u00edculas.<\/p>\n<p>Os resultados incluem a constru\u00e7\u00e3o de 194 escolas e creches, 424 reformas e amplia\u00e7\u00f5es, a entrega de mobili\u00e1rios e equipamentos a 345 escolas e a aquisi\u00e7\u00e3o de 93 ve\u00edculos para o transporte escolar. O projeto tamb\u00e9m prev\u00ea a cess\u00e3o de im\u00f3veis e a adjun\u00e7\u00e3o de professores estaduais aos munic\u00edpios.<\/p>\n<p><strong>Cachoeira de Paje\u00fa,\u00a0Divisa Alegre e Curral de Dentro<\/strong><\/p>\n<p>O governador tamb\u00e9m vistoriou, nesta quinta-feira (15\/5), a Unidade B\u00e1sica de Sa\u00fade Iderval Ferraz Mendes \u201cGarap\u00e3o\u201d (UBS Alto do Reis), em Cachoeira de Paje\u00fa. Inaugurado\u00a0h\u00e1 pouco mais de um ano, o local acolhe os mais de 9,1 mil cachoeirenses que residem no munic\u00edpio.<\/p>\n<table border=\"0\" cellspacing=\"1\" cellpadding=\"1\" align=\"center\">\n<tbody>\n<tr>\n<td colspan=\"5\"><img decoding=\"async\" src=\"https:\/\/www.agenciaminas.mg.gov.br\/ckeditor_assets\/pictures\/20949\/content_2_olho_topo.jpg\" alt=\"\" \/><\/td>\n<\/tr>\n<tr>\n<td><\/td>\n<td colspan=\"3\" rowspan=\"3\">\n<h1><strong>&#8220;Essa UBS \u00e9 uma obra que ficou parada aqui por oito anos, o mesmo aconteceu em v\u00e1rias outras cidades de Minas e, agora, estamos dando um jeito no nosso estado, com muito trabalho e muita disciplina&#8221;, ressaltou o governador Romeu Zema.<\/strong><\/h1>\n<\/td>\n<td><\/td>\n<\/tr>\n<tr>\n<td><\/td>\n<td><\/td>\n<\/tr>\n<tr>\n<td><\/td>\n<td><\/td>\n<\/tr>\n<tr>\n<td colspan=\"5\"><img decoding=\"async\" src=\"https:\/\/www.agenciaminas.mg.gov.br\/ckeditor_assets\/pictures\/20950\/content_2_olho_inferior.jpg\" alt=\"\" \/><\/td>\n<\/tr>\n<\/tbody>\n<\/table>\n<p>Ainda na regi\u00e3o Norte do estado, o governador esteve nas cidades de Divisa Alegre e Curral de Dentro, onde se reuniu com lideran\u00e7as, produtores rurais e representantes da sociedade civil. Zema apresentou os avan\u00e7os realizados pelo Governo de Minas nas \u00e1reas da sa\u00fade, educa\u00e7\u00e3o, infraestrutura e desenvolvimento econ\u00f4mico.<\/p>\n<p>Fonte: Ag\u00eancia Minas<\/p>\n<\/div>\n<p><\/main><\/p>\n","protected":false},"excerpt":{"rendered":"<p>O governador Romeu Zema vistoriou as obras de reforma e amplia\u00e7\u00e3o da Escola Municipal Esperidi\u00e3o Ferreira de Oliveira, em \u00c1guas Vermelhas, no Norte de Minas, nesta quinta-feira (15\/5). A unidade de ensino recebeu R$ 1,1 milh\u00e3o do\u00a0Governo de Minas, por meio do Projeto M\u00e3os Dadas, iniciativa da\u00a0Secretaria de Estado de Educa\u00e7\u00e3o de Minas Gerais (SEE\/MG), [&hellip;]<\/p>\n","protected":false},"author":246,"featured_media":228284,"comment_status":"closed","ping_status":"closed","sticky":false,"template":"","format":"standard","meta":{"footnotes":""},"categories":[436,440,261,254,439],"tags":[],"class_list":["post-228283","post","type-post","status-publish","format-standard","has-post-thumbnail","hentry","category-destaque-da-semana","category-destaques-do-dia","category-economia","category-politica","category-ultima-hora"],"_links":{"self":[{"href":"https:\/\/diarioregionaldigital.com.br\/index.php?rest_route=\/wp\/v2\/posts\/228283","targetHints":{"allow":["GET"]}}],"collection":[{"href":"https:\/\/diarioregionaldigital.com.br\/index.php?rest_route=\/wp\/v2\/posts"}],"about":[{"href":"https:\/\/diarioregionaldigital.com.br\/index.php?rest_route=\/wp\/v2\/types\/post"}],"author":[{"embeddable":true,"href":"https:\/\/diarioregionaldigital.com.br\/index.php?rest_route=\/wp\/v2\/users\/246"}],"replies":[{"embeddable":true,"href":"https:\/\/diarioregionaldigital.com.br\/index.php?rest_route=%2Fwp%2Fv2%2Fcomments&post=228283"}],"version-history":[{"count":1,"href":"https:\/\/diarioregionaldigital.com.br\/index.php?rest_route=\/wp\/v2\/posts\/228283\/revisions"}],"predecessor-version":[{"id":228285,"href":"https:\/\/diarioregionaldigital.com.br\/index.php?rest_route=\/wp\/v2\/posts\/228283\/revisions\/228285"}],"wp:featuredmedia":[{"embeddable":true,"href":"https:\/\/diarioregionaldigital.com.br\/index.php?rest_route=\/wp\/v2\/media\/228284"}],"wp:attachment":[{"href":"https:\/\/diarioregionaldigital.com.br\/index.php?rest_route=%2Fwp%2Fv2%2Fmedia&parent=228283"}],"wp:term":[{"taxonomy":"category","embeddable":true,"href":"https:\/\/diarioregionaldigital.com.br\/index.php?rest_route=%2Fwp%2Fv2%2Fcategories&post=228283"},{"taxonomy":"post_tag","embeddable":true,"href":"https:\/\/diarioregionaldigital.com.br\/index.php?rest_route=%2Fwp%2Fv2%2Ftags&post=228283"}],"curies":[{"name":"wp","href":"https:\/\/api.w.org\/{rel}","templated":true}]}}