{"id":228275,"date":"2025-05-14T20:08:23","date_gmt":"2025-05-14T23:08:23","guid":{"rendered":"https:\/\/diarioregionaldigital.com.br\/?p=228275"},"modified":"2025-05-14T20:08:23","modified_gmt":"2025-05-14T23:08:23","slug":"pjf-e-pm-fazem-acao-conjunta-em-ferro-velho-nessa-quarta14","status":"publish","type":"post","link":"https:\/\/diarioregionaldigital.com.br\/?p=228275","title":{"rendered":"PJF e PM fazem a\u00e7\u00e3o conjunta em ferro-velho nessa quarta,14"},"content":{"rendered":"<p>Segundo informa\u00e7\u00f5es do site da Prefeitura de Juiz de Fora (PJF), nesta quarta-feira, 14, a Prefeitura de Juiz de Fora (PJF), por meio da Fiscaliza\u00e7\u00e3o de Posturas e a Guarda Municipal, e Pol\u00edcia Militar de Minas Gerais (PMMG) fiscalizaram um ferro-velho no bairro Costa Carvalho. A opera\u00e7\u00e3o teve como objetivo verificar a origem dos materiais de cobre comercializados, assegurando a legalidade dos produtos e coibindo a circula\u00e7\u00e3o de itens de proced\u00eancia duvidosa.<\/p>\n<p>Durante a a\u00e7\u00e3o, os fiscais exigiram o cadastro da proced\u00eancia dos materiais e identificaram irregularidades no local. Foi emitido um auto de notifica\u00e7\u00e3o para manuten\u00e7\u00e3o e limpeza da \u00e1rea, al\u00e9m de orienta\u00e7\u00f5es para evitar o ac\u00famulo de materiais expostos \u00e0 \u00e1gua da chuva, que podem atrair focos do mosquito Aedes aegypti.<\/p>\n<p>Os respons\u00e1veis pelo estabelecimento tamb\u00e9m foram instru\u00eddos a n\u00e3o obstruir o espa\u00e7o p\u00fablico com sucatas, lixo e outros objetos, de modo a garantir o ordenamento urbano e o cumprimento das normas de uso e ocupa\u00e7\u00e3o do solo. A popula\u00e7\u00e3o pode realizar den\u00fancias pelo Whatsapp da Fiscaliza\u00e7\u00e3o (32) 3690-7984.<\/p>\n","protected":false},"excerpt":{"rendered":"<p>Segundo informa\u00e7\u00f5es do site da Prefeitura de Juiz de Fora (PJF), nesta quarta-feira, 14, a Prefeitura de Juiz de Fora (PJF), por meio da Fiscaliza\u00e7\u00e3o de Posturas e a Guarda Municipal, e Pol\u00edcia Militar de Minas Gerais (PMMG) fiscalizaram um ferro-velho no bairro Costa Carvalho. A opera\u00e7\u00e3o teve como objetivo verificar a origem dos materiais [&hellip;]<\/p>\n","protected":false},"author":246,"featured_media":228276,"comment_status":"closed","ping_status":"closed","sticky":false,"template":"","format":"standard","meta":{"footnotes":""},"categories":[253,436,439],"tags":[],"class_list":["post-228275","post","type-post","status-publish","format-standard","has-post-thumbnail","hentry","category-cidade","category-destaque-da-semana","category-ultima-hora"],"_links":{"self":[{"href":"https:\/\/diarioregionaldigital.com.br\/index.php?rest_route=\/wp\/v2\/posts\/228275","targetHints":{"allow":["GET"]}}],"collection":[{"href":"https:\/\/diarioregionaldigital.com.br\/index.php?rest_route=\/wp\/v2\/posts"}],"about":[{"href":"https:\/\/diarioregionaldigital.com.br\/index.php?rest_route=\/wp\/v2\/types\/post"}],"author":[{"embeddable":true,"href":"https:\/\/diarioregionaldigital.com.br\/index.php?rest_route=\/wp\/v2\/users\/246"}],"replies":[{"embeddable":true,"href":"https:\/\/diarioregionaldigital.com.br\/index.php?rest_route=%2Fwp%2Fv2%2Fcomments&post=228275"}],"version-history":[{"count":1,"href":"https:\/\/diarioregionaldigital.com.br\/index.php?rest_route=\/wp\/v2\/posts\/228275\/revisions"}],"predecessor-version":[{"id":228277,"href":"https:\/\/diarioregionaldigital.com.br\/index.php?rest_route=\/wp\/v2\/posts\/228275\/revisions\/228277"}],"wp:featuredmedia":[{"embeddable":true,"href":"https:\/\/diarioregionaldigital.com.br\/index.php?rest_route=\/wp\/v2\/media\/228276"}],"wp:attachment":[{"href":"https:\/\/diarioregionaldigital.com.br\/index.php?rest_route=%2Fwp%2Fv2%2Fmedia&parent=228275"}],"wp:term":[{"taxonomy":"category","embeddable":true,"href":"https:\/\/diarioregionaldigital.com.br\/index.php?rest_route=%2Fwp%2Fv2%2Fcategories&post=228275"},{"taxonomy":"post_tag","embeddable":true,"href":"https:\/\/diarioregionaldigital.com.br\/index.php?rest_route=%2Fwp%2Fv2%2Ftags&post=228275"}],"curies":[{"name":"wp","href":"https:\/\/api.w.org\/{rel}","templated":true}]}}