{"id":228272,"date":"2025-05-14T20:07:18","date_gmt":"2025-05-14T23:07:18","guid":{"rendered":"https:\/\/diarioregionaldigital.com.br\/?p=228272"},"modified":"2025-05-14T20:07:18","modified_gmt":"2025-05-14T23:07:18","slug":"sala-do-empreendedor-de-juiz-de-fora-realizou-quase-24-mil-atendimentos-no-primeiro-quadrimestre-do-ano","status":"publish","type":"post","link":"https:\/\/diarioregionaldigital.com.br\/?p=228272","title":{"rendered":"Sala do Empreendedor de Juiz de Fora realizou quase 24 mil atendimentos no primeiro quadrimestre do ano"},"content":{"rendered":"<p>Segundo informa\u00e7\u00f5es do site da Prefeitura de Juiz de Fora (PJF), a Sala do Empreendedor de Juiz de Fora realizou 23.900 atendimentos, de janeiro a abril de 2025, entre presenciais, online e aqueles realizados por telefone. Entre as principais demandas, destacam-se os atendimentos a Microempreendedores Individuais e registro de atendimento da rede do Sebrae (5.122); pedidos de renova\u00e7\u00e3o (5.057 conclu\u00eddos); inscri\u00e7\u00e3o e altera\u00e7\u00e3o de licenciamento (1137\/1119, respectivamente).<\/p>\n<div id=\"box_texto_noticia\">\n<p>O coordenador da Sala, Jo\u00e3o Paulo Xavier Pires, destaca que o n\u00famero de atendimentos quase dobrou em rela\u00e7\u00e3o ao mesmo per\u00edodo de 2024, quando foram realizados 13.430 atendimentos. \u201cO aumento no n\u00famero de atendimentos mostra que a Sala vem se consolidando como um ponto de apoio importante para quem empreende na cidade. Isso tamb\u00e9m reflete o empenho da equipe em facilitar o acesso aos servi\u00e7os e garantir um bom atendimento\u201d, destaca.<\/p>\n<p>A Sala ainda realizou cinco capacita\u00e7\u00f5es no primeiro quadrimestre de 2025, atendendo mais de 73 pessoas. Entre os temas,\u00a0finan\u00e7as pessoais e empresariais; licenciamento e controles financeiros e estrat\u00e9gias de vendas.<\/p>\n<p><strong>Mudan\u00e7a de endere\u00e7o<\/strong><\/p>\n<p>A Sala do Empreendedor de Juiz de Fora mudou de endere\u00e7o. Atualmente, o atendimento presencial e online ocorre na Avenida Rio Branco, 3520, Alto dos Passos. O funcionamento \u00e9 das 8h \u00e0s 12h e das 13h \u00e0s 17h, e o atendimento online pode ser feito pelo WhatsApp (2104-8550).<\/p>\n<div><\/div>\n<\/div>\n<p>&nbsp;<\/p>\n","protected":false},"excerpt":{"rendered":"<p>Segundo informa\u00e7\u00f5es do site da Prefeitura de Juiz de Fora (PJF), a Sala do Empreendedor de Juiz de Fora realizou 23.900 atendimentos, de janeiro a abril de 2025, entre presenciais, online e aqueles realizados por telefone. Entre as principais demandas, destacam-se os atendimentos a Microempreendedores Individuais e registro de atendimento da rede do Sebrae (5.122); [&hellip;]<\/p>\n","protected":false},"author":246,"featured_media":228273,"comment_status":"closed","ping_status":"closed","sticky":false,"template":"","format":"standard","meta":{"footnotes":""},"categories":[253,436,440,439],"tags":[],"class_list":["post-228272","post","type-post","status-publish","format-standard","has-post-thumbnail","hentry","category-cidade","category-destaque-da-semana","category-destaques-do-dia","category-ultima-hora"],"_links":{"self":[{"href":"https:\/\/diarioregionaldigital.com.br\/index.php?rest_route=\/wp\/v2\/posts\/228272","targetHints":{"allow":["GET"]}}],"collection":[{"href":"https:\/\/diarioregionaldigital.com.br\/index.php?rest_route=\/wp\/v2\/posts"}],"about":[{"href":"https:\/\/diarioregionaldigital.com.br\/index.php?rest_route=\/wp\/v2\/types\/post"}],"author":[{"embeddable":true,"href":"https:\/\/diarioregionaldigital.com.br\/index.php?rest_route=\/wp\/v2\/users\/246"}],"replies":[{"embeddable":true,"href":"https:\/\/diarioregionaldigital.com.br\/index.php?rest_route=%2Fwp%2Fv2%2Fcomments&post=228272"}],"version-history":[{"count":1,"href":"https:\/\/diarioregionaldigital.com.br\/index.php?rest_route=\/wp\/v2\/posts\/228272\/revisions"}],"predecessor-version":[{"id":228274,"href":"https:\/\/diarioregionaldigital.com.br\/index.php?rest_route=\/wp\/v2\/posts\/228272\/revisions\/228274"}],"wp:featuredmedia":[{"embeddable":true,"href":"https:\/\/diarioregionaldigital.com.br\/index.php?rest_route=\/wp\/v2\/media\/228273"}],"wp:attachment":[{"href":"https:\/\/diarioregionaldigital.com.br\/index.php?rest_route=%2Fwp%2Fv2%2Fmedia&parent=228272"}],"wp:term":[{"taxonomy":"category","embeddable":true,"href":"https:\/\/diarioregionaldigital.com.br\/index.php?rest_route=%2Fwp%2Fv2%2Fcategories&post=228272"},{"taxonomy":"post_tag","embeddable":true,"href":"https:\/\/diarioregionaldigital.com.br\/index.php?rest_route=%2Fwp%2Fv2%2Ftags&post=228272"}],"curies":[{"name":"wp","href":"https:\/\/api.w.org\/{rel}","templated":true}]}}