{"id":228254,"date":"2025-05-14T19:51:47","date_gmt":"2025-05-14T22:51:47","guid":{"rendered":"https:\/\/diarioregionaldigital.com.br\/?p=228254"},"modified":"2025-05-14T19:51:47","modified_gmt":"2025-05-14T22:51:47","slug":"minas-gerais-fecha-primeiros-quatro-meses-de-2025-com-us-138-bilhoes-em-exportacoes","status":"publish","type":"post","link":"https:\/\/diarioregionaldigital.com.br\/?p=228254","title":{"rendered":"Minas Gerais fecha primeiros quatro meses de 2025 com US$ 13,8 bilh\u00f5es em exporta\u00e7\u00f5es"},"content":{"rendered":"<p>Minas Gerais se mant\u00e9m como o segundo maior exportador do Brasil, somando US$ 13,8 bilh\u00f5es nos quatro primeiros meses do ano. O valor representa um aumento de 2% frente ao mesmo per\u00edodo de 2024.<\/p>\n<p>O estado, que \u00e9 respons\u00e1vel por 12,8% das exporta\u00e7\u00f5es nacionais, obteve super\u00e1vit de US$ 8 bilh\u00f5es na balan\u00e7a comercial at\u00e9 abril. No per\u00edodo, as importa\u00e7\u00f5es somaram US$ 5,8 bilh\u00f5es, com crescimento de 18% em rela\u00e7\u00e3o ao primeiro quadrimestre do ano anterior. Assim, Minas Gerais se manteve como quinto principal importador do Brasil.<\/p>\n<p>Segundo dados do Minist\u00e9rio do Desenvolvimento, Ind\u00fastria, Com\u00e9rcio e Servi\u00e7os (MDIC), o fluxo comercial \u2013 soma das exporta\u00e7\u00f5es e importa\u00e7\u00f5es \u2013 de Minas totalizou US$ 19,6 bilh\u00f5es, com aumento de 6,3% frente ao mesmo per\u00edodo do ano anterior, sendo o terceiro maior do Brasil.<\/p>\n<table border=\"0\" cellspacing=\"1\" cellpadding=\"1\" align=\"center\">\n<tbody>\n<tr>\n<td colspan=\"5\"><img decoding=\"async\" src=\"https:\/\/www.agenciaminas.mg.gov.br\/ckeditor_assets\/pictures\/20949\/content_2_olho_topo.jpg\" alt=\"\" \/><\/td>\n<\/tr>\n<tr>\n<td><\/td>\n<td colspan=\"3\" rowspan=\"3\">\n<h1><strong>&#8220;Na minha gest\u00e3o, temos procurado\u00a0investir em pol\u00edticas p\u00fablicas consistentes para facilitar a entrada e expans\u00e3o de empreendimentos em Minas, al\u00e9m de fortalecer as rela\u00e7\u00f5es comerciais com outros pa\u00edses. O aumento das vendas ao exterior mostra tamb\u00e9m a qualidade dos produtos mineiros, como o caf\u00e9&#8221;, salientou o governador Romeu Zema.<\/strong><\/h1>\n<\/td>\n<td><\/td>\n<\/tr>\n<tr>\n<td><\/td>\n<td><\/td>\n<\/tr>\n<tr>\n<td><\/td>\n<td><\/td>\n<\/tr>\n<tr>\n<td colspan=\"5\"><img decoding=\"async\" src=\"https:\/\/www.agenciaminas.mg.gov.br\/ckeditor_assets\/pictures\/20950\/content_2_olho_inferior.jpg\" alt=\"\" \/><\/td>\n<\/tr>\n<\/tbody>\n<\/table>\n<p><strong>Super\u00e1vit da balan\u00e7a em alta<\/strong><\/p>\n<p>Somente em abril, as exporta\u00e7\u00f5es mineiras alcan\u00e7aram US$ 3,7 bilh\u00f5es, alta de 5,7% frente ao mesmo m\u00eas em 2024. O saldo da balan\u00e7a comercial resultou em US$ 2,3 bilh\u00f5es, posicionando Minas como segundo maior exportador do Brasil e o estado com o segundo maior super\u00e1vit do pa\u00eds.<\/p>\n<p>As importa\u00e7\u00f5es no m\u00eas totalizaram US$ 1,4 bilh\u00e3o, um crescimento de 7,3% em compara\u00e7\u00e3o ao ano anterior. Minas se manteve como o quinto maior importador, com 6,5% do volume nacional.<\/p>\n<table border=\"0\" cellspacing=\"1\" cellpadding=\"1\" align=\"center\">\n<tbody>\n<tr>\n<td colspan=\"5\"><img decoding=\"async\" src=\"https:\/\/www.agenciaminas.mg.gov.br\/ckeditor_assets\/pictures\/20949\/content_2_olho_topo.jpg\" alt=\"\" \/><\/td>\n<\/tr>\n<tr>\n<td><\/td>\n<td colspan=\"3\" rowspan=\"3\">\n<h1><strong>&#8220;A marca do estado como segundo maior exportador no quadrimestre refor\u00e7a a import\u00e2ncia das pol\u00edticas p\u00fablicas estaduais para destacar Minas no com\u00e9rcio exterior. Isso est\u00e1 na diversidade de produtos comercializados, no incentivo \u00e0s cadeias produtivas e no crescimento da ind\u00fastria mineira&#8221;, ressalta a secret\u00e1ria de\u00a0<a href=\"https:\/\/desenvolvimento.mg.gov.br\/\" target=\"_blank\" rel=\"noopener\">Estado de Desenvolvimento Econ\u00f4mico de Minas Gerais (Sede)<\/a>, Mila Corr\u00eaa da Costa.<\/strong><\/h1>\n<\/td>\n<td><\/td>\n<\/tr>\n<tr>\n<td><\/td>\n<td><\/td>\n<\/tr>\n<tr>\n<td><\/td>\n<td><\/td>\n<\/tr>\n<tr>\n<td colspan=\"5\"><img decoding=\"async\" src=\"https:\/\/www.agenciaminas.mg.gov.br\/ckeditor_assets\/pictures\/20950\/content_2_olho_inferior.jpg\" alt=\"\" \/><\/td>\n<\/tr>\n<\/tbody>\n<\/table>\n<p>O estado tamb\u00e9m se destacou em abril, ao registrar o terceiro maior fluxo comercial do Brasil, com US$ 5,2 bilh\u00f5es, representando crescimento de 6,1% frente ao mesmo m\u00eas do ano anterior.<\/p>\n<p><strong>Diversifica\u00e7\u00e3o de destinos e produtos<\/strong><\/p>\n<p>Varginha foi o principal munic\u00edpio exportador em abril, sendo respons\u00e1vel por 8,1% das exporta\u00e7\u00f5es, seguido de Guaxup\u00e9 (5,5%); Arax\u00e1 (5,2%); Nova Lima (4,8%) e Paracatu (4,2%).<\/p>\n<p>Em abril, os produtos mineiros alcan\u00e7aram 165 pa\u00edses, dentre os quais, os principais foram a China (34,2%), Estados Unidos (13%), Canad\u00e1 (5,3%), Argentina (4,8%) e Alemanha (4%).<\/p>\n<p>Entre as principais mercadorias exportadas no per\u00edodo, est\u00e3o o caf\u00e9, contribuindo com 26,4% para as exporta\u00e7\u00f5es; os min\u00e9rios de ferro e seus concentrados (20,8%); a soja (14,3%); o ouro (6,7%); e ferroligas (4,8%).<\/p>\n<p>A diversidade dos produtos mineiros comercializados no exterior tamb\u00e9m \u00e9 representada pelas vendas de ferro fundido bruto e ferro spiegel, totalizadas em US$ 112,7 milh\u00f5es; de hidrog\u00eanio (US$ 21,6 milh\u00f5es); e fogos de artif\u00edcio (US$ 187,8 mil).<\/p>\n<p><strong>Importa\u00e7\u00f5es de f\u00e1rmacos crescem<\/strong><\/p>\n<p>Assim como em mar\u00e7o, Extrema liderou entre as principais cidades importadoras de abril, sendo respons\u00e1vel por 14,5% das aquisi\u00e7\u00f5es internacionais, seguido de Betim (14,4%), Uberaba (8,3%), Belo Horizonte (6,6%) e Pouso Alegre (5,2%).<\/p>\n<p>As principais mercadorias adquiridas por Minas, foram: autom\u00f3veis de passageiros (5,7%); hulhas (4,8%); partes de tratores e ve\u00edculos especiais (3,8%); antissoros, produtos imunol\u00f3gicos modificados, mesmo obtidos por via biotecnol\u00f3gica; vacinas, toxinas (3,1%); medicamentos (3,1%).<\/p>\n<p>Fonte: Ag\u00eancia Minas<\/p>\n","protected":false},"excerpt":{"rendered":"<p>Minas Gerais se mant\u00e9m como o segundo maior exportador do Brasil, somando US$ 13,8 bilh\u00f5es nos quatro primeiros meses do ano. O valor representa um aumento de 2% frente ao mesmo per\u00edodo de 2024. O estado, que \u00e9 respons\u00e1vel por 12,8% das exporta\u00e7\u00f5es nacionais, obteve super\u00e1vit de US$ 8 bilh\u00f5es na balan\u00e7a comercial at\u00e9 abril. [&hellip;]<\/p>\n","protected":false},"author":246,"featured_media":228255,"comment_status":"closed","ping_status":"closed","sticky":false,"template":"","format":"standard","meta":{"footnotes":""},"categories":[436,440,261,254,439],"tags":[],"class_list":["post-228254","post","type-post","status-publish","format-standard","has-post-thumbnail","hentry","category-destaque-da-semana","category-destaques-do-dia","category-economia","category-politica","category-ultima-hora"],"_links":{"self":[{"href":"https:\/\/diarioregionaldigital.com.br\/index.php?rest_route=\/wp\/v2\/posts\/228254","targetHints":{"allow":["GET"]}}],"collection":[{"href":"https:\/\/diarioregionaldigital.com.br\/index.php?rest_route=\/wp\/v2\/posts"}],"about":[{"href":"https:\/\/diarioregionaldigital.com.br\/index.php?rest_route=\/wp\/v2\/types\/post"}],"author":[{"embeddable":true,"href":"https:\/\/diarioregionaldigital.com.br\/index.php?rest_route=\/wp\/v2\/users\/246"}],"replies":[{"embeddable":true,"href":"https:\/\/diarioregionaldigital.com.br\/index.php?rest_route=%2Fwp%2Fv2%2Fcomments&post=228254"}],"version-history":[{"count":1,"href":"https:\/\/diarioregionaldigital.com.br\/index.php?rest_route=\/wp\/v2\/posts\/228254\/revisions"}],"predecessor-version":[{"id":228256,"href":"https:\/\/diarioregionaldigital.com.br\/index.php?rest_route=\/wp\/v2\/posts\/228254\/revisions\/228256"}],"wp:featuredmedia":[{"embeddable":true,"href":"https:\/\/diarioregionaldigital.com.br\/index.php?rest_route=\/wp\/v2\/media\/228255"}],"wp:attachment":[{"href":"https:\/\/diarioregionaldigital.com.br\/index.php?rest_route=%2Fwp%2Fv2%2Fmedia&parent=228254"}],"wp:term":[{"taxonomy":"category","embeddable":true,"href":"https:\/\/diarioregionaldigital.com.br\/index.php?rest_route=%2Fwp%2Fv2%2Fcategories&post=228254"},{"taxonomy":"post_tag","embeddable":true,"href":"https:\/\/diarioregionaldigital.com.br\/index.php?rest_route=%2Fwp%2Fv2%2Ftags&post=228254"}],"curies":[{"name":"wp","href":"https:\/\/api.w.org\/{rel}","templated":true}]}}