{"id":228251,"date":"2025-05-13T19:21:31","date_gmt":"2025-05-13T22:21:31","guid":{"rendered":"https:\/\/diarioregionaldigital.com.br\/?p=228251"},"modified":"2025-05-13T19:21:31","modified_gmt":"2025-05-13T22:21:31","slug":"roda-de-conversas-do-audiovisual-tem-recorde-de-participacao","status":"publish","type":"post","link":"https:\/\/diarioregionaldigital.com.br\/?p=228251","title":{"rendered":"Roda de Conversas do Audiovisual tem recorde de participa\u00e7\u00e3o"},"content":{"rendered":"<p>Segundo informa\u00e7\u00f5es do site da Prefeitura de Juiz de Fora (PJF), na \u00faltima segunda-feira, 12, a Funda\u00e7\u00e3o Cultural Alfredo Ferreira Lage (Funalfa) deu continuidade ao ciclo do Projeto Roda de Conversas com o setor de Audiovisual. O encontro, que teve recorde de participantes, com mais de 40 pessoas, foi mais uma etapa importante para fortalecer o di\u00e1logo entre a institui\u00e7\u00e3o e os profissionais envolvidos.<\/p>\n<p>A participa\u00e7\u00e3o foi bastante consistente, com depoimentos que deram um panorama das oportunidades e dos desafios nos diversos elos que comp\u00f5em o setor audiovisual: pesquisa, mem\u00f3ria, forma\u00e7\u00e3o, cria\u00e7\u00e3o, produ\u00e7\u00e3o, circula\u00e7\u00e3o e distribui\u00e7\u00e3o. E o resultado do encontro foi positivo: de maneira coletiva, o setor aposta em sua estrutura\u00e7\u00e3o em Juiz de Fora com o Polo Audiovisual.<\/p>\n<p>Veja abaixo a agenda atualizada dos pr\u00f3ximos encontros e atividades do projeto Roda de Conversas:<\/p>\n<p>Dan\u00e7a \u2013 quarta-feira, 14, \u00e0s 18h30;<\/p>\n<p>Artes Urbanas (hip hop, grafite, slam) \u2013 quinta-feira, 15, \u00e0s 18h;<\/p>\n<p>M\u00fasica (bandas, cantores, produtores musicais) \u2013 segunda-feira, 19, \u00e0s 19h30.<\/p>\n","protected":false},"excerpt":{"rendered":"<p>Segundo informa\u00e7\u00f5es do site da Prefeitura de Juiz de Fora (PJF), na \u00faltima segunda-feira, 12, a Funda\u00e7\u00e3o Cultural Alfredo Ferreira Lage (Funalfa) deu continuidade ao ciclo do Projeto Roda de Conversas com o setor de Audiovisual. O encontro, que teve recorde de participantes, com mais de 40 pessoas, foi mais uma etapa importante para fortalecer [&hellip;]<\/p>\n","protected":false},"author":246,"featured_media":228252,"comment_status":"closed","ping_status":"closed","sticky":false,"template":"","format":"standard","meta":{"footnotes":""},"categories":[253,436,439],"tags":[],"class_list":["post-228251","post","type-post","status-publish","format-standard","has-post-thumbnail","hentry","category-cidade","category-destaque-da-semana","category-ultima-hora"],"_links":{"self":[{"href":"https:\/\/diarioregionaldigital.com.br\/index.php?rest_route=\/wp\/v2\/posts\/228251","targetHints":{"allow":["GET"]}}],"collection":[{"href":"https:\/\/diarioregionaldigital.com.br\/index.php?rest_route=\/wp\/v2\/posts"}],"about":[{"href":"https:\/\/diarioregionaldigital.com.br\/index.php?rest_route=\/wp\/v2\/types\/post"}],"author":[{"embeddable":true,"href":"https:\/\/diarioregionaldigital.com.br\/index.php?rest_route=\/wp\/v2\/users\/246"}],"replies":[{"embeddable":true,"href":"https:\/\/diarioregionaldigital.com.br\/index.php?rest_route=%2Fwp%2Fv2%2Fcomments&post=228251"}],"version-history":[{"count":1,"href":"https:\/\/diarioregionaldigital.com.br\/index.php?rest_route=\/wp\/v2\/posts\/228251\/revisions"}],"predecessor-version":[{"id":228253,"href":"https:\/\/diarioregionaldigital.com.br\/index.php?rest_route=\/wp\/v2\/posts\/228251\/revisions\/228253"}],"wp:featuredmedia":[{"embeddable":true,"href":"https:\/\/diarioregionaldigital.com.br\/index.php?rest_route=\/wp\/v2\/media\/228252"}],"wp:attachment":[{"href":"https:\/\/diarioregionaldigital.com.br\/index.php?rest_route=%2Fwp%2Fv2%2Fmedia&parent=228251"}],"wp:term":[{"taxonomy":"category","embeddable":true,"href":"https:\/\/diarioregionaldigital.com.br\/index.php?rest_route=%2Fwp%2Fv2%2Fcategories&post=228251"},{"taxonomy":"post_tag","embeddable":true,"href":"https:\/\/diarioregionaldigital.com.br\/index.php?rest_route=%2Fwp%2Fv2%2Ftags&post=228251"}],"curies":[{"name":"wp","href":"https:\/\/api.w.org\/{rel}","templated":true}]}}