{"id":228248,"date":"2025-05-13T19:20:31","date_gmt":"2025-05-13T22:20:31","guid":{"rendered":"https:\/\/diarioregionaldigital.com.br\/?p=228248"},"modified":"2025-05-13T19:20:31","modified_gmt":"2025-05-13T22:20:31","slug":"domingo-no-parque-tera-edicao-especial-abolicao-incompleta-neste-domingo-18","status":"publish","type":"post","link":"https:\/\/diarioregionaldigital.com.br\/?p=228248","title":{"rendered":"Domingo no Parque ter\u00e1 edi\u00e7\u00e3o \u201cEspecial Aboli\u00e7\u00e3o Incompleta\u201d neste domingo, 18"},"content":{"rendered":"<p>Segundo informa\u00e7\u00f5es do site da Prefeitura de Juiz de Fora (PJF),\u00a0 a PJF, por meio da Secretaria de Meio Ambiente e Mudan\u00e7as Clim\u00e1ticas, promove mais uma edi\u00e7\u00e3o especial do \u201cDomingo no Parque\u201d, no dia 18 de maio. O evento acontece de 9h \u00e0s 12h,no Parque da Lajinha, e oferece a\u00e7\u00f5es voltadas para o lazer e o bem-estar dos visitantes, al\u00e9m da preserva\u00e7\u00e3o do meio ambiente. Essa edi\u00e7\u00e3o tamb\u00e9m destaca o Dia da Aboli\u00e7\u00e3o Incompleta, 13 de maio.<\/p>\n<p>Etemi Azarias de Oxal\u00e1 ir\u00e1 coordenar a roda de conversa \u201cEspiritualidade afro-brasileira e conex\u00e3o com a natureza\u201d, \u00e0s 9h. Para participar desse momento de reflex\u00e3o, basta preencher o\u00a0<a href=\"https:\/\/docs.google.com\/forms\/d\/e\/1FAIpQLSeEFMJCZOUJsA10YU2b-wLr7FrZGXAqLCueYWJ6x9_OLQjkWg\/viewform\"><u>formul\u00e1rio<\/u><\/a>. Al\u00e9m disso, teremos \u201cFeira da Diversidade\u201d, com a venda de produtos artesanais personalizados, \u201cConfraria de Iy\u00e1l\u00f2d\u00e8s\u201d,\u00a0ponto de aconchego entre mulheres de religi\u00e3o de matriz africana, e mostra de ervas e objetos sagrados com M\u00e3e T\u00e2nia t\u2019\u00d3b\u00e1.<\/p>\n<p>Durante toda a manh\u00e3, o evento contar\u00e1 com atividades de educa\u00e7\u00e3o ambiental, pelo Projeto Recicle; exposi\u00e7\u00e3o de animais pe\u00e7onhentos, pela Secretaria de Meio Ambiente; consultoria e assessoria ambiental, pela Min\u00e1guas Saneamento; a\u00e7\u00f5es de cuidado com a sa\u00fade, pela Faculdade Suprema; e trilha guiada, pelo Grupo de Escoteiros do Bandeirantes. Ainda, ser\u00e3o oferecidas aula de yoga com a professora Mariana Corr\u00eaa, \u00e0s 9h, e aula de dan\u00e7a com a professora Monique Fontoura, \u00e0s 10h.<\/p>\n<div>Tamb\u00e9m ser\u00e1 feito o recolhimento de embalagens pl\u00e1sticas flex\u00edveis limpas e secas pelo projeto Cidad\u00e3o Consciente, da Hiperroll Embalagens, e \u00f3leo de cozinha usado pelo Instituto EPROS \u2013 a cada dois litros de \u00f3leo, voc\u00ea ganha um litro de detergente. O objetivo \u00e9 orientar a popula\u00e7\u00e3o sobre o descarte correto e a reciclagem desses materiais.<br \/>\nAos domingos e feriados nacionais, a tarifa de \u00f4nibus \u00e9 gratuita em Juiz de Fora.<\/div>\n<p><strong>Confira as linhas que d\u00e3o acesso ao Parque:\u00a0<\/strong><\/p>\n<p>139 &#8211; Sagrado Cora\u00e7\u00e3o; 190 &#8211; Zona Sul \/ UFJF; 508 &#8211; Deusdedith Salgado; 514 &#8211; Cascatinha; 518 &#8211; Salvaterra; 519 &#8211; Torre\u00f5es; 520 &#8211; Aeroporto; 521, 522 &#8211; Teixeiras; 523 &#8211; Monte Verde; 528 &#8211; Cascatinha; 529 &#8211; Torre\u00f5es; 543 &#8211; Santa C\u00f3rdula; 546 &#8211; Mirante; 590 &#8211; Zona Sul \/ UFJF<\/p>\n<div><\/div>\n<p><strong>\u00a0<\/strong><\/p>\n","protected":false},"excerpt":{"rendered":"<p>Segundo informa\u00e7\u00f5es do site da Prefeitura de Juiz de Fora (PJF),\u00a0 a PJF, por meio da Secretaria de Meio Ambiente e Mudan\u00e7as Clim\u00e1ticas, promove mais uma edi\u00e7\u00e3o especial do \u201cDomingo no Parque\u201d, no dia 18 de maio. O evento acontece de 9h \u00e0s 12h,no Parque da Lajinha, e oferece a\u00e7\u00f5es voltadas para o lazer e [&hellip;]<\/p>\n","protected":false},"author":246,"featured_media":228249,"comment_status":"closed","ping_status":"closed","sticky":false,"template":"","format":"standard","meta":{"footnotes":""},"categories":[253,436,440,439],"tags":[],"class_list":["post-228248","post","type-post","status-publish","format-standard","has-post-thumbnail","hentry","category-cidade","category-destaque-da-semana","category-destaques-do-dia","category-ultima-hora"],"_links":{"self":[{"href":"https:\/\/diarioregionaldigital.com.br\/index.php?rest_route=\/wp\/v2\/posts\/228248","targetHints":{"allow":["GET"]}}],"collection":[{"href":"https:\/\/diarioregionaldigital.com.br\/index.php?rest_route=\/wp\/v2\/posts"}],"about":[{"href":"https:\/\/diarioregionaldigital.com.br\/index.php?rest_route=\/wp\/v2\/types\/post"}],"author":[{"embeddable":true,"href":"https:\/\/diarioregionaldigital.com.br\/index.php?rest_route=\/wp\/v2\/users\/246"}],"replies":[{"embeddable":true,"href":"https:\/\/diarioregionaldigital.com.br\/index.php?rest_route=%2Fwp%2Fv2%2Fcomments&post=228248"}],"version-history":[{"count":1,"href":"https:\/\/diarioregionaldigital.com.br\/index.php?rest_route=\/wp\/v2\/posts\/228248\/revisions"}],"predecessor-version":[{"id":228250,"href":"https:\/\/diarioregionaldigital.com.br\/index.php?rest_route=\/wp\/v2\/posts\/228248\/revisions\/228250"}],"wp:featuredmedia":[{"embeddable":true,"href":"https:\/\/diarioregionaldigital.com.br\/index.php?rest_route=\/wp\/v2\/media\/228249"}],"wp:attachment":[{"href":"https:\/\/diarioregionaldigital.com.br\/index.php?rest_route=%2Fwp%2Fv2%2Fmedia&parent=228248"}],"wp:term":[{"taxonomy":"category","embeddable":true,"href":"https:\/\/diarioregionaldigital.com.br\/index.php?rest_route=%2Fwp%2Fv2%2Fcategories&post=228248"},{"taxonomy":"post_tag","embeddable":true,"href":"https:\/\/diarioregionaldigital.com.br\/index.php?rest_route=%2Fwp%2Fv2%2Ftags&post=228248"}],"curies":[{"name":"wp","href":"https:\/\/api.w.org\/{rel}","templated":true}]}}