{"id":228235,"date":"2025-05-13T19:15:43","date_gmt":"2025-05-13T22:15:43","guid":{"rendered":"https:\/\/diarioregionaldigital.com.br\/?p=228235"},"modified":"2025-05-13T19:15:43","modified_gmt":"2025-05-13T22:15:43","slug":"secretaria-de-fazenda-de-minas-gerais-abre-parcelamento-do-ipva-2025-vencido","status":"publish","type":"post","link":"https:\/\/diarioregionaldigital.com.br\/?p=228235","title":{"rendered":"Secretaria de Fazenda de Minas Gerais abre parcelamento do IPVA 2025 vencido"},"content":{"rendered":"<p>Os mineiros que n\u00e3o conseguiram quitar dentro do prazo o Imposto sobre a Propriedade de Ve\u00edculos Automotores (IPVA) 2025 j\u00e1 podem parcelar o d\u00e9bito, em at\u00e9 12 vezes. O servi\u00e7o \u00e9 oferecido pelo\u00a0<a href=\"https:\/\/www.mg.gov.br\/\" target=\"_blank\" rel=\"noopener\">Governo de Minas<\/a>, por interm\u00e9dio da\u00a0<a href=\"https:\/\/www.fazenda.mg.gov.br\/\" target=\"_blank\" rel=\"noopener\">Secretaria de Estado de Fazenda de Minas Gerais (SEF\/MG)<\/a>, de forma on-line.<\/p>\n<p>Para simular e aderir ao parcelamento, basta acessar o\u00a0<a href=\"http:\/\/www.fazenda.mg.gov.br\/\" target=\"_blank\" rel=\"noopener\">este site<\/a>, no menu \u201cIPVA\u201d e, em seguida, \u201cParcelamento\u201d. Os encargos pelo atraso s\u00e3o calculados automaticamente pelo sistema. Pessoas f\u00edsicas ou jur\u00eddicas que optam pelo servi\u00e7o precisam ficar atentos ao valor m\u00ednimo das parcelas, que \u00e9 R$ 200.<\/p>\n<p>N\u00e3o h\u00e1 limite de prazo para ades\u00e3o ao parcelamento, e d\u00e9bitos anteriores a 2025 tamb\u00e9m podem ser parcelados. O contribuinte deve buscar a regulariza\u00e7\u00e3o o quanto antes para evitar a inscri\u00e7\u00e3o do d\u00e9bito em d\u00edvida ativa e protesto extrajudicial.<\/p>\n<p>O secret\u00e1rio de Estado de Fazenda, Luiz Claudio Gomes, ressalta que o parcelamento de d\u00e9bitos \u00e9 uma pol\u00edtica da SEF\/MG que d\u00e1 oportunidade de os motoristas manterem os ve\u00edculos regularizados.<\/p>\n<p>\u201cEstar em dia com os d\u00e9bitos do ve\u00edculo \u00e9 uma seguran\u00e7a para os motoristas transitarem regularmente. Al\u00e9m disso, parte do valor arrecadado com o IPVA \u00e9 repassada para o munic\u00edpio onde o ve\u00edculo \u00e9 registrado e pode ser usada nas pol\u00edticas p\u00fablicas diversas. Por isso, pagar o IPVA \u00e9 t\u00e3o importante para todos os mineiros\u201d, afirma Luiz Claudio.<\/p>\n<p>O n\u00e3o pagamento do IPVA tamb\u00e9m impede a emiss\u00e3o do Certificado de Registro e Licenciamento do Ve\u00edculo (CRLV), documento cobrado pela autoridade de tr\u00e2nsito.<\/p>\n<p><b>Balan\u00e7o do IPVA 2025<\/b><\/p>\n<p>A escala de vencimentos do IPVA 2025 se encerrou no dia 11\/4. Ap\u00f3s esse prazo, o balan\u00e7o da SEF aponta a marca de R$ 8,9 bilh\u00f5es pagos, o correspondente a 75,58% dos R$ 11,8 bilh\u00f5es de arrecada\u00e7\u00e3o estimados.<\/p>\n<p><b>Saiba mais<\/b><\/p>\n<p>Confira informa\u00e7\u00f5es mais detalhadas sobre os programas de parcelamento da SEF\/MG no podcast Fazenda em Not\u00edcia, dispon\u00edvel nas plataformas\u00a0<b><a href=\"https:\/\/open.spotify.com\/episode\/0motdPlf64UFR45eOGSSK3?si=4b199ea388e34d76\" target=\"_blank\" rel=\"nofollow noopener noreferrer\">Spotify<\/a><\/b>\u00a0e\u00a0<b><a href=\"https:\/\/dzr.page.link\/pbbrBXxKKJDNzyKC9\" target=\"_blank\" rel=\"nofollow noopener noreferrer\">Deezer<\/a><\/b>.<\/p>\n<p><img decoding=\"async\" src=\"https:\/\/www.agenciaminas.mg.gov.br\/ckeditor_assets\/pictures\/22929\/content_2025_05_13_ipva_parcelamento_arte.png\" \/><\/p>\n<p>Fonte: Ag\u00eancia Minas<\/p>\n","protected":false},"excerpt":{"rendered":"<p>Os mineiros que n\u00e3o conseguiram quitar dentro do prazo o Imposto sobre a Propriedade de Ve\u00edculos Automotores (IPVA) 2025 j\u00e1 podem parcelar o d\u00e9bito, em at\u00e9 12 vezes. O servi\u00e7o \u00e9 oferecido pelo\u00a0Governo de Minas, por interm\u00e9dio da\u00a0Secretaria de Estado de Fazenda de Minas Gerais (SEF\/MG), de forma on-line. Para simular e aderir ao parcelamento, [&hellip;]<\/p>\n","protected":false},"author":246,"featured_media":228236,"comment_status":"closed","ping_status":"closed","sticky":false,"template":"","format":"standard","meta":{"footnotes":""},"categories":[436,261,254,439],"tags":[],"class_list":["post-228235","post","type-post","status-publish","format-standard","has-post-thumbnail","hentry","category-destaque-da-semana","category-economia","category-politica","category-ultima-hora"],"_links":{"self":[{"href":"https:\/\/diarioregionaldigital.com.br\/index.php?rest_route=\/wp\/v2\/posts\/228235","targetHints":{"allow":["GET"]}}],"collection":[{"href":"https:\/\/diarioregionaldigital.com.br\/index.php?rest_route=\/wp\/v2\/posts"}],"about":[{"href":"https:\/\/diarioregionaldigital.com.br\/index.php?rest_route=\/wp\/v2\/types\/post"}],"author":[{"embeddable":true,"href":"https:\/\/diarioregionaldigital.com.br\/index.php?rest_route=\/wp\/v2\/users\/246"}],"replies":[{"embeddable":true,"href":"https:\/\/diarioregionaldigital.com.br\/index.php?rest_route=%2Fwp%2Fv2%2Fcomments&post=228235"}],"version-history":[{"count":1,"href":"https:\/\/diarioregionaldigital.com.br\/index.php?rest_route=\/wp\/v2\/posts\/228235\/revisions"}],"predecessor-version":[{"id":228237,"href":"https:\/\/diarioregionaldigital.com.br\/index.php?rest_route=\/wp\/v2\/posts\/228235\/revisions\/228237"}],"wp:featuredmedia":[{"embeddable":true,"href":"https:\/\/diarioregionaldigital.com.br\/index.php?rest_route=\/wp\/v2\/media\/228236"}],"wp:attachment":[{"href":"https:\/\/diarioregionaldigital.com.br\/index.php?rest_route=%2Fwp%2Fv2%2Fmedia&parent=228235"}],"wp:term":[{"taxonomy":"category","embeddable":true,"href":"https:\/\/diarioregionaldigital.com.br\/index.php?rest_route=%2Fwp%2Fv2%2Fcategories&post=228235"},{"taxonomy":"post_tag","embeddable":true,"href":"https:\/\/diarioregionaldigital.com.br\/index.php?rest_route=%2Fwp%2Fv2%2Ftags&post=228235"}],"curies":[{"name":"wp","href":"https:\/\/api.w.org\/{rel}","templated":true}]}}