{"id":228231,"date":"2025-05-13T19:14:28","date_gmt":"2025-05-13T22:14:28","guid":{"rendered":"https:\/\/diarioregionaldigital.com.br\/?p=228231"},"modified":"2025-05-13T19:14:28","modified_gmt":"2025-05-13T22:14:28","slug":"governo-de-minas-lanca-edital-de-leilao-virtual-de-imoveis-pertencentes-ao-estado","status":"publish","type":"post","link":"https:\/\/diarioregionaldigital.com.br\/?p=228231","title":{"rendered":"Governo de Minas lan\u00e7a edital de leil\u00e3o virtual de im\u00f3veis pertencentes ao Estado"},"content":{"rendered":"<p>O\u00a0<a id=\"OWA9fe1bc51-7964-a76a-b3f4-e9fee1fefe86\" title=\"https:\/\/www.mg.gov.br\/\" href=\"https:\/\/www.mg.gov.br\/\" target=\"_blank\" rel=\"noopener noreferrer\" data-auth=\"NotApplicable\" data-linkindex=\"0\">Governo de Minas<\/a>, por meio da\u00a0<a id=\"OWA5b3492fa-c5bc-179a-c40e-a21bfa0394e7\" title=\"https:\/\/www.mgipart.com.br\/\" href=\"https:\/\/www.mgipar.com.br\/\" target=\"_blank\" rel=\"noopener noreferrer\" data-auth=\"NotApplicable\" data-linkindex=\"1\">Minas Gerais Participa\u00e7\u00f5es S\/A<\/a>\u00a0(<a id=\"OWAe4d3c2de-f68a-3439-4b1d-fc59494e1ad5\" title=\"https:\/\/www.mgipart.com.br\/\" href=\"https:\/\/www.mgipart.com.br\/\" target=\"_blank\" rel=\"noopener noreferrer\" data-auth=\"NotApplicable\" data-linkindex=\"2\">MGI<\/a>),\u00a0entidade vinculada \u00e0\u00a0<a href=\"https:\/\/desenvolvimento.mg.gov.br\/\" target=\"_blank\" rel=\"noopener\">Secretaria de Estado de Desenvolvimento Econ\u00f4mico (Sede-MG)<\/a>, disponibiliza mais uma oportunidade para aquisi\u00e7\u00e3o de im\u00f3veis pertencentes ao Estado. O\u00a0<a id=\"OWA2a6fa18f-0e09-1bc6-57ac-b2b1223e7c74\" title=\"https:\/\/www.mgipar.com.br\/editais\/vendas\" href=\"https:\/\/www.mgipar.com.br\/editais\/vendas\" target=\"_blank\" rel=\"noopener noreferrer\" data-auth=\"NotApplicable\" data-linkindex=\"4\">edital Leil\u00e3o MGI n\u00ba06\/2025<\/a>, que acontecer\u00e1 de maneira virtual, disponibiliza 19 im\u00f3veis entre terrenos (urbanos e rurais), lotes, glebas, boxes de garagem e pr\u00e9dios.<\/p>\n<p>Os im\u00f3veis est\u00e3o localizados em Araguari, Belo Horizonte, Divin\u00f3polis, Frutal, Lagoa da Prata, Ub\u00e1, Uberl\u00e2ndia e at\u00e9 em Salvador, na Bahia. Os valores variam de R$ 4,7 mil a R$ 5,2 milh\u00f5es, totalizando R$ 38,6 milh\u00f5es.<\/p>\n<p>Publicado na \u00faltima sexta-feira (9\/5), as informa\u00e7\u00f5es sobre os im\u00f3veis como, localiza\u00e7\u00e3o, lance m\u00ednimo, situa\u00e7\u00e3o ocupacional, dentre outras, est\u00e3o descritas no edital. Por meio<a id=\"OWA73f26136-7d30-b44c-4b19-3c2263a4e977\" title=\"https:\/\/www.mgileiloes.com.br\/portal\/index.php?pg=busca_rs&amp;leilao_busca=592\" href=\"https:\/\/www.mgileiloes.com.br\/portal\/index.php?pg=busca_rs&amp;leilao_busca=592\" target=\"_blank\" rel=\"noopener noreferrer\" data-auth=\"NotApplicable\" data-linkindex=\"5\">\u00a0do site da MGI<\/a>\u00a0\u00e9 poss\u00edvel conferir fotos dos im\u00f3veis.<\/p>\n<figure class=\"image\"><img decoding=\"async\" src=\"https:\/\/www.agenciaminas.mg.gov.br\/ckeditor_assets\/pictures\/22931\/content_whatsapp_image_2025-05-13_at_4_59_13_pm.jpeg\" alt=\"\" \/><figcaption><sub><em>Sede-MG \/ Divulga\u00e7\u00e3o<\/em><\/sub><\/figcaption><\/figure>\n<p>Os lances dever\u00e3o ser ofertados diretamente no ambiente virtual do certame,\u00a0at\u00e9 o dia 13\/6.<\/p>\n<p>&#8220;Por meio desses leil\u00f5es, a administra\u00e7\u00e3o estadual consegue manter os ativos necess\u00e1rios para o trabalho da m\u00e1quina p\u00fablica e angariar recursos com a venda daqueles que est\u00e3o ociosos. Essas vendas demonstram a efici\u00eancia da gest\u00e3o p\u00fablica do Governo de Minas&#8221;, afirma o subsecret\u00e1rio de Gest\u00e3o de Im\u00f3veis da Sede-MG, Eduardo Quintanilha de Albuquerque.<\/p>\n<p><strong>Como participar<\/strong><\/p>\n<p>Podem participar da disputa pessoas f\u00edsicas ou jur\u00eddicas, associadas ou n\u00e3o, domiciliadas ou estabelecidas em qualquer parte do territ\u00f3rio nacional \u2014 exceto as que se enquadrem nos termos do artigo 14 da Lei Federal n\u00ba 14.133\/21 e situa\u00e7\u00f5es descritas no edital.<\/p>\n<p>Os interessados em participar do leil\u00e3o na modalidade eletr\u00f4nica dever\u00e3o cadastrar-se previamente, entre os dias 9\/5 e 13\/6, no site da MGI, mediante o envio dos documentos digitalizados, apontados no edital.<\/p>\n<p><strong>Minas Gerais Participa\u00e7\u00f5es S\/A<\/strong><\/p>\n<p>A MGI \u00e9 uma empresa da administra\u00e7\u00e3o p\u00fablica indireta com 47 anos de experi\u00eancia no mercado e, hoje, tem o objetivo de trazer solu\u00e7\u00f5es para a \u00e1rea financeira do Estado, usando estrat\u00e9gias para a comercializa\u00e7\u00e3o de im\u00f3veis em Minas Gerais e em diversas regi\u00f5es do pa\u00eds, seguindo os princ\u00edpios da \u00e9tica e transpar\u00eancia em suas a\u00e7\u00f5es e negocia\u00e7\u00f5es.<\/p>\n<p>Com o intuito de oferecer o melhor servi\u00e7o aos clientes, a empresa possui uma equipe especializada que efetua a regulariza\u00e7\u00e3o de todos os im\u00f3veis, antes de irem a leil\u00f5es. Al\u00e9m disso, realiza o suporte ao arrematante com as documenta\u00e7\u00f5es no p\u00f3s-venda.<\/p>\n<p>Fonte: Ag\u00eancia Minas<\/p>\n","protected":false},"excerpt":{"rendered":"<p>O\u00a0Governo de Minas, por meio da\u00a0Minas Gerais Participa\u00e7\u00f5es S\/A\u00a0(MGI),\u00a0entidade vinculada \u00e0\u00a0Secretaria de Estado de Desenvolvimento Econ\u00f4mico (Sede-MG), disponibiliza mais uma oportunidade para aquisi\u00e7\u00e3o de im\u00f3veis pertencentes ao Estado. O\u00a0edital Leil\u00e3o MGI n\u00ba06\/2025, que acontecer\u00e1 de maneira virtual, disponibiliza 19 im\u00f3veis entre terrenos (urbanos e rurais), lotes, glebas, boxes de garagem e pr\u00e9dios. Os im\u00f3veis est\u00e3o [&hellip;]<\/p>\n","protected":false},"author":246,"featured_media":228232,"comment_status":"closed","ping_status":"closed","sticky":false,"template":"","format":"standard","meta":{"footnotes":""},"categories":[436,440,261,254,439],"tags":[],"class_list":["post-228231","post","type-post","status-publish","format-standard","has-post-thumbnail","hentry","category-destaque-da-semana","category-destaques-do-dia","category-economia","category-politica","category-ultima-hora"],"_links":{"self":[{"href":"https:\/\/diarioregionaldigital.com.br\/index.php?rest_route=\/wp\/v2\/posts\/228231","targetHints":{"allow":["GET"]}}],"collection":[{"href":"https:\/\/diarioregionaldigital.com.br\/index.php?rest_route=\/wp\/v2\/posts"}],"about":[{"href":"https:\/\/diarioregionaldigital.com.br\/index.php?rest_route=\/wp\/v2\/types\/post"}],"author":[{"embeddable":true,"href":"https:\/\/diarioregionaldigital.com.br\/index.php?rest_route=\/wp\/v2\/users\/246"}],"replies":[{"embeddable":true,"href":"https:\/\/diarioregionaldigital.com.br\/index.php?rest_route=%2Fwp%2Fv2%2Fcomments&post=228231"}],"version-history":[{"count":2,"href":"https:\/\/diarioregionaldigital.com.br\/index.php?rest_route=\/wp\/v2\/posts\/228231\/revisions"}],"predecessor-version":[{"id":228234,"href":"https:\/\/diarioregionaldigital.com.br\/index.php?rest_route=\/wp\/v2\/posts\/228231\/revisions\/228234"}],"wp:featuredmedia":[{"embeddable":true,"href":"https:\/\/diarioregionaldigital.com.br\/index.php?rest_route=\/wp\/v2\/media\/228232"}],"wp:attachment":[{"href":"https:\/\/diarioregionaldigital.com.br\/index.php?rest_route=%2Fwp%2Fv2%2Fmedia&parent=228231"}],"wp:term":[{"taxonomy":"category","embeddable":true,"href":"https:\/\/diarioregionaldigital.com.br\/index.php?rest_route=%2Fwp%2Fv2%2Fcategories&post=228231"},{"taxonomy":"post_tag","embeddable":true,"href":"https:\/\/diarioregionaldigital.com.br\/index.php?rest_route=%2Fwp%2Fv2%2Ftags&post=228231"}],"curies":[{"name":"wp","href":"https:\/\/api.w.org\/{rel}","templated":true}]}}