{"id":228227,"date":"2025-05-13T19:13:14","date_gmt":"2025-05-13T22:13:14","guid":{"rendered":"https:\/\/diarioregionaldigital.com.br\/?p=228227"},"modified":"2025-05-13T19:13:14","modified_gmt":"2025-05-13T22:13:14","slug":"com-r-50-bilhoes-investidos-em-compras-publicas-neste-ano-minas-sedia-oficina-que-vai-redesenhar-contratacoes-no-pais","status":"publish","type":"post","link":"https:\/\/diarioregionaldigital.com.br\/?p=228227","title":{"rendered":"Com R$ 50 bilh\u00f5es investidos em compras p\u00fablicas neste ano, Minas sedia oficina que vai redesenhar contrata\u00e7\u00f5es no pa\u00eds"},"content":{"rendered":"<p>Nos primeiros 140 dias de 2025, a regi\u00e3o Sudeste movimentou R$ 144 bilh\u00f5es em contrata\u00e7\u00f5es p\u00fablicas. Desse total, R$ 50 bilh\u00f5es foram negociados e movimentaram a economia de Minas Gerais, estado que sedia, nesta ter\u00e7a-feira (13\/5), a 2\u00aa oficina regional da Estrat\u00e9gia Nacional de Contrata\u00e7\u00f5es P\u00fablicas para o Desenvolvimento Sustent\u00e1vel (ENCP), voltada \u00e0 constru\u00e7\u00e3o de uma pol\u00edtica p\u00fablica com foco no desenvolvimento sustent\u00e1vel.<\/p>\n<p>A iniciativa reunir\u00e1 quem vive, pensa e transforma as compras p\u00fablicas no dia a dia da regi\u00e3o Sudeste, em Belo Horizonte. A proposta \u00e9 transformar o volume de aquisi\u00e7\u00f5es governamentais em uma alavanca de inclus\u00e3o social, fomento \u00e0 economia local e inova\u00e7\u00e3o ambiental.<\/p>\n<p>A condu\u00e7\u00e3o da estrat\u00e9gia coletiva de aprimoramento das contrata\u00e7\u00f5es \u00e9 do Minist\u00e9rio da Gest\u00e3o e da Inova\u00e7\u00e3o em Servi\u00e7os P\u00fablicos (MGI), em parceria com o\u00a0<a href=\"https:\/\/www.mg.gov.br\/\" target=\"_blank\" rel=\"noopener\">Governo de Minas<\/a>, por meio da\u00a0<a href=\"https:\/\/www.mg.gov.br\/planejamento\" target=\"_blank\" rel=\"noopener\">Secretaria de Estado de Planejamento e Gest\u00e3o (Seplag-MG)<\/a>, e participa\u00e7\u00e3o de gestores p\u00fablicos dos quatro estados da regi\u00e3o.<\/p>\n<p>Somente neste in\u00edcio de ano, o Brasil j\u00e1 movimentou mais de R$ 320 bilh\u00f5es em contrata\u00e7\u00f5es p\u00fablicas, distribu\u00eddas em 300 mil processos de compras \u2013 n\u00famero que deve crescer significativamente at\u00e9 dezembro, podendo superar os R$ 600 bilh\u00f5es registrados em 2024.&#8221;Essa engrenagem, que representa de 12% a 16% do Produto Interno Bruto (PIB) nacional, precisa de diretrizes modernas, alinhadas aos desafios sociais e ambientais do s\u00e9culo XXI&#8221;, afirma Roberto Pojo, secret\u00e1rio de Gest\u00e3o e Inova\u00e7\u00e3o (Seges) do MGI.<\/p>\n<p>Nesse cen\u00e1rio, a regi\u00e3o Sudeste desponta como estrat\u00e9gica: responde por quase 40% das contrata\u00e7\u00f5es j\u00e1 realizadas no pa\u00eds, que, em termos de valores, representam 45% do total investido em 2025. S\u00e3o mais de R$ 144 bilh\u00f5es movimentados at\u00e9 agora, refor\u00e7ando a relev\u00e2ncia dessa etapa do processo participativo.<\/p>\n<p>\u201c\u00c9 de extrema relev\u00e2ncia o olhar local e regional para qualificar e contribuir na constru\u00e7\u00e3o das solu\u00e7\u00f5es. Por isso, apoiamos a iniciativa do Minist\u00e9rio com a realiza\u00e7\u00e3o desta discuss\u00e3o em Minas Gerais, refor\u00e7ando a nossa contribui\u00e7\u00e3o para a defini\u00e7\u00e3o da pol\u00edtica nacional\u201d, destaca a secret\u00e1ria de Planejamento e Gest\u00e3o de Minas Gerais, Silvia Listgarten.<\/p>\n<p>A abertura da oficina em Belo Horizonte contar\u00e1 com a presen\u00e7a do secret\u00e1rio substituto de Gest\u00e3o e Inova\u00e7\u00e3o do MGI, Herbert Barros; da secret\u00e1ria de Planejamento e Gest\u00e3o de Minas Gerais, Silvia Caroline Listgarten Dias; do secret\u00e1rio de Gest\u00e3o e Recursos Humanos do Estado do Esp\u00edrito Santo, Marcelo Calmon; e da diretora-geral do Centro Federal de Educa\u00e7\u00e3o Tecnol\u00f3gica de Minas Gerais (Cefet\/MG), Carla Simone Chamon.<\/p>\n<p><strong>Constru\u00e7\u00e3o coletiva<\/strong><\/p>\n<p>A Estrat\u00e9gia est\u00e1 sendo elaborada com base na escuta ativa de servidores p\u00fablicos, fornecedores, \u00f3rg\u00e3os de controle e sociedade civil, com oficinas presenciais nas cinco regi\u00f5es do Brasil. A participa\u00e7\u00e3o \u00e9 gratuita e aberta a quem atua com contrata\u00e7\u00f5es p\u00fablicas ou se relaciona com o tema.<\/p>\n<p>A partir dessas escutas, ser\u00e1 produzido um documento orientador, que passar\u00e1 por consulta p\u00fablica nacional antes de se tornar base para as pol\u00edticas de compras p\u00fablicas no pa\u00eds. A ideia \u00e9 garantir que as contrata\u00e7\u00f5es p\u00fablicas, al\u00e9m de atenderem \u00e0s necessidades do Estado, tamb\u00e9m gerem valor para a sociedade.<\/p>\n<p><img decoding=\"async\" src=\"https:\/\/www.agenciaminas.mg.gov.br\/ckeditor_assets\/pictures\/22927\/content_grafico_1_encp_sudeste.jpg\" \/><\/p>\n<p>Fonte: Ag\u00eancia Minas<\/p>\n","protected":false},"excerpt":{"rendered":"<p>Nos primeiros 140 dias de 2025, a regi\u00e3o Sudeste movimentou R$ 144 bilh\u00f5es em contrata\u00e7\u00f5es p\u00fablicas. Desse total, R$ 50 bilh\u00f5es foram negociados e movimentaram a economia de Minas Gerais, estado que sedia, nesta ter\u00e7a-feira (13\/5), a 2\u00aa oficina regional da Estrat\u00e9gia Nacional de Contrata\u00e7\u00f5es P\u00fablicas para o Desenvolvimento Sustent\u00e1vel (ENCP), voltada \u00e0 constru\u00e7\u00e3o de [&hellip;]<\/p>\n","protected":false},"author":246,"featured_media":228229,"comment_status":"closed","ping_status":"closed","sticky":false,"template":"","format":"standard","meta":{"footnotes":""},"categories":[436,440,261,254,439],"tags":[],"class_list":["post-228227","post","type-post","status-publish","format-standard","has-post-thumbnail","hentry","category-destaque-da-semana","category-destaques-do-dia","category-economia","category-politica","category-ultima-hora"],"_links":{"self":[{"href":"https:\/\/diarioregionaldigital.com.br\/index.php?rest_route=\/wp\/v2\/posts\/228227","targetHints":{"allow":["GET"]}}],"collection":[{"href":"https:\/\/diarioregionaldigital.com.br\/index.php?rest_route=\/wp\/v2\/posts"}],"about":[{"href":"https:\/\/diarioregionaldigital.com.br\/index.php?rest_route=\/wp\/v2\/types\/post"}],"author":[{"embeddable":true,"href":"https:\/\/diarioregionaldigital.com.br\/index.php?rest_route=\/wp\/v2\/users\/246"}],"replies":[{"embeddable":true,"href":"https:\/\/diarioregionaldigital.com.br\/index.php?rest_route=%2Fwp%2Fv2%2Fcomments&post=228227"}],"version-history":[{"count":1,"href":"https:\/\/diarioregionaldigital.com.br\/index.php?rest_route=\/wp\/v2\/posts\/228227\/revisions"}],"predecessor-version":[{"id":228230,"href":"https:\/\/diarioregionaldigital.com.br\/index.php?rest_route=\/wp\/v2\/posts\/228227\/revisions\/228230"}],"wp:featuredmedia":[{"embeddable":true,"href":"https:\/\/diarioregionaldigital.com.br\/index.php?rest_route=\/wp\/v2\/media\/228229"}],"wp:attachment":[{"href":"https:\/\/diarioregionaldigital.com.br\/index.php?rest_route=%2Fwp%2Fv2%2Fmedia&parent=228227"}],"wp:term":[{"taxonomy":"category","embeddable":true,"href":"https:\/\/diarioregionaldigital.com.br\/index.php?rest_route=%2Fwp%2Fv2%2Fcategories&post=228227"},{"taxonomy":"post_tag","embeddable":true,"href":"https:\/\/diarioregionaldigital.com.br\/index.php?rest_route=%2Fwp%2Fv2%2Ftags&post=228227"}],"curies":[{"name":"wp","href":"https:\/\/api.w.org\/{rel}","templated":true}]}}