{"id":228225,"date":"2025-05-13T14:03:08","date_gmt":"2025-05-13T17:03:08","guid":{"rendered":"https:\/\/diarioregionaldigital.com.br\/?p=228225"},"modified":"2025-05-13T14:03:08","modified_gmt":"2025-05-13T17:03:08","slug":"extrato-terceiro-termo-aditivo-de-contrato-13-05-2025","status":"publish","type":"post","link":"https:\/\/diarioregionaldigital.com.br\/?p=228225","title":{"rendered":"EXTRATO TERCEIRO TERMO ADITIVO DE CONTRATO &#8211; 13\/05\/2025"},"content":{"rendered":"<p class=\"s3\"><span class=\"s2\"><span class=\"bumpedFont17\">EXTRATO<\/span><\/span> <span class=\"s2\"><span class=\"bumpedFont17\">TERCEIRO<\/span><\/span> <span class=\"s2\"><span class=\"bumpedFont17\">TERMO ADITIVO<\/span><\/span><span class=\"s2\"><span class=\"bumpedFont17\"> DE CONTRATO<\/span><\/span><\/p>\n<p class=\"s3\">\n<p class=\"s4\"><span class=\"s2\"><span class=\"bumpedFont17\">3<\/span><\/span><span class=\"s2\"><span class=\"bumpedFont17\">\u00ba<\/span><\/span><span class=\"s2\"><span class=\"bumpedFont17\"> Termo Aditivo. <\/span><\/span><span class=\"s2\"><span class=\"bumpedFont17\">Pref. Municipal de Descoberto x <\/span><\/span><span class=\"s2\"><span class=\"bumpedFont17\">Maf<\/span><\/span><span class=\"s2\"><span class=\"bumpedFont17\"> Participa\u00e7\u00f5es S.A<\/span><\/span><span class=\"s2\"><span class=\"bumpedFont17\">&#8211; <\/span><\/span><span class=\"s2\"><span class=\"bumpedFont17\">Objeto: <\/span><\/span><span class=\"s2\"><span class=\"bumpedFont17\">M<\/span><\/span><span class=\"s2\"><span class=\"bumpedFont17\">odifica\u00e7\u00e3o <\/span><\/span><span class=\"s2\"><span class=\"bumpedFont17\">do prazo de vig\u00eancia do contrato, que passar\u00e1 a vigorar de <\/span><\/span><span class=\"s2\"><span class=\"bumpedFont17\">06\/05\/25<\/span><\/span><span class=\"s2\"><span class=\"bumpedFont17\"> a <\/span><\/span><span class=\"s2\"><span class=\"bumpedFont17\">0<\/span><\/span><span class=\"s2\"><span class=\"bumpedFont17\">6\/05\/2026 <\/span><\/span><span class=\"s2\"><span class=\"bumpedFont17\">&#8211; Fundamento:<\/span><\/span> <span class=\"s2\"><span class=\"bumpedFont17\">Dispensa 006\/2022<\/span><\/span> <span class=\"s2\"><span class=\"bumpedFont17\">\u2013 Valor Global:<\/span><\/span> <span class=\"s2\"><span class=\"bumpedFont17\">36<\/span><\/span><span class=\"s2\"><span class=\"bumpedFont17\">.000<\/span><\/span><span class=\"s2\"><span class=\"bumpedFont17\">,00 <\/span><\/span><span class=\"s2\"><span class=\"bumpedFont17\">&#8211; Vig\u00eancia: <\/span><\/span><span class=\"s2\"><span class=\"bumpedFont17\">06\/05\/2026 <\/span><\/span><span class=\"s2\"><span class=\"bumpedFont17\">\u2013 <\/span><\/span><span class=\"s2\"><span class=\"bumpedFont17\">Dot<\/span><\/span> <span class=\"s2\"><span class=\"bumpedFont17\">or\u00e7<\/span><\/span><span class=\"s2\"><span class=\"bumpedFont17\">:<\/span><\/span><span class=\"s2\"><span class=\"bumpedFont17\">02.02002.04.122.0002.217-339039\/100<\/span><\/span><span class=\"s2\"><span class=\"bumpedFont17\">&#8211;<\/span><\/span> <span class=\"s2\"><span class=\"bumpedFont17\">Ass<\/span><\/span><span class=\"s2\"><span class=\"bumpedFont17\">: <\/span><\/span><span class=\"s2\"><span class=\"bumpedFont17\">06<\/span><\/span><span class=\"s2\"><span class=\"bumpedFont17\">\/05\/202<\/span><\/span><span class=\"s2\"><span class=\"bumpedFont17\">5 <\/span><\/span><span class=\"s2\"><span class=\"bumpedFont17\">&#8211; Foro: S\u00e3o Jo\u00e3o Nepomuceno\/MG.<\/span><\/span><\/p>\n<p class=\"s4\">\n<p class=\"s5\">\n<p class=\"s5\">\n<p class=\"s5\">\n<p class=\"s4\">\n<p class=\"s3\"><span class=\"s2\"><span class=\"bumpedFont17\">Lu\u00eds Fernando de Oliveira<\/span><\/span><\/p>\n<p class=\"s3\"><span class=\"s2\"><span class=\"bumpedFont17\">Prefeito Municipal<\/span><\/span><\/p>\n<p class=\"s6\">\n","protected":false},"excerpt":{"rendered":"<p>EXTRATO TERCEIRO TERMO ADITIVO DE CONTRATO 3\u00ba Termo Aditivo. Pref. Municipal de Descoberto x Maf Participa\u00e7\u00f5es S.A&#8211; Objeto: Modifica\u00e7\u00e3o do prazo de vig\u00eancia do contrato, que passar\u00e1 a vigorar de 06\/05\/25 a 06\/05\/2026 &#8211; Fundamento: Dispensa 006\/2022 \u2013 Valor Global: 36.000,00 &#8211; Vig\u00eancia: 06\/05\/2026 \u2013 Dot or\u00e7:02.02002.04.122.0002.217-339039\/100&#8211; Ass: 06\/05\/2025 &#8211; Foro: S\u00e3o Jo\u00e3o Nepomuceno\/MG. Lu\u00eds [&hellip;]<\/p>\n","protected":false},"author":246,"featured_media":0,"comment_status":"closed","ping_status":"closed","sticky":false,"template":"","format":"standard","meta":{"footnotes":""},"categories":[307],"tags":[],"class_list":["post-228225","post","type-post","status-publish","format-standard","hentry","category-editais"],"_links":{"self":[{"href":"https:\/\/diarioregionaldigital.com.br\/index.php?rest_route=\/wp\/v2\/posts\/228225","targetHints":{"allow":["GET"]}}],"collection":[{"href":"https:\/\/diarioregionaldigital.com.br\/index.php?rest_route=\/wp\/v2\/posts"}],"about":[{"href":"https:\/\/diarioregionaldigital.com.br\/index.php?rest_route=\/wp\/v2\/types\/post"}],"author":[{"embeddable":true,"href":"https:\/\/diarioregionaldigital.com.br\/index.php?rest_route=\/wp\/v2\/users\/246"}],"replies":[{"embeddable":true,"href":"https:\/\/diarioregionaldigital.com.br\/index.php?rest_route=%2Fwp%2Fv2%2Fcomments&post=228225"}],"version-history":[{"count":1,"href":"https:\/\/diarioregionaldigital.com.br\/index.php?rest_route=\/wp\/v2\/posts\/228225\/revisions"}],"predecessor-version":[{"id":228226,"href":"https:\/\/diarioregionaldigital.com.br\/index.php?rest_route=\/wp\/v2\/posts\/228225\/revisions\/228226"}],"wp:attachment":[{"href":"https:\/\/diarioregionaldigital.com.br\/index.php?rest_route=%2Fwp%2Fv2%2Fmedia&parent=228225"}],"wp:term":[{"taxonomy":"category","embeddable":true,"href":"https:\/\/diarioregionaldigital.com.br\/index.php?rest_route=%2Fwp%2Fv2%2Fcategories&post=228225"},{"taxonomy":"post_tag","embeddable":true,"href":"https:\/\/diarioregionaldigital.com.br\/index.php?rest_route=%2Fwp%2Fv2%2Ftags&post=228225"}],"curies":[{"name":"wp","href":"https:\/\/api.w.org\/{rel}","templated":true}]}}