{"id":228221,"date":"2025-05-13T14:01:26","date_gmt":"2025-05-13T17:01:26","guid":{"rendered":"https:\/\/diarioregionaldigital.com.br\/?p=228221"},"modified":"2025-05-13T14:01:26","modified_gmt":"2025-05-13T17:01:26","slug":"extrato-de-segundo-termo-aditivo-de-contrato-13-05-2025","status":"publish","type":"post","link":"https:\/\/diarioregionaldigital.com.br\/?p=228221","title":{"rendered":"EXTRATO DE SEGUNDO TERMO ADITIVO DE CONTRATO &#8211; 13\/05\/2025"},"content":{"rendered":"<p class=\"s3\"><span class=\"s2\"><span class=\"bumpedFont17\">EXTRATO<\/span><\/span> <span class=\"s2\"><span class=\"bumpedFont17\">DE <\/span><\/span><span class=\"s2\"><span class=\"bumpedFont17\">SEGUNDO<\/span><\/span> <span class=\"s2\"><span class=\"bumpedFont17\">TERMO ADITIVO<\/span><\/span><span class=\"s2\"><span class=\"bumpedFont17\"> DE CONTRATO<\/span><\/span><\/p>\n<p class=\"s3\">\n<p class=\"s3\">\n<p class=\"s4\"><span class=\"s2\"><span class=\"bumpedFont17\">2<\/span><\/span><span class=\"s2\"><span class=\"bumpedFont17\">\u00ba<\/span><\/span><span class=\"s2\"><span class=\"bumpedFont17\"> Termo Aditivo. <\/span><\/span><span class=\"s2\"><span class=\"bumpedFont17\">Pref. Municipal de Descoberto x <\/span><\/span><span class=\"s2\"><span class=\"bumpedFont17\">Milton Salgado Filho <\/span><\/span><span class=\"s2\"><span class=\"bumpedFont17\">&#8211; <\/span><\/span><span class=\"s2\"><span class=\"bumpedFont17\">Objeto: <\/span><\/span><span class=\"s2\"><span class=\"bumpedFont17\">Constitui objeto do <\/span><\/span><span class=\"s2\"><span class=\"bumpedFont17\">presente <\/span><\/span><span class=\"s2\"><span class=\"bumpedFont17\">termo <\/span><\/span><span class=\"s2\"><span class=\"bumpedFont17\">aditivo a modifica\u00e7\u00e3o <\/span><\/span><span class=\"s2\"><span class=\"bumpedFont17\">do prazo de vig\u00eancia do contrato, que passar\u00e1 a vigorar de <\/span><\/span><span class=\"s2\"><span class=\"bumpedFont17\">1<\/span><\/span><span class=\"s2\"><span class=\"bumpedFont17\">4<\/span><\/span><span class=\"s2\"><span class=\"bumpedFont17\">\/0<\/span><\/span><span class=\"s2\"><span class=\"bumpedFont17\">5<\/span><\/span><span class=\"s2\"><span class=\"bumpedFont17\">\/2<\/span><\/span><span class=\"s2\"><span class=\"bumpedFont17\">5<\/span><\/span><span class=\"s2\"><span class=\"bumpedFont17\"> a <\/span><\/span><span class=\"s2\"><span class=\"bumpedFont17\">1<\/span><\/span><span class=\"s2\"><span class=\"bumpedFont17\">4<\/span><\/span><span class=\"s2\"><span class=\"bumpedFont17\">\/0<\/span><\/span><span class=\"s2\"><span class=\"bumpedFont17\">5<\/span><\/span><span class=\"s2\"><span class=\"bumpedFont17\">\/202<\/span><\/span><span class=\"s2\"><span class=\"bumpedFont17\">6<\/span><\/span><span class=\"s2\"><span class=\"bumpedFont17\">&#8211; Fundamento: <\/span><\/span><span class=\"s2\"><span class=\"bumpedFont17\">Preg\u00e3o<\/span><\/span><span class=\"s2\"><span class=\"bumpedFont17\"> Presencial<\/span><\/span><span class=\"s2\"><span class=\"bumpedFont17\"> n\u00ba 0<\/span><\/span><span class=\"s2\"><span class=\"bumpedFont17\">15<\/span><\/span><span class=\"s2\"><span class=\"bumpedFont17\">\/202<\/span><\/span><span class=\"s2\"><span class=\"bumpedFont17\">4<\/span><\/span><span class=\"s2\"><span class=\"bumpedFont17\"> \u2013 Valor Global:<\/span><\/span> <span class=\"s2\"><span class=\"bumpedFont17\">R$<\/span><\/span><span class=\"s2\"><span class=\"bumpedFont17\">52.440,00<\/span><\/span> <span class=\"s2\"><span class=\"bumpedFont17\">\u2013 <\/span><\/span><span class=\"s2\"><span class=\"bumpedFont17\">Dot<\/span><\/span> <span class=\"s2\"><span class=\"bumpedFont17\">or\u00e7<\/span><\/span><span class=\"s2\"><span class=\"bumpedFont17\">:<\/span><\/span><span class=\"s2\"><span class=\"bumpedFont17\">02.006.000.15.122.0002.2101.339036.00\/1500 <\/span><\/span><span class=\"s2\"><span class=\"bumpedFont17\">&#8211;<\/span><\/span> <span class=\"s2\"><span class=\"bumpedFont17\">Ass<\/span><\/span><span class=\"s2\"><span class=\"bumpedFont17\">: <\/span><\/span><span class=\"s2\"><span class=\"bumpedFont17\">12\/05\/2025 <\/span><\/span><span class=\"s2\"><span class=\"bumpedFont17\">&#8211; Foro: S\u00e3o Jo\u00e3o Nepomuceno\/MG.<\/span><\/span><\/p>\n<p class=\"s4\">\n<p class=\"s4\">\n<p class=\"s4\">\n<p class=\"s4\">\n<p class=\"s3\"><span class=\"s2\"><span class=\"bumpedFont17\">Lu\u00eds Fernando de Oliveira<\/span><\/span><\/p>\n<p class=\"s3\"><span class=\"s2\"><span class=\"bumpedFont17\">Prefeito Municipal<\/span><\/span><\/p>\n","protected":false},"excerpt":{"rendered":"<p>EXTRATO DE SEGUNDO TERMO ADITIVO DE CONTRATO 2\u00ba Termo Aditivo. Pref. Municipal de Descoberto x Milton Salgado Filho &#8211; Objeto: Constitui objeto do presente termo aditivo a modifica\u00e7\u00e3o do prazo de vig\u00eancia do contrato, que passar\u00e1 a vigorar de 14\/05\/25 a 14\/05\/2026&#8211; Fundamento: Preg\u00e3o Presencial n\u00ba 015\/2024 \u2013 Valor Global: R$52.440,00 \u2013 Dot or\u00e7:02.006.000.15.122.0002.2101.339036.00\/1500 &#8211; [&hellip;]<\/p>\n","protected":false},"author":246,"featured_media":0,"comment_status":"closed","ping_status":"closed","sticky":false,"template":"","format":"standard","meta":{"footnotes":""},"categories":[307],"tags":[],"class_list":["post-228221","post","type-post","status-publish","format-standard","hentry","category-editais"],"_links":{"self":[{"href":"https:\/\/diarioregionaldigital.com.br\/index.php?rest_route=\/wp\/v2\/posts\/228221","targetHints":{"allow":["GET"]}}],"collection":[{"href":"https:\/\/diarioregionaldigital.com.br\/index.php?rest_route=\/wp\/v2\/posts"}],"about":[{"href":"https:\/\/diarioregionaldigital.com.br\/index.php?rest_route=\/wp\/v2\/types\/post"}],"author":[{"embeddable":true,"href":"https:\/\/diarioregionaldigital.com.br\/index.php?rest_route=\/wp\/v2\/users\/246"}],"replies":[{"embeddable":true,"href":"https:\/\/diarioregionaldigital.com.br\/index.php?rest_route=%2Fwp%2Fv2%2Fcomments&post=228221"}],"version-history":[{"count":1,"href":"https:\/\/diarioregionaldigital.com.br\/index.php?rest_route=\/wp\/v2\/posts\/228221\/revisions"}],"predecessor-version":[{"id":228222,"href":"https:\/\/diarioregionaldigital.com.br\/index.php?rest_route=\/wp\/v2\/posts\/228221\/revisions\/228222"}],"wp:attachment":[{"href":"https:\/\/diarioregionaldigital.com.br\/index.php?rest_route=%2Fwp%2Fv2%2Fmedia&parent=228221"}],"wp:term":[{"taxonomy":"category","embeddable":true,"href":"https:\/\/diarioregionaldigital.com.br\/index.php?rest_route=%2Fwp%2Fv2%2Fcategories&post=228221"},{"taxonomy":"post_tag","embeddable":true,"href":"https:\/\/diarioregionaldigital.com.br\/index.php?rest_route=%2Fwp%2Fv2%2Ftags&post=228221"}],"curies":[{"name":"wp","href":"https:\/\/api.w.org\/{rel}","templated":true}]}}