{"id":228208,"date":"2025-05-12T19:39:06","date_gmt":"2025-05-12T22:39:06","guid":{"rendered":"https:\/\/diarioregionaldigital.com.br\/?p=228208"},"modified":"2025-05-12T19:39:06","modified_gmt":"2025-05-12T22:39:06","slug":"3o-festival-paradesportivo-realiza-disputa-de-atletismo-nesta-segunda-12","status":"publish","type":"post","link":"https:\/\/diarioregionaldigital.com.br\/?p=228208","title":{"rendered":"3\u00ba Festival Paradesportivo realiza disputa de atletismo nesta segunda, 12"},"content":{"rendered":"<p>Segundo informa\u00e7\u00f5es do site da Prefeitura de Juiz de Fora (PJF),\u00a0 o 3\u00ba Festival Paradesportivo de Juiz de Fora come\u00e7ou agitando a semana com provas de atletismo voltadas para pessoas com defici\u00eancia (PCD). As atividades aconteceram na manh\u00e3 desta segunda-feira, 12, na Faculdade de Educa\u00e7\u00e3o F\u00edsica e Desportos da Universidade Federal de Juiz de Fora (Faefid\/UFJF), e contaram com a participa\u00e7\u00e3o de 58 atletas de cinco institui\u00e7\u00f5es diferentes.<\/p>\n<div id=\"box_texto_noticia\">\n<p>Promovido pela Secretaria de Esporte e Lazer (SEL) da Prefeitura de Juiz de Fora (PJF), o evento tem como objetivo incentivar a pr\u00e1tica esportiva acess\u00edvel, al\u00e9m de valorizar o esporte adaptado como ferramenta de inclus\u00e3o social. A iniciativa conta com o apoio da Faefid\/UFJF, da rede de academias Fibratech e do Shopping Jardim Norte.<\/p>\n<p>A supervisora interina de Gabinete e Secret\u00e1ria de Esporte e Lazer, Leila Machado, destacou a import\u00e2ncia das atividades para o fortalecimento das pol\u00edticas p\u00fablicas voltadas ao paradesporto. &#8220;A modalidade do atletismo, no 3\u00b0 Festival Paradesportivo demonstra a for\u00e7a do esporte na vida das pessoas, traduzindo-se como uma poderosa ferramenta de inclus\u00e3o social, al\u00e9m de promover os direitos humanos e a melhoria da qualidade de vida das pessoas com defici\u00eancia.&#8221;<\/p>\n<p>J\u00e1 o supervisor de Fomento a Eventos Esportivos, Denis de Souza, celebrou os resultados da manh\u00e3 de competi\u00e7\u00f5es. \u201cHoje \u00e9 um dia muito proveitoso no atletismo, com a participa\u00e7\u00e3o de atletas de cinco institui\u00e7\u00f5es. As atividades foram todas realizadas com professores da SEL, com a presen\u00e7a de coordenadores e das institui\u00e7\u00f5es, o que faz do 3\u00ba Festival Paradesportivo um sucesso\u201d, afirmou.<\/p>\n<p>Realizado entre os dias 8 e 14 deste m\u00eas, o festival contempla diversas modalidades, como atletismo, bocha paral\u00edmpica, nata\u00e7\u00e3o paral\u00edmpica, futsal adaptado e polybat. A abertura oficial do evento foi marcada por partidas de polybat, refor\u00e7ando o clima de alegria e inclus\u00e3o que permeia toda a programa\u00e7\u00e3o.<\/p>\n<p>A terceira edi\u00e7\u00e3o do Festival Paradesportivo reafirma o compromisso da PJF com a promo\u00e7\u00e3o da igualdade e do respeito \u00e0s diferen\u00e7as, consolidando o munic\u00edpio como refer\u00eancia em pol\u00edticas p\u00fablicas voltadas \u00e0s pessoas com defici\u00eancia.<\/p>\n<p><strong>Confira as pr\u00f3ximas modalidades do Festival:<\/strong><\/p>\n<p>Futsal adaptado \u2013 Gin\u00e1sio Municipal Jornalista Ant\u00f4nio Marcos, dia 13, \u00e0s 9h<\/p>\n<p>Nata\u00e7\u00e3o paral\u00edmpica \u2013 Fibratech, dia 14, das 13h30 \u00e0s 16h<\/p>\n<p><strong>Outras informa\u00e7\u00f5es:<\/strong><\/p>\n<p>Telefone: 3690-7845 &#8211; Secretaria de Esporte e Lazer<\/p>\n<\/div>\n<p>&nbsp;<\/p>\n","protected":false},"excerpt":{"rendered":"<p>Segundo informa\u00e7\u00f5es do site da Prefeitura de Juiz de Fora (PJF),\u00a0 o 3\u00ba Festival Paradesportivo de Juiz de Fora come\u00e7ou agitando a semana com provas de atletismo voltadas para pessoas com defici\u00eancia (PCD). As atividades aconteceram na manh\u00e3 desta segunda-feira, 12, na Faculdade de Educa\u00e7\u00e3o F\u00edsica e Desportos da Universidade Federal de Juiz de Fora [&hellip;]<\/p>\n","protected":false},"author":246,"featured_media":228209,"comment_status":"closed","ping_status":"closed","sticky":false,"template":"","format":"standard","meta":{"footnotes":""},"categories":[253,436,257,439],"tags":[],"class_list":["post-228208","post","type-post","status-publish","format-standard","has-post-thumbnail","hentry","category-cidade","category-destaque-da-semana","category-esporte","category-ultima-hora"],"_links":{"self":[{"href":"https:\/\/diarioregionaldigital.com.br\/index.php?rest_route=\/wp\/v2\/posts\/228208","targetHints":{"allow":["GET"]}}],"collection":[{"href":"https:\/\/diarioregionaldigital.com.br\/index.php?rest_route=\/wp\/v2\/posts"}],"about":[{"href":"https:\/\/diarioregionaldigital.com.br\/index.php?rest_route=\/wp\/v2\/types\/post"}],"author":[{"embeddable":true,"href":"https:\/\/diarioregionaldigital.com.br\/index.php?rest_route=\/wp\/v2\/users\/246"}],"replies":[{"embeddable":true,"href":"https:\/\/diarioregionaldigital.com.br\/index.php?rest_route=%2Fwp%2Fv2%2Fcomments&post=228208"}],"version-history":[{"count":1,"href":"https:\/\/diarioregionaldigital.com.br\/index.php?rest_route=\/wp\/v2\/posts\/228208\/revisions"}],"predecessor-version":[{"id":228210,"href":"https:\/\/diarioregionaldigital.com.br\/index.php?rest_route=\/wp\/v2\/posts\/228208\/revisions\/228210"}],"wp:featuredmedia":[{"embeddable":true,"href":"https:\/\/diarioregionaldigital.com.br\/index.php?rest_route=\/wp\/v2\/media\/228209"}],"wp:attachment":[{"href":"https:\/\/diarioregionaldigital.com.br\/index.php?rest_route=%2Fwp%2Fv2%2Fmedia&parent=228208"}],"wp:term":[{"taxonomy":"category","embeddable":true,"href":"https:\/\/diarioregionaldigital.com.br\/index.php?rest_route=%2Fwp%2Fv2%2Fcategories&post=228208"},{"taxonomy":"post_tag","embeddable":true,"href":"https:\/\/diarioregionaldigital.com.br\/index.php?rest_route=%2Fwp%2Fv2%2Ftags&post=228208"}],"curies":[{"name":"wp","href":"https:\/\/api.w.org\/{rel}","templated":true}]}}