{"id":228202,"date":"2025-05-12T19:33:50","date_gmt":"2025-05-12T22:33:50","guid":{"rendered":"https:\/\/diarioregionaldigital.com.br\/?p=228202"},"modified":"2025-05-12T19:33:50","modified_gmt":"2025-05-12T22:33:50","slug":"governo-de-minas-divulga-lista-dos-classificados-para-a-trilha-formativa-do-passaporte-mineiro-do-conhecimento","status":"publish","type":"post","link":"https:\/\/diarioregionaldigital.com.br\/?p=228202","title":{"rendered":"Governo de Minas divulga lista dos classificados para a trilha formativa do Passaporte Mineiro do Conhecimento"},"content":{"rendered":"<p>O\u00a0<a href=\"https:\/\/www.mg.gov.br\/\" target=\"_blank\" rel=\"noopener\">Governo de Minas<\/a>, por meio da\u00a0<a href=\"https:\/\/www.educacao.mg.gov.br\/\" target=\"_blank\" rel=\"noopener\">Secretaria de Estado de Educa\u00e7\u00e3o (SEE\/MG)<\/a>, divulgou, nesta segunda-feira (12\/5), a lista dos 300 estudantes do Ensino M\u00e9dio em Tempo Integral (EMTI) classificados para participar da trilha formativa da 2\u00aa edi\u00e7\u00e3o do Passaporte Mineiro do Conhecimento.<\/p>\n<p>A sele\u00e7\u00e3o marca mais um passo importante rumo ao t\u00e3o sonhado interc\u00e2mbio estudantil, que proporcionar\u00e1 a jovens da rede estadual uma experi\u00eancia \u00fanica de aprendizado e crescimento em outro pa\u00eds.<\/p>\n<p>Os 300 estudantes concorrem a 150 bolsas de interc\u00e2mbio internacional, com dura\u00e7\u00e3o de at\u00e9 um ano letivo, oferecidas pelo projeto. As bolsas s\u00e3o integrais e incluem passagens a\u00e9reas, hospedagem, documenta\u00e7\u00e3o, seguro sa\u00fade, taxas escolares e ajuda de custo para despesas pessoais.<\/p>\n<table border=\"0\" cellspacing=\"1\" cellpadding=\"1\" align=\"center\">\n<tbody>\n<tr>\n<td colspan=\"5\"><img decoding=\"async\" src=\"https:\/\/www.agenciaminas.mg.gov.br\/ckeditor_assets\/pictures\/20949\/content_2_olho_topo.jpg\" alt=\"\" \/><\/td>\n<\/tr>\n<tr>\n<td><\/td>\n<td colspan=\"3\" rowspan=\"3\">\n<h1><strong>&#8220;O nosso projeto representa uma grande oportunidade para os estudantes do\u00a0EMTI que ter\u00e3o a chance de estudar no exterior, conhecer novas culturas e vivenciar experi\u00eancias educacionais nesses pa\u00edses. Tudo isso contribui para que tragam esse aprendizado de volta e o integrem aos seus projetos de vida&#8221;,\u00a0pontua o secret\u00e1rio de Estado de Educa\u00e7\u00e3o, Igor de Alvarenga.\u00a0\u00a0<\/strong><\/h1>\n<\/td>\n<td><\/td>\n<\/tr>\n<tr>\n<td><\/td>\n<td><\/td>\n<\/tr>\n<tr>\n<td><\/td>\n<td><\/td>\n<\/tr>\n<tr>\n<td colspan=\"5\"><img decoding=\"async\" src=\"https:\/\/www.agenciaminas.mg.gov.br\/ckeditor_assets\/pictures\/20950\/content_2_olho_inferior.jpg\" alt=\"\" \/><\/td>\n<\/tr>\n<\/tbody>\n<\/table>\n<p>&nbsp;<\/p>\n<p>A escolha dos classificados considerou\u00a0o desempenho escolar e o envolvimento dos estudantes com temas como sustentabilidade, inova\u00e7\u00e3o e protagonismo juvenil. A lista dos selecionados est\u00e1 dispon\u00edvel\u00a0<a href=\"https:\/\/www.educacao.mg.gov.br\/wp-content\/uploads\/2025\/05\/segunta-etapa-passaporte-mineiro.pdf\" target=\"_blank\" rel=\"noopener\">neste link<\/a>.<\/p>\n<p><strong>Pr\u00f3ximas etapas<\/strong><\/p>\n<p>Agora, os estudantes participar\u00e3o de uma trilha formativa de 15 a 18\/6 Esta etapa essencial do processo \u00e9 composta por palestras e oficinas que abordam temas globais alinhados aos 17 Objetivos de Desenvolvimento Sustent\u00e1vel (ODS) da ONU.<\/p>\n<p>A trilha tem como objetivo desenvolver compet\u00eancias globais, como empatia, pensamento cr\u00edtico e consci\u00eancia intercultural, preparando os estudantes para a viv\u00eancia internacional.<\/p>\n<p>Ap\u00f3s essa etapa, ser\u00e3o selecionados os 180 semifinalistas do projeto. Os semifinalistas ser\u00e3o submetidos a entrevistas individuais, nas quais ser\u00e3o avaliados crit\u00e9rios como adaptabilidade, sociabilidade, interesse por novas culturas e idiomas, al\u00e9m de compet\u00eancias sociais e emocionais. Tamb\u00e9m ser\u00e3o considerados a motiva\u00e7\u00e3o dos participantes e o hist\u00f3rico de sa\u00fade, conforme previsto no regulamento do projeto.<\/p>\n<p>Ao final do processo, os 150 estudantes selecionados receber\u00e3o bolsas para interc\u00e2mbio estudantil com dura\u00e7\u00e3o de at\u00e9 um ano letivo. Os participantes poder\u00e3o ser alocados em pa\u00edses da Europa, \u00c1sia, \u00c1frica, Oceania e Am\u00e9ricas durante o ano letivo de 2026.<\/p>\n<p><strong>Passaporte Mineiro do Conhecimento<\/strong><\/p>\n<p>O Passaporte Mineiro do Conhecimento, executado pela SEE\/MG em parceria com a Funda\u00e7\u00e3o Helena Antipoff (FHA), \u00e9 voltado para estudantes do 1\u00ba ano do EMTI para oportunizar o curso do 2\u00ba ano do ensino m\u00e9dio em escolas de diversos pa\u00edses.<\/p>\n<p>A iniciativa nasceu a partir da experi\u00eancia da Funda\u00e7\u00e3o Helena Antipoff com o projeto Cidad\u00e3o Global: De Minas para o Mundo. Em 2024, foi ampliado para todas as 794 escolas EMTI da rede estadual de ensino, alcan\u00e7ando mais de 94 mil estudantes em 450 munic\u00edpios mineiros.<\/p>\n<p>Na edi\u00e7\u00e3o anterior, 150 jovens foram selecionados para estudar no exterior. Destes, 38 j\u00e1 embarcaram e outros 110 est\u00e3o em fase de prepara\u00e7\u00e3o para as viagens no segundo semestre de 2025.<\/p>\n<p>Fonte: Ag\u00eancia Minas<\/p>\n","protected":false},"excerpt":{"rendered":"<p>O\u00a0Governo de Minas, por meio da\u00a0Secretaria de Estado de Educa\u00e7\u00e3o (SEE\/MG), divulgou, nesta segunda-feira (12\/5), a lista dos 300 estudantes do Ensino M\u00e9dio em Tempo Integral (EMTI) classificados para participar da trilha formativa da 2\u00aa edi\u00e7\u00e3o do Passaporte Mineiro do Conhecimento. A sele\u00e7\u00e3o marca mais um passo importante rumo ao t\u00e3o sonhado interc\u00e2mbio estudantil, que [&hellip;]<\/p>\n","protected":false},"author":246,"featured_media":228203,"comment_status":"closed","ping_status":"closed","sticky":false,"template":"","format":"standard","meta":{"footnotes":""},"categories":[436,261,254,439],"tags":[],"class_list":["post-228202","post","type-post","status-publish","format-standard","has-post-thumbnail","hentry","category-destaque-da-semana","category-economia","category-politica","category-ultima-hora"],"_links":{"self":[{"href":"https:\/\/diarioregionaldigital.com.br\/index.php?rest_route=\/wp\/v2\/posts\/228202","targetHints":{"allow":["GET"]}}],"collection":[{"href":"https:\/\/diarioregionaldigital.com.br\/index.php?rest_route=\/wp\/v2\/posts"}],"about":[{"href":"https:\/\/diarioregionaldigital.com.br\/index.php?rest_route=\/wp\/v2\/types\/post"}],"author":[{"embeddable":true,"href":"https:\/\/diarioregionaldigital.com.br\/index.php?rest_route=\/wp\/v2\/users\/246"}],"replies":[{"embeddable":true,"href":"https:\/\/diarioregionaldigital.com.br\/index.php?rest_route=%2Fwp%2Fv2%2Fcomments&post=228202"}],"version-history":[{"count":1,"href":"https:\/\/diarioregionaldigital.com.br\/index.php?rest_route=\/wp\/v2\/posts\/228202\/revisions"}],"predecessor-version":[{"id":228204,"href":"https:\/\/diarioregionaldigital.com.br\/index.php?rest_route=\/wp\/v2\/posts\/228202\/revisions\/228204"}],"wp:featuredmedia":[{"embeddable":true,"href":"https:\/\/diarioregionaldigital.com.br\/index.php?rest_route=\/wp\/v2\/media\/228203"}],"wp:attachment":[{"href":"https:\/\/diarioregionaldigital.com.br\/index.php?rest_route=%2Fwp%2Fv2%2Fmedia&parent=228202"}],"wp:term":[{"taxonomy":"category","embeddable":true,"href":"https:\/\/diarioregionaldigital.com.br\/index.php?rest_route=%2Fwp%2Fv2%2Fcategories&post=228202"},{"taxonomy":"post_tag","embeddable":true,"href":"https:\/\/diarioregionaldigital.com.br\/index.php?rest_route=%2Fwp%2Fv2%2Ftags&post=228202"}],"curies":[{"name":"wp","href":"https:\/\/api.w.org\/{rel}","templated":true}]}}