{"id":228196,"date":"2025-05-12T19:29:27","date_gmt":"2025-05-12T22:29:27","guid":{"rendered":"https:\/\/diarioregionaldigital.com.br\/?p=228196"},"modified":"2025-05-12T19:29:27","modified_gmt":"2025-05-12T22:29:27","slug":"governo-de-minas-e-multinacional-firmam-acordo-de-r-100-milhoes-para-implantacao-de-fabrica-de-asfalto-sustentavel-no-estado","status":"publish","type":"post","link":"https:\/\/diarioregionaldigital.com.br\/?p=228196","title":{"rendered":"Governo de Minas e multinacional firmam acordo de R$ 100 milh\u00f5es para implanta\u00e7\u00e3o de f\u00e1brica de asfalto sustent\u00e1vel no estado"},"content":{"rendered":"<p><main class=\"clear margin-md-bottom-3\"><\/p>\n<div class=\"clear \">\n<p>Uma comitiva do\u00a0<a href=\"https:\/\/www.mg.gov.br\/\" target=\"_blank\" rel=\"noopener\">Governo de Minas Gerais<\/a>, liderada pelo vice-governador Mateus Sim\u00f5es, est\u00e1 em miss\u00e3o nos Estados Unidos com o objetivo de gerar oportunidades e atrair mais investimentos para beneficiar os mineiros. E um dos resultados da iniciativa foi anunciado nesta segunda-feira (12\/5), primeiro dia da miss\u00e3o.<\/p>\n<p>Em visita \u00e0s instala\u00e7\u00f5es da multinacional especializada em solu\u00e7\u00f5es ambientais, Harsco Environmental, na Filad\u00e9lfia (Pensilv\u00e2nia), a empresa anunciou projeto de investimento de R$ 100 milh\u00f5es para a constru\u00e7\u00e3o de uma planta da SteelPhalt, ind\u00fastria especializada na produ\u00e7\u00e3o de um tipo de asfalto sustent\u00e1vel. O produto utiliza 95% de agregados reciclados, resultando em uma emiss\u00e3o de carbono cerca de 40% menor do que as alternativas de materiais naturais.<\/p>\n<table border=\"0\" cellspacing=\"1\" cellpadding=\"1\" align=\"center\">\n<tbody>\n<tr>\n<td colspan=\"5\"><img decoding=\"async\" src=\"https:\/\/www.agenciaminas.mg.gov.br\/ckeditor_assets\/pictures\/20949\/content_2_olho_topo.jpg\" alt=\"\" \/><\/td>\n<\/tr>\n<tr>\n<td><\/td>\n<td colspan=\"3\" rowspan=\"3\">\n<h1><strong>&#8220;A economia circular \u00e9 uma oportunidade que Minas Gerais n\u00e3o deixa para tr\u00e1s. O Race to Zero, nosso compromisso de zerar as emiss\u00f5es de carbono, e a busca internacional de solu\u00e7\u00f5es para que Minas continue na dianteira da ind\u00fastria verde s\u00e3o compromissos do governo Zema. Este acordo assinado hoje para produ\u00e7\u00e3o do asfalto verde em nosso estado a partir dos res\u00edduos da siderurgia \u00e9 mais um passo em dire\u00e7\u00e3o a uma Minas cada vez mais verde&#8221;, enfatizou o vice-governador Mateus Sim\u00f5es.<\/strong><\/h1>\n<\/td>\n<td><\/td>\n<\/tr>\n<tr>\n<td><\/td>\n<td><\/td>\n<\/tr>\n<tr>\n<td><\/td>\n<td><\/td>\n<\/tr>\n<tr>\n<td colspan=\"5\"><img decoding=\"async\" src=\"https:\/\/www.agenciaminas.mg.gov.br\/ckeditor_assets\/pictures\/20950\/content_2_olho_inferior.jpg\" alt=\"\" \/><\/td>\n<\/tr>\n<\/tbody>\n<\/table>\n<p>A nova planta dever\u00e1 ser constru\u00edda no Vale do A\u00e7o, com a implanta\u00e7\u00e3o prevista a partir de julho de 2026 e o in\u00edcio das opera\u00e7\u00f5es em dezembro de 2027. O projeto prev\u00ea a produ\u00e7\u00e3o de 100 mil toneladas de SteelPhalt por ano, com a expectativa de gerar 20 empregos diretos.<\/p>\n<p>O an\u00fancio do Governo de Minas foi poss\u00edvel gra\u00e7as ao trabalho da\u00a0<a href=\"https:\/\/desenvolvimento.mg.gov.br\/\" target=\"_blank\" rel=\"noopener\">Secretaria de Estado de Desenvolvimento Econ\u00f4mico (Sede-MG)<\/a>\u00a0e de sua vinculada\u00a0<a href=\"https:\/\/investminas.mg.gov.br\/\" target=\"_blank\" rel=\"noopener\">Invest Minas<\/a>, que, em abril de 2024, enviaram representantes \u00e0 matriz da SteelPhalt, na cidade de Sheffield, na Inglaterra.<\/p>\n<p>Na oportunidade, os servidores estaduais puderam conhecer melhor o produto e apresentar as sinergias com as quais Minas Gerais compartilha, como o interesse pela descarboniza\u00e7\u00e3o, representando um ganho para ambas as partes o desenvolvimento do projeto no estado.<\/p>\n<table border=\"0\" cellspacing=\"1\" cellpadding=\"1\" align=\"center\">\n<tbody>\n<tr>\n<td colspan=\"5\"><img decoding=\"async\" src=\"https:\/\/www.agenciaminas.mg.gov.br\/ckeditor_assets\/pictures\/20949\/content_2_olho_topo.jpg\" alt=\"\" \/><\/td>\n<\/tr>\n<tr>\n<td><\/td>\n<td colspan=\"3\" rowspan=\"3\">\n<h1><strong>&#8220;A assinatura do protocolo refor\u00e7a a atratividade de Minas Gerais como destino para neg\u00f3cios sustent\u00e1veis e tecnologicamente avan\u00e7ados. A regi\u00e3o do Vale do A\u00e7o tem muito a ganhar com essas novas oportunidades que ser\u00e3o geradas&#8221;, destaca a secret\u00e1ria de Estado de Desenvolvimento Econ\u00f4mico, Mila Corr\u00eaa da Costa.<\/strong><\/h1>\n<\/td>\n<td><\/td>\n<\/tr>\n<tr>\n<td><\/td>\n<td><\/td>\n<\/tr>\n<tr>\n<td><\/td>\n<td><\/td>\n<\/tr>\n<tr>\n<td colspan=\"5\"><img decoding=\"async\" src=\"https:\/\/www.agenciaminas.mg.gov.br\/ckeditor_assets\/pictures\/20950\/content_2_olho_inferior.jpg\" alt=\"\" \/><\/td>\n<\/tr>\n<\/tbody>\n<\/table>\n<p>&nbsp;<\/p>\n<p>\u201cO Governo de Minas tem constru\u00eddo uma pol\u00edtica s\u00f3lida para atrair investimentos que aliam inova\u00e7\u00e3o e baixo impacto ambiental. A SteelPhalt representa esse novo momento, em que a transi\u00e7\u00e3o para uma economia de baixo carbono se conecta com a for\u00e7a industrial do estado. Este an\u00fancio \u00e9 resultado de um trabalho cont\u00ednuo da Invest Minas, aproximando empresas comprometidas com o futuro sustent\u00e1vel que queremos para os mineiros\u201d, ressalta o diretor-presidente da Invest Minas, Jo\u00e3o Paulo Braga.<\/p>\n<p>\u201cCelebramos muito essa parceria com o Governo de Minas, que agora nos permite dar um passo decisivo rumo a um futuro mais sustent\u00e1vel para infraestrutura nacional com a chegada do asfalto sustent\u00e1vel, o nosso SteelPhalt, ao Brasil. \u00c9 motivo de orgulho iniciar essa jornada por Minas Gerais, estado que tem assumido o protagonismo na constru\u00e7\u00e3o de uma economia mais verde, onde desenvolvimento econ\u00f4mico e transi\u00e7\u00e3o para uma ind\u00fastria de baixo impacto ambiental caminham juntos. Com o Steelphalt iremos, literalmente, pavimentar caminhos para um amanh\u00e3 mais limpo, eficiente e consciente\u201d, destaca o CEO da Harsco na Am\u00e9rica Latina, Wender Alves.<\/p>\n<p><strong>Harsco em Minas<\/strong><\/p>\n<p>Al\u00e9m do projeto, a Harsco possui estreita parceria com o Governo do Estado, onde conta com quatro f\u00e1bricas (Ipatinga, Tim\u00f3teo, Ouro Branco e Jeceaba), especializadas em transformar os res\u00edduos da produ\u00e7\u00e3o de a\u00e7o, a chamada esc\u00f3ria sider\u00fargica, em fertilizantes de alta qualidade, a linha AgroSil\u00edcio, britas recicladas, a chamada Neobrita, e, ainda, metal recuperado, que volta para o processo de produ\u00e7\u00e3o das aciarias, reduzindo desperd\u00edcios.<\/p>\n<p>Assim como ocorreu em 2024, dentro de um programa que tem um horizonte de cinco anos de parceria firmada, a Harsco se comprometeu a doar, anualmente ao estado, 10 mil toneladas de AgroSil\u00edcio e 30 mil toneladas de Neobrita. O AgroSil\u00edcio \u00e9 um fertilizante e corretivo de solo de origem 100% reciclada, com certifica\u00e7\u00e3o de redu\u00e7\u00e3o em 95% de gases de efeito estufa.<\/p>\n<p>Ele j\u00e1 tem sido utilizado pelos agricultores familiares e demais produtores rurais de Minas Gerais, na produ\u00e7\u00e3o agr\u00edcola e na recupera\u00e7\u00e3o de pastagens degradadas, conforme parceria com a\u00a0<a href=\"https:\/\/www.mg.gov.br\/agricultura\" target=\"_blank\" rel=\"noopener\">Secretaria de Estado de Agricultura, Pecu\u00e1ria e Abastecimento (Seapa)<\/a>\u00a0e\u00a0<a href=\"https:\/\/www.emater.mg.gov.br\/\" target=\"_blank\" rel=\"noopener noreferrer\">Empresa de Assist\u00eancia T\u00e9cnica e Extens\u00e3o Rural do Estado de Minas Gerais (Emater-MG)<\/a>.<\/p>\n<table border=\"0\" cellspacing=\"1\" cellpadding=\"1\" align=\"center\">\n<tbody>\n<tr>\n<td colspan=\"5\"><img decoding=\"async\" src=\"https:\/\/www.agenciaminas.mg.gov.br\/ckeditor_assets\/pictures\/20949\/content_2_olho_topo.jpg\" alt=\"\" \/><\/td>\n<\/tr>\n<tr>\n<td><\/td>\n<td colspan=\"3\" rowspan=\"3\">\n<h1><strong>&#8220;Trata-se de uma parceria p\u00fablico-privada muito bem-vinda para o segmento agropecu\u00e1rio do estado, disponibilizando um insumo de reconhecida import\u00e2ncia para melhor condicionamento do solo e aumento da produ\u00e7\u00e3o e produtividade agropecu\u00e1ria. Em 2024, primeiro ano da parceria, foram beneficiados 90 munic\u00edpios, com cerca de 1,4 mil\u00a0agricultores recebendo e aplicando o AgroSil\u00edcio em suas \u00e1reas de cultivo&#8221;, destaca o secret\u00e1rio Thales Fernandes.<\/strong><\/h1>\n<\/td>\n<td><\/td>\n<\/tr>\n<tr>\n<td><\/td>\n<td><\/td>\n<\/tr>\n<tr>\n<td><\/td>\n<td><\/td>\n<\/tr>\n<tr>\n<td colspan=\"5\"><img decoding=\"async\" src=\"https:\/\/www.agenciaminas.mg.gov.br\/ckeditor_assets\/pictures\/20950\/content_2_olho_inferior.jpg\" alt=\"\" \/><\/td>\n<\/tr>\n<\/tbody>\n<\/table>\n<p>J\u00e1 a Neobrita, uma brita ecol\u00f3gica de origem 100% reciclada, \u00e9 usada para melhorar a pavimenta\u00e7\u00e3o de acessos rurais e do anel vi\u00e1rio no Vale do A\u00e7o, desta vez em colabora\u00e7\u00e3o com a\u00a0<a href=\"http:\/\/www.infraestrutura.mg.gov.br\/\" target=\"_blank\" rel=\"noopener\">Secretaria de Estado de Infraestrutura, Mobilidade e Parcerias (Seinfra-MG)<\/a>.<\/p>\n<table border=\"0\" cellspacing=\"1\" cellpadding=\"1\" align=\"center\">\n<tbody>\n<tr>\n<td colspan=\"5\"><img decoding=\"async\" src=\"https:\/\/www.agenciaminas.mg.gov.br\/ckeditor_assets\/pictures\/20949\/content_2_olho_topo.jpg\" alt=\"\" \/><\/td>\n<\/tr>\n<tr>\n<td><\/td>\n<td colspan=\"3\" rowspan=\"3\">\n<h1><strong>&#8220;O DER-MG j\u00e1 possui uma estreita rela\u00e7\u00e3o com a Harsco desde 2023, quando passamos a utilizar a Neobrita. Ela proporciona economicidade, valor social e benef\u00edcios ambientais em nossas obras. Executamos servi\u00e7os com o material nos empreendimentos de melhoramento e pavimenta\u00e7\u00e3o de 7,5 quil\u00f4metros de extens\u00e3o da AMG-4030 (Marli\u00e9ria &#8211; Parque Estadual do Rio Doce) e no encascalhamento do trecho n\u00e3o pavimentado da LMG-789 (Naque ao entroncamento com LMG-758, para Belo Oriente)&#8221;, explicou o diretor-geral do\u00a0<a href=\"https:\/\/www.der.mg.gov.br\/\" target=\"_blank\" rel=\"noopener\">Departamento de Estradas de Rodagem de Minas Gerais (DER-MG)<\/a>, Rodrigo Tavares.<\/strong><\/h1>\n<\/td>\n<td><\/td>\n<\/tr>\n<tr>\n<td><\/td>\n<td><\/td>\n<\/tr>\n<tr>\n<td><\/td>\n<td><\/td>\n<\/tr>\n<tr>\n<td colspan=\"5\"><img decoding=\"async\" src=\"https:\/\/www.agenciaminas.mg.gov.br\/ckeditor_assets\/pictures\/20950\/content_2_olho_inferior.jpg\" alt=\"\" \/><\/td>\n<\/tr>\n<\/tbody>\n<\/table>\n<p>A miss\u00e3o internacional do Governo de Minas vai at\u00e9 sexta-feira (16\/5), com passagens por centros estrat\u00e9gicos como Nova Iorque e Filad\u00e9lfia, onde est\u00e3o localizadas as sedes e unidades operacionais da Harsco nos Estados Unidos. Tamb\u00e9m em Nova Iorque, a comitiva participa da Brazilian Week, onde empres\u00e1rios e autoridades debatem o cen\u00e1rio econ\u00f4mico do pa\u00eds e do exterior.<\/p>\n<p><strong>A empresa<\/strong><\/p>\n<p>A Harsco Environmental \u00e9 uma empresa multinacional, fundada em 1856, l\u00edder global em solu\u00e7\u00f5es ambientais e reaproveitamento de res\u00edduos industriais, com sede na Filad\u00e9lfia, no estado da Pensilv\u00e2nia. A empresa faz parte do grupo Enviri e est\u00e1 presente em 30 pa\u00edses, contando com cerca de 8,5 mil colaboradores no total, sendo em torno de 1,6 mil deles no Brasil.<\/p>\n<p>Com 14 unidades produtivas no Brasil, a empresa \u00e9 capaz de processar 2,75 milh\u00f5es de toneladas por ano de res\u00edduos sider\u00fargicos (esc\u00f3ria) e, com isso, produz anualmente mais de 250 mil toneladas de fertilizantes, 1,87 milh\u00f5es de toneladas de Neobrita e recupera cerca de 630 mil toneladas de sucata met\u00e1lica. Em 2025, a empresa conta com 772 empregados em seu quadro de funcion\u00e1rios somente em Minas Gerais.<\/p>\n<p>Fonte: Ag\u00eancia Minas<\/p>\n<\/div>\n<p><\/main><\/p>\n","protected":false},"excerpt":{"rendered":"<p>Uma comitiva do\u00a0Governo de Minas Gerais, liderada pelo vice-governador Mateus Sim\u00f5es, est\u00e1 em miss\u00e3o nos Estados Unidos com o objetivo de gerar oportunidades e atrair mais investimentos para beneficiar os mineiros. E um dos resultados da iniciativa foi anunciado nesta segunda-feira (12\/5), primeiro dia da miss\u00e3o. Em visita \u00e0s instala\u00e7\u00f5es da multinacional especializada em solu\u00e7\u00f5es [&hellip;]<\/p>\n","protected":false},"author":246,"featured_media":228197,"comment_status":"closed","ping_status":"closed","sticky":false,"template":"","format":"standard","meta":{"footnotes":""},"categories":[436,440,261,254,439],"tags":[],"class_list":["post-228196","post","type-post","status-publish","format-standard","has-post-thumbnail","hentry","category-destaque-da-semana","category-destaques-do-dia","category-economia","category-politica","category-ultima-hora"],"_links":{"self":[{"href":"https:\/\/diarioregionaldigital.com.br\/index.php?rest_route=\/wp\/v2\/posts\/228196","targetHints":{"allow":["GET"]}}],"collection":[{"href":"https:\/\/diarioregionaldigital.com.br\/index.php?rest_route=\/wp\/v2\/posts"}],"about":[{"href":"https:\/\/diarioregionaldigital.com.br\/index.php?rest_route=\/wp\/v2\/types\/post"}],"author":[{"embeddable":true,"href":"https:\/\/diarioregionaldigital.com.br\/index.php?rest_route=\/wp\/v2\/users\/246"}],"replies":[{"embeddable":true,"href":"https:\/\/diarioregionaldigital.com.br\/index.php?rest_route=%2Fwp%2Fv2%2Fcomments&post=228196"}],"version-history":[{"count":1,"href":"https:\/\/diarioregionaldigital.com.br\/index.php?rest_route=\/wp\/v2\/posts\/228196\/revisions"}],"predecessor-version":[{"id":228198,"href":"https:\/\/diarioregionaldigital.com.br\/index.php?rest_route=\/wp\/v2\/posts\/228196\/revisions\/228198"}],"wp:featuredmedia":[{"embeddable":true,"href":"https:\/\/diarioregionaldigital.com.br\/index.php?rest_route=\/wp\/v2\/media\/228197"}],"wp:attachment":[{"href":"https:\/\/diarioregionaldigital.com.br\/index.php?rest_route=%2Fwp%2Fv2%2Fmedia&parent=228196"}],"wp:term":[{"taxonomy":"category","embeddable":true,"href":"https:\/\/diarioregionaldigital.com.br\/index.php?rest_route=%2Fwp%2Fv2%2Fcategories&post=228196"},{"taxonomy":"post_tag","embeddable":true,"href":"https:\/\/diarioregionaldigital.com.br\/index.php?rest_route=%2Fwp%2Fv2%2Ftags&post=228196"}],"curies":[{"name":"wp","href":"https:\/\/api.w.org\/{rel}","templated":true}]}}