{"id":228173,"date":"2025-05-09T19:51:00","date_gmt":"2025-05-09T22:51:00","guid":{"rendered":"https:\/\/diarioregionaldigital.com.br\/?p=228173"},"modified":"2025-05-09T19:51:00","modified_gmt":"2025-05-09T22:51:00","slug":"brasileiras-garantem-tres-bronzes-em-1o-dia-de-grand-slam-de-judo","status":"publish","type":"post","link":"https:\/\/diarioregionaldigital.com.br\/?p=228173","title":{"rendered":"Brasileiras garantem tr\u00eas bronzes em 1\u00ba dia de Grand Slam de Jud\u00f4"},"content":{"rendered":"<p>A delega\u00e7\u00e3o brasileira de jud\u00f4 come\u00e7ou com p\u00e9-direito o Grand Slam de Astana (Cazaquist\u00e3o), o \u00faltimo antes do Mundial S\u00eanior em junho. J\u00e9ssica Pereira, Natasha Ferreira e Shirlen Nascimento asseguraram bronze no primeiro dia de competi\u00e7\u00e3o, que re\u00fane 400 judocas de 47 pa\u00edses at\u00e9 o pr\u00f3ximo domingo (11). O Grand Slam pode render at\u00e9 1000 pontos no ranking mundial, que vale de par\u00e2metro para a classifica\u00e7\u00e3o \u00e0 Olimp\u00edada de Los Angeles 2028 (LA28). O Brasil conta com 17 atletas em Astana. As disputas preliminares t\u00eam transmiss\u00e3o ao vivo\u00a0no site\u00a0<a href=\"https:\/\/judotv.com\/\"><strong>Judo TV\u00a0<\/strong><\/a>e as finais no\u00a0<a href=\"https:\/\/www.youtube.com\/@TimeBrasil\/streams\"><strong>Canal Ol\u00edmpico do Brasil<\/strong><\/a>.<img decoding=\"async\" src=\"https:\/\/agenciabrasil.ebc.com.br\/ebc.png?id=1642221&amp;o=node\" \/><img decoding=\"async\" src=\"https:\/\/agenciabrasil.ebc.com.br\/ebc.gif?id=1642221&amp;o=node\" \/><\/p>\n<p>Rec\u00e9m-campea no Pan-Americano, a curitibana Natasha Ferreira, foi a primeira a subir ao p\u00f3dio. Cabe\u00e7a de chave 4 na categoria at\u00e9 48 quilos, ela venceu tr\u00eas combates. Estreou direto nas oitavas de final, levando a melhor sobre a belga Lois Petit, eliminada com tr\u00eas puni\u00e7\u00f5es. Na quartas, perdeu por ippon para a chinesa Xinran Hui &#8211; que ao fim do dia conquistaria \u00a0o ouro &#8211; e caiu para a repescagem. Para seguir na briga pelo bronze, Natasha derrotou a israelense Tamar Malca ao aplicar um yuko no \u00faltimo minuto da luta. A\u00ed, na decis\u00e3o do bronze, a brasileira reencontrou a mongol Narantsetseg Ganbaatar e reeditou a luta na edi\u00e7\u00e3o de 2024. Ao contr\u00e1rio do ano passado, desta vez Natasha saiu com a medalhar ao desferir um ippon vencedor contra Ganbaatar.<\/p>\n<p>Quem tamb\u00e9m brilhou na capital do Cazaquist\u00e3o, foi a carioca J\u00e9ssica Pereira, vice-campe\u00e3 no Pan-Americano e Oceania S\u00eanior. Cabe\u00e7a de chave 4 nos 52kg, J\u00e9ssica folgou na primeira rodada e estreou nas oitavas, superando a israelense Ilay Hayun com um yuko no \u00faltimo segundo de luta. Na sequ\u00eancia, venceu com facilidade a marroquina Soumiya Iraoui, com um waza-ari nos primeiros trinta segundos, seguido de um ippon. No entanto, a carioca sofreu rev\u00e9s na semifinal contra a alem\u00e3 Seija Ballhaus, que mais tarde levaria o ouro na categoria. Na luta pelo bronze, J\u00e9ssica encaixou uma imobiliza\u00e7\u00e3o perfeita contra a h\u00fangara Reka Pupp, for\u00e7ando-a a desistir do embate.<\/p>\n<p>A \u00faltima a confirmar o bronze no Grand Slam de Astana foi a paranaense Shirlen Nascimento nos 57kg, medalha de ouro no Pan-Americanano, no m\u00eas passado. Na primeira rodada, ela eliminou com um ippon a italiana Giulia Carna. Na luta seguinte, pelas quartas de final, Shirlen fez um embate acirrado contra a Faiza Mokdar, mas acabou superada no golden score ao ser projetada com um yuko. A brasileira se recuperou na repescagem, ao derrotar a atleta neutra Kseniia Galitskaia com um yuko no golden score. Com moral alto, Shirlen garantiu o bronze ao aplicar um ippon na atleta neutra Irina Zueva.<\/p>\n<h2>Programa\u00e7\u00e3o.<\/h2>\n<p><strong>S\u00e1bado (10)\u00a0\u2014\u00a0<\/strong>Nauana Silva (63kg), Rafaela Silva (63kg), Luana Carvalho (70kg), Gabriel Falc\u00e3o (81kg) e Luan Almeida (81kg).<\/p>\n<p><u>Hor\u00e1rio:<\/u>\u00a0Preliminares &#8211; 2h30 | Finais &#8211; 9h (hor\u00e1rio de Bras\u00edlia)<\/p>\n<p><strong>Domingo (11)\u00a0\u2014\u00a0<\/strong>Beatriz Freitas (78kg), Karol Gimenes (78kg), Beatriz Souza (+78kg), Giovani Ferreira (90kg), Marcelo Fronckowiak (90kg) e Rafael Buzacarini (+100kg).<\/p>\n<p><u>Hor\u00e1rio:<\/u>\u00a0Preliminares &#8211; 3h | Finais &#8211; 9h (hor\u00e1rio de Bras\u00edlia)<\/p>\n<p>Fonte: Ag\u00eancia Brasil<\/p>\n","protected":false},"excerpt":{"rendered":"<p>A delega\u00e7\u00e3o brasileira de jud\u00f4 come\u00e7ou com p\u00e9-direito o Grand Slam de Astana (Cazaquist\u00e3o), o \u00faltimo antes do Mundial S\u00eanior em junho. J\u00e9ssica Pereira, Natasha Ferreira e Shirlen Nascimento asseguraram bronze no primeiro dia de competi\u00e7\u00e3o, que re\u00fane 400 judocas de 47 pa\u00edses at\u00e9 o pr\u00f3ximo domingo (11). O Grand Slam pode render at\u00e9 1000 [&hellip;]<\/p>\n","protected":false},"author":246,"featured_media":228174,"comment_status":"closed","ping_status":"closed","sticky":false,"template":"","format":"standard","meta":{"footnotes":""},"categories":[436,440,257,439],"tags":[],"class_list":["post-228173","post","type-post","status-publish","format-standard","has-post-thumbnail","hentry","category-destaque-da-semana","category-destaques-do-dia","category-esporte","category-ultima-hora"],"_links":{"self":[{"href":"https:\/\/diarioregionaldigital.com.br\/index.php?rest_route=\/wp\/v2\/posts\/228173","targetHints":{"allow":["GET"]}}],"collection":[{"href":"https:\/\/diarioregionaldigital.com.br\/index.php?rest_route=\/wp\/v2\/posts"}],"about":[{"href":"https:\/\/diarioregionaldigital.com.br\/index.php?rest_route=\/wp\/v2\/types\/post"}],"author":[{"embeddable":true,"href":"https:\/\/diarioregionaldigital.com.br\/index.php?rest_route=\/wp\/v2\/users\/246"}],"replies":[{"embeddable":true,"href":"https:\/\/diarioregionaldigital.com.br\/index.php?rest_route=%2Fwp%2Fv2%2Fcomments&post=228173"}],"version-history":[{"count":1,"href":"https:\/\/diarioregionaldigital.com.br\/index.php?rest_route=\/wp\/v2\/posts\/228173\/revisions"}],"predecessor-version":[{"id":228175,"href":"https:\/\/diarioregionaldigital.com.br\/index.php?rest_route=\/wp\/v2\/posts\/228173\/revisions\/228175"}],"wp:featuredmedia":[{"embeddable":true,"href":"https:\/\/diarioregionaldigital.com.br\/index.php?rest_route=\/wp\/v2\/media\/228174"}],"wp:attachment":[{"href":"https:\/\/diarioregionaldigital.com.br\/index.php?rest_route=%2Fwp%2Fv2%2Fmedia&parent=228173"}],"wp:term":[{"taxonomy":"category","embeddable":true,"href":"https:\/\/diarioregionaldigital.com.br\/index.php?rest_route=%2Fwp%2Fv2%2Fcategories&post=228173"},{"taxonomy":"post_tag","embeddable":true,"href":"https:\/\/diarioregionaldigital.com.br\/index.php?rest_route=%2Fwp%2Fv2%2Ftags&post=228173"}],"curies":[{"name":"wp","href":"https:\/\/api.w.org\/{rel}","templated":true}]}}