{"id":228167,"date":"2025-05-09T19:45:08","date_gmt":"2025-05-09T22:45:08","guid":{"rendered":"https:\/\/diarioregionaldigital.com.br\/?p=228167"},"modified":"2025-05-09T19:45:08","modified_gmt":"2025-05-09T22:45:08","slug":"novo-acordo-de-mariana-instituicoes-e-atingidos-alinham-destinacao-de-lotes-de-bento-rodrigues-e-paracatu-de-baixo","status":"publish","type":"post","link":"https:\/\/diarioregionaldigital.com.br\/?p=228167","title":{"rendered":"Novo Acordo de Mariana: institui\u00e7\u00f5es e atingidos alinham destina\u00e7\u00e3o de lotes de Bento Rodrigues e Paracatu de Baixo"},"content":{"rendered":"<p>A\u00a0<a href=\"https:\/\/www.mg.gov.br\/planejamento\" target=\"_blank\" rel=\"noopener\">Secretaria de Estado de Planejamento e Gest\u00e3o (Seplag-MG)<\/a>, por meio do Comit\u00ea Pr\u00f3-Rio Doce, participou, nesta semana, de duas reuni\u00f5es nos reassentamentos de Paracatu de Baixo e Bento Rodrigues, em Mariana. O encontro com a popula\u00e7\u00e3o das comunidades atingidas pelo rompimento da barragem de Fund\u00e3o, em 2015, teve como objetivo definir os crit\u00e9rios para destina\u00e7\u00e3o dos lotes remanescentes.<\/p>\n<p>As reuni\u00f5es foram realizadas pela Prefeitura de Mariana, nos dias 7 e 8\/5, e contou tamb\u00e9m com a presen\u00e7a de representantes do Minist\u00e9rio P\u00fablico de Minas Gerais (MPMG) e da Defensoria P\u00fablica de Minas Gerais (DPMG).<\/p>\n<p>Uma das medidas estabelecidas por uma das comunidades foi a de destinar um lote perto da escola para cria\u00e7\u00e3o de uma horta pedag\u00f3gica. As \u00e1reas s\u00e3o aquelas que n\u00e3o foram escolhidas ou receberam uma ocupa\u00e7\u00e3o no processo inicial, quando as fam\u00edlias atingidas selecionaram seus lotes nos novos distritos.<\/p>\n<p>A assessora do Comit\u00ea Pr\u00f3-Rio Doce, Ana Cl\u00e1udia Botelho, destacou que as reuni\u00f5es foram marcadas por uma ampla participa\u00e7\u00e3o social. \u201cOs moradores dos reassentamentos apresentaram suas propostas, garantindo uma constru\u00e7\u00e3o conjunta e democr\u00e1tica dos crit\u00e9rios estabelecidos. Isso \u00e9 muito importante para fortalecer o protagonismo dos atingidos nas discuss\u00f5es\u201d, afirmou Ana Cl\u00e1udia.<\/p>\n<p><b>Novo acordo<\/b><\/p>\n<p>Os encontros fazem parte de uma s\u00e9rie de a\u00e7\u00f5es previstas no Novo Acordo de Repara\u00e7\u00e3o de Mariana, homologado em novembro de 2024, que estabeleceu obriga\u00e7\u00f5es para garantir a conclus\u00e3o das obras e a entrega dos reassentamentos \u00e0s comunidades atingidas.<\/p>\n<p>O acordo cont\u00e9m um anexo espec\u00edfico voltado exclusivamente para o munic\u00edpio de Mariana, que inclui a conclus\u00e3o, por parte das empresas compromiss\u00e1rias, dos reassentamentos de Bento Rodrigues e Paracatu de Baixo. Esses dois distritos foram diretamente atingidos e destru\u00eddos pelo rompimento da barragem. Por esse motivo, foi a necess\u00e1ria a reconstru\u00e7\u00e3o das comunidades em outros locais para reassentar as fam\u00edlias que perderam suas casas.<\/p>\n<p>Fonte: Ag\u00eancia Minas<\/p>\n","protected":false},"excerpt":{"rendered":"<p>A\u00a0Secretaria de Estado de Planejamento e Gest\u00e3o (Seplag-MG), por meio do Comit\u00ea Pr\u00f3-Rio Doce, participou, nesta semana, de duas reuni\u00f5es nos reassentamentos de Paracatu de Baixo e Bento Rodrigues, em Mariana. O encontro com a popula\u00e7\u00e3o das comunidades atingidas pelo rompimento da barragem de Fund\u00e3o, em 2015, teve como objetivo definir os crit\u00e9rios para destina\u00e7\u00e3o [&hellip;]<\/p>\n","protected":false},"author":246,"featured_media":228168,"comment_status":"closed","ping_status":"closed","sticky":false,"template":"","format":"standard","meta":{"footnotes":""},"categories":[436,261,254,439],"tags":[],"class_list":["post-228167","post","type-post","status-publish","format-standard","has-post-thumbnail","hentry","category-destaque-da-semana","category-economia","category-politica","category-ultima-hora"],"_links":{"self":[{"href":"https:\/\/diarioregionaldigital.com.br\/index.php?rest_route=\/wp\/v2\/posts\/228167","targetHints":{"allow":["GET"]}}],"collection":[{"href":"https:\/\/diarioregionaldigital.com.br\/index.php?rest_route=\/wp\/v2\/posts"}],"about":[{"href":"https:\/\/diarioregionaldigital.com.br\/index.php?rest_route=\/wp\/v2\/types\/post"}],"author":[{"embeddable":true,"href":"https:\/\/diarioregionaldigital.com.br\/index.php?rest_route=\/wp\/v2\/users\/246"}],"replies":[{"embeddable":true,"href":"https:\/\/diarioregionaldigital.com.br\/index.php?rest_route=%2Fwp%2Fv2%2Fcomments&post=228167"}],"version-history":[{"count":1,"href":"https:\/\/diarioregionaldigital.com.br\/index.php?rest_route=\/wp\/v2\/posts\/228167\/revisions"}],"predecessor-version":[{"id":228169,"href":"https:\/\/diarioregionaldigital.com.br\/index.php?rest_route=\/wp\/v2\/posts\/228167\/revisions\/228169"}],"wp:featuredmedia":[{"embeddable":true,"href":"https:\/\/diarioregionaldigital.com.br\/index.php?rest_route=\/wp\/v2\/media\/228168"}],"wp:attachment":[{"href":"https:\/\/diarioregionaldigital.com.br\/index.php?rest_route=%2Fwp%2Fv2%2Fmedia&parent=228167"}],"wp:term":[{"taxonomy":"category","embeddable":true,"href":"https:\/\/diarioregionaldigital.com.br\/index.php?rest_route=%2Fwp%2Fv2%2Fcategories&post=228167"},{"taxonomy":"post_tag","embeddable":true,"href":"https:\/\/diarioregionaldigital.com.br\/index.php?rest_route=%2Fwp%2Fv2%2Ftags&post=228167"}],"curies":[{"name":"wp","href":"https:\/\/api.w.org\/{rel}","templated":true}]}}