{"id":228164,"date":"2025-05-09T19:42:47","date_gmt":"2025-05-09T22:42:47","guid":{"rendered":"https:\/\/diarioregionaldigital.com.br\/?p=228164"},"modified":"2025-05-09T19:42:47","modified_gmt":"2025-05-09T22:42:47","slug":"governo-de-minas-amplia-para-todo-o-estado-o-agendamento-on-line-de-exames-medicos-e-psicologicos-da-cnh","status":"publish","type":"post","link":"https:\/\/diarioregionaldigital.com.br\/?p=228164","title":{"rendered":"Governo de Minas amplia para todo o estado o agendamento on-line de exames m\u00e9dicos e psicol\u00f3gicos da CNH"},"content":{"rendered":"<p>Em mais uma iniciativa de amplia\u00e7\u00e3o do acesso digital aos servi\u00e7os de tr\u00e2nsito, o\u00a0<a href=\"https:\/\/www.mg.gov.br\/\" target=\"_blank\" rel=\"noopener\">Governo de Minas<\/a>, por meio da\u00a0<a href=\"https:\/\/www.mg.gov.br\/planejamento\" target=\"_blank\" rel=\"noopener\">Secretaria de Estado de Planejamento e Gest\u00e3o de Minas Gerais (Seplag-MG)<\/a>, implementar\u00e1, a partir de 12\/5, o agendamento on-line em todo o estado para os exames m\u00e9dicos e psicol\u00f3gicos necess\u00e1rios nos processos relativos \u00e0 obten\u00e7\u00e3o ou manuten\u00e7\u00e3o da Carteira Nacional de Habilita\u00e7\u00e3o (CNH).<\/p>\n<p>Os procedimentos s\u00e3o realizados nas cl\u00ednicas credenciadas \u00e0\u00a0<a href=\"https:\/\/transito.mg.gov.br\/\" target=\"_blank\" rel=\"noopener\">Coordenadoria Estadual de Gest\u00e3o de Tr\u00e2nsito (CET-MG)<\/a>. A medida tem como objetivo proporcionar mais praticidade e agilidade na presta\u00e7\u00e3o dos servi\u00e7os de tr\u00e2nsito relacionados \u00e0 habilita\u00e7\u00e3o.<\/p>\n<p>Antes, o agendamento era feito por telefone com a cl\u00ednica. Com o agendamento digital, o cidad\u00e3o pode escolher o dia e o hor\u00e1rio de prefer\u00eancia, de acordo com a disponibilidade da cl\u00ednica credenciada.<\/p>\n<p>&nbsp;<\/p>\n<table border=\"0\" cellspacing=\"1\" cellpadding=\"1\" align=\"center\">\n<tbody>\n<tr>\n<td colspan=\"5\"><img decoding=\"async\" src=\"https:\/\/www.agenciaminas.mg.gov.br\/ckeditor_assets\/pictures\/20949\/content_2_olho_topo.jpg\" alt=\"\" \/><\/td>\n<\/tr>\n<tr>\n<td><\/td>\n<td colspan=\"3\" rowspan=\"3\">\n<h1><strong>&#8220;Com essa inova\u00e7\u00e3o, os candidatos podem marcar seus atendimentos diretamente no site da\u00a0<a href=\"https:\/\/transito.mg.gov.br\/\" target=\"_blank\" rel=\"noopener\">CET-MG<\/a>. O sistema permite escolher datas e hor\u00e1rios mais convenientes, promovendo um atendimento mais organizado e personalizado. O agendamento on-line tamb\u00e9m facilita o controle e a gest\u00e3o das cl\u00ednicas, otimizando os recursos e melhorando a qualidade do servi\u00e7o prestado&#8221;, afirma a superintendente de Habilita\u00e7\u00e3o da CET-MG, Christiane Lazzarotti.<\/strong><\/h1>\n<\/td>\n<td><\/td>\n<\/tr>\n<tr>\n<td><\/td>\n<td><\/td>\n<\/tr>\n<tr>\n<td><\/td>\n<td><\/td>\n<\/tr>\n<tr>\n<td colspan=\"5\"><img decoding=\"async\" src=\"https:\/\/www.agenciaminas.mg.gov.br\/ckeditor_assets\/pictures\/20950\/content_2_olho_inferior.jpg\" alt=\"\" \/><\/td>\n<\/tr>\n<\/tbody>\n<\/table>\n<p>&nbsp;<\/p>\n<p>As cl\u00ednicas m\u00e9dicas e psicol\u00f3gicas s\u00e3o credenciadas para realizar os exames de aptid\u00e3o f\u00edsica e de avalia\u00e7\u00e3o psicol\u00f3gica em candidatos \u00e0 permiss\u00e3o para dirigir ve\u00edculo automotor, \u00e0 altera\u00e7\u00e3o de categoria, e para condutores que desejam renovar a CNH.<\/p>\n<p><strong>Como agendar<\/strong><\/p>\n<p>Para agendar os exames, o candidato ou condutor deve acessar site da\u00a0<a href=\"https:\/\/transito.mg.gov.br\/\" target=\"_blank\" rel=\"noopener\">CET-MG<\/a>. Depois de clicar na aba \u201chabilita\u00e7\u00e3o\u201d, o cidad\u00e3o escolher\u00e1 o servi\u00e7o desejado. Nesta etapa, estar\u00e1 descrito o passo a passo para conclus\u00e3o do servi\u00e7o.<\/p>\n<p>Na p\u00e1gina do servi\u00e7o, basta preencher o formul\u00e1rio e emitir o Documento de Arrecada\u00e7\u00e3o Estadual (DAE). Quando o cidad\u00e3o optar pelo pagamento via Pix, a confirma\u00e7\u00e3o ocorrer\u00e1 instantaneamente e ele ser\u00e1 redirecionado para a p\u00e1gina de agendamento. Se escolher outra forma de pagamento, o cidad\u00e3o dever\u00e1 aguardar a compensa\u00e7\u00e3o banc\u00e1ria da taxa para marcar a avalia\u00e7\u00e3o.<\/p>\n<p>O sistema automaticamente direciona o candidato para uma cl\u00ednica credenciada, dando a op\u00e7\u00e3o de escolha de dias e hor\u00e1rios. Os exames m\u00e9dico e psicol\u00f3gico ser\u00e3o pagos diretamente para a cl\u00ednica no dia do atendimento. O pagamento poder\u00e1 ser feito em dinheiro, cart\u00e3o ou Pix.<\/p>\n<p>Se for necess\u00e1rio, o cidad\u00e3o pode acessar o site da CET-MG e reagendar os exames. Em caso de d\u00favidas durante a realiza\u00e7\u00e3o do servi\u00e7o desejado e agendamento dos exames m\u00e9dico e psicol\u00f3gico, o candidato pode entrar em contato com a CET-MG por meio do site, na aba \u201catendimento\u201d.<\/p>\n<p>Fonte: Ag\u00eancia Minas<\/p>\n","protected":false},"excerpt":{"rendered":"<p>Em mais uma iniciativa de amplia\u00e7\u00e3o do acesso digital aos servi\u00e7os de tr\u00e2nsito, o\u00a0Governo de Minas, por meio da\u00a0Secretaria de Estado de Planejamento e Gest\u00e3o de Minas Gerais (Seplag-MG), implementar\u00e1, a partir de 12\/5, o agendamento on-line em todo o estado para os exames m\u00e9dicos e psicol\u00f3gicos necess\u00e1rios nos processos relativos \u00e0 obten\u00e7\u00e3o ou manuten\u00e7\u00e3o [&hellip;]<\/p>\n","protected":false},"author":246,"featured_media":228165,"comment_status":"closed","ping_status":"closed","sticky":false,"template":"","format":"standard","meta":{"footnotes":""},"categories":[436,440,261,254,439],"tags":[],"class_list":["post-228164","post","type-post","status-publish","format-standard","has-post-thumbnail","hentry","category-destaque-da-semana","category-destaques-do-dia","category-economia","category-politica","category-ultima-hora"],"_links":{"self":[{"href":"https:\/\/diarioregionaldigital.com.br\/index.php?rest_route=\/wp\/v2\/posts\/228164","targetHints":{"allow":["GET"]}}],"collection":[{"href":"https:\/\/diarioregionaldigital.com.br\/index.php?rest_route=\/wp\/v2\/posts"}],"about":[{"href":"https:\/\/diarioregionaldigital.com.br\/index.php?rest_route=\/wp\/v2\/types\/post"}],"author":[{"embeddable":true,"href":"https:\/\/diarioregionaldigital.com.br\/index.php?rest_route=\/wp\/v2\/users\/246"}],"replies":[{"embeddable":true,"href":"https:\/\/diarioregionaldigital.com.br\/index.php?rest_route=%2Fwp%2Fv2%2Fcomments&post=228164"}],"version-history":[{"count":1,"href":"https:\/\/diarioregionaldigital.com.br\/index.php?rest_route=\/wp\/v2\/posts\/228164\/revisions"}],"predecessor-version":[{"id":228166,"href":"https:\/\/diarioregionaldigital.com.br\/index.php?rest_route=\/wp\/v2\/posts\/228164\/revisions\/228166"}],"wp:featuredmedia":[{"embeddable":true,"href":"https:\/\/diarioregionaldigital.com.br\/index.php?rest_route=\/wp\/v2\/media\/228165"}],"wp:attachment":[{"href":"https:\/\/diarioregionaldigital.com.br\/index.php?rest_route=%2Fwp%2Fv2%2Fmedia&parent=228164"}],"wp:term":[{"taxonomy":"category","embeddable":true,"href":"https:\/\/diarioregionaldigital.com.br\/index.php?rest_route=%2Fwp%2Fv2%2Fcategories&post=228164"},{"taxonomy":"post_tag","embeddable":true,"href":"https:\/\/diarioregionaldigital.com.br\/index.php?rest_route=%2Fwp%2Fv2%2Ftags&post=228164"}],"curies":[{"name":"wp","href":"https:\/\/api.w.org\/{rel}","templated":true}]}}