{"id":228158,"date":"2025-05-09T19:35:24","date_gmt":"2025-05-09T22:35:24","guid":{"rendered":"https:\/\/diarioregionaldigital.com.br\/?p=228158"},"modified":"2025-05-09T19:35:24","modified_gmt":"2025-05-09T22:35:24","slug":"if-sudeste-mg-abre-inscricoes-para-o-processo-seletivo-2025-2-nesta-sexta-feira-9","status":"publish","type":"post","link":"https:\/\/diarioregionaldigital.com.br\/?p=228158","title":{"rendered":"IF Sudeste MG abre inscri\u00e7\u00f5es para o Processo Seletivo 2025\/2 nesta sexta-feira (9)"},"content":{"rendered":"<div>O Instituto Federal do Sudeste de Minas Gerais (IF Sudeste MG) deu o pontap\u00e9 inicial na segunda sele\u00e7\u00e3o de estudantes do ano. Nesta segunda-feira (5), foram lan\u00e7ados os <a title=\"\" href=\"https:\/\/www.ifsudestemg.edu.br\/hotsites\/processo-seletivo-2025-2\/editais\" target=\"_blank\" rel=\"noopener\" data-saferedirecturl=\"https:\/\/www.google.com\/url?q=https:\/\/www.ifsudestemg.edu.br\/hotsites\/processo-seletivo-2025-2\/editais&amp;source=gmail&amp;ust=1746916344937000&amp;usg=AOvVaw2mzCM4cjB4SBcOojBKMjEl\">editais do Processo Seletivo 2025\/2<\/a>\u00a0que oferece um total de\u00a0<strong>1.014 vagas<\/strong>\u00a0para interessados em iniciar um curso j\u00e1 no\u00a0<strong>segundo semestre<\/strong>. Os editais e todas as informa\u00e7\u00f5es relacionadas \u00e0 sele\u00e7\u00e3o est\u00e3o dispon\u00edveis no site oficial:\u00a0<strong><a title=\"\" href=\"https:\/\/www.ifsudestemg.edu.br\/hotsites\/processo-seletivo-2025-2\" target=\"_blank\" rel=\"noopener\" data-saferedirecturl=\"https:\/\/www.google.com\/url?q=https:\/\/www.ifsudestemg.edu.br\/hotsites\/processo-seletivo-2025-2&amp;source=gmail&amp;ust=1746916344937000&amp;usg=AOvVaw0lGt39c3dIxIeZAiN8EP8Q\">www.ifsudestemg.edu.<wbr \/>br\/processoseletivo<\/a><\/strong><\/div>\n<div>\n<p dir=\"ltr\">As oportunidades variam\u00a0<strong>do t\u00e9cnico ao doutorado<\/strong>\u00a0e envolvem quase todos os campi da institui\u00e7\u00e3o: Barbacena, Bom Sucesso, Cataguases, Juiz de Fora, Manhua\u00e7u, Rio Pomba, Santos Dumont, S\u00e3o Jo\u00e3o del-Rei e Ub\u00e1. As\u00a0<strong>inscri\u00e7\u00f5es<\/strong>\u00a0ser\u00e3o abertas nesta\u00a0<strong>sexta-feira (9)<\/strong>\u00a0e poder\u00e3o ser realizadas utilizando-se um computador (n\u00e3o s\u00e3o recomendados celulares ou tablets). Tamb\u00e9m \u00e9 necess\u00e1rio possuir\u00a0<strong>conta no\u00a0<a href=\"http:\/\/gov.br\/\" target=\"_blank\" rel=\"noopener\" data-saferedirecturl=\"https:\/\/www.google.com\/url?q=http:\/\/GOV.BR&amp;source=gmail&amp;ust=1746916344937000&amp;usg=AOvVaw3rXmznxDg1cGaEy7drwcb3\">GOV.BR<\/a><\/strong>, j\u00e1 que o acesso ao sistema de inscri\u00e7\u00f5es do Processo Seletivo dever\u00e1 ser feito utilizando-se as mesmas credenciais (login e senha).<\/p>\n<p dir=\"ltr\"><a href=\"https:\/\/www.ifsudestemg.edu.br\/noticias\/reitoria\/2025\/05\/editais-lancados-if-sudeste-mg-abre-inscricoes-para-o-processo-seletivo-2025-2-nesta-sexta-feira-9\" target=\"_blank\" rel=\"noopener\" data-saferedirecturl=\"https:\/\/www.google.com\/url?q=https:\/\/www.ifsudestemg.edu.br\/noticias\/reitoria\/2025\/05\/editais-lancados-if-sudeste-mg-abre-inscricoes-para-o-processo-seletivo-2025-2-nesta-sexta-feira-9&amp;source=gmail&amp;ust=1746916344937000&amp;usg=AOvVaw1RM6em0UVUMpkiVfe7PEam\">Confira a rela\u00e7\u00e3o de campi e vagas no portal do IF Sudeste MG<\/a><\/p>\n<h3 dir=\"ltr\"><span style=\"font-size: small;\">Novidades da edi\u00e7\u00e3o 2025\/2<\/span><\/h3>\n<p dir=\"ltr\">Os editais do Processo Seletivo 2025\/2 trazem novidades em rela\u00e7\u00e3o aos anteriores: a come\u00e7ar pelas\u00a0<strong>capas<\/strong>, que introduzem o documento com a\u00a0<strong>identidade visual da campanha<\/strong>. Dessa maneira, o(a) candidato(a) poder\u00e1 identificar mais facilmente de qual edi\u00e7\u00e3o se trata, al\u00e9m de reconhecer de forma r\u00e1pida qual a\u00a0<strong>modalidade de curso<\/strong>\u00a0cujas regras de sele\u00e7\u00e3o encontram-se ali dispostas.<\/p>\n<p dir=\"ltr\">Na sequ\u00eancia, um\u00a0<strong>sum\u00e1rio clic\u00e1vel<\/strong>\u00a0busca facilitar a navegabilidade do(a) candidato(a) dentro dos diferentes assuntos do documento e os anexos (que cont\u00eam, por exemplo, modelos de formul\u00e1rios) est\u00e3o dispon\u00edveis em\u00a0<b>formato edit\u00e1vel<\/b>. Por fim, um\u00a0<strong>fluxograma ilustrado<\/strong>\u00a0evidencia os caminhos para quem deseja encontrar o\u00a0<strong>grupo de concorr\u00eancia<\/strong>\u00a0mais adequado \u00e0 sua condi\u00e7\u00e3o. Sobre isso, a Diretoria de Processos Seletivos alerta que, pela Lei 14.723\/2023, todos que concorrerem \u00e0s vagas destinadas a estudantes de escola p\u00fablica tamb\u00e9m concorrem (ao menos inicialmente) no grupo de Ampla Concorr\u00eancia.<\/p>\n<h3><span style=\"font-size: small;\">Isen\u00e7\u00e3o e taxas<\/span><\/h3>\n<p dir=\"ltr\">O IF Sudeste MG \u00e9 uma institui\u00e7\u00e3o inteiramente p\u00fablica e gratuita, portanto,\u00a0<strong>n\u00e3o h\u00e1 cobran\u00e7a de mensalidade<\/strong>\u00a0pelos cursos. Apenas para participar do processo seletivo, o(a) candidato(a) deve pagar uma taxa, que varia de acordo com a modalidade de curso:\u00a0<strong>R$15 para cursos t\u00e9cnicos<\/strong>\u00a0(incluindo Proeja) e\u00a0<strong>R$50 para cursos superiores<\/strong>\u00a0(gradua\u00e7\u00e3o e p\u00f3s-gradua\u00e7\u00f5es).<\/p>\n<p dir=\"ltr\">Contudo, quem estudou em escola p\u00fablica tem direito \u00e0 gratuidade inclusive na etapa de inscri\u00e7\u00f5es. Para solicitar, \u00e9 necess\u00e1rio, ANTES DE SE INSCREVER, comprovar que\u00a0<strong>cursou todas as s\u00e9ries do Ensino Fundamental (1\u00ba ao 9\u00ba ano) em escola da rede p\u00fablica<\/strong>, ou como bolsista integral em escola da rede privada. A solicita\u00e7\u00e3o da isen\u00e7\u00e3o da taxa de inscri\u00e7\u00e3o deve ser feita de\u00a0<strong>9 a 19 de maio<\/strong>, da seguinte forma:<\/p>\n<p dir=\"ltr\">&#8211;\u00a0<strong>Presencialmente<\/strong>, conforme hor\u00e1rios de atendimento dos campi. Neste caso, antes de comparecer ao campus, o(a) candidato(a) deve imprimir e preencher o Requerimento de Isen\u00e7\u00e3o de taxa de inscri\u00e7\u00e3o (Anexo II do edital). Em seguida, dever\u00e3o ser apresentados tanto o requerimento quanto a documenta\u00e7\u00e3o comprobat\u00f3ria;<\/p>\n<p dir=\"ltr\"><strong>-On-line<\/strong>, por meio\u00a0<a href=\"https:\/\/forms.gle\/gB3jGtAwJ6CQE8Sc8\" target=\"_blank\" rel=\"noopener\" data-saferedirecturl=\"https:\/\/www.google.com\/url?q=https:\/\/forms.gle\/gB3jGtAwJ6CQE8Sc8&amp;source=gmail&amp;ust=1746916344937000&amp;usg=AOvVaw3gjvUdQmqr22WInYYyhi-f\">deste formul\u00e1rio<\/a>. Tamb\u00e9m \u00e9 necess\u00e1rio anexar documentos comprobat\u00f3rios, conforme indicado nos editais de sele\u00e7\u00e3o.<\/p>\n<p dir=\"ltr\">Ap\u00f3s a leitura do edital, caso ainda haja d\u00favidas, interessados devem entrar em contato pelo e-mail:\u00a0<a href=\"mailto:copese@ifsudestemg.edu.br\" target=\"_blank\" rel=\"noopener\">copese@ifsudestemg.edu.br<\/a><\/p>\n<\/div>\n","protected":false},"excerpt":{"rendered":"<p>O Instituto Federal do Sudeste de Minas Gerais (IF Sudeste MG) deu o pontap\u00e9 inicial na segunda sele\u00e7\u00e3o de estudantes do ano. Nesta segunda-feira (5), foram lan\u00e7ados os editais do Processo Seletivo 2025\/2\u00a0que oferece um total de\u00a01.014 vagas\u00a0para interessados em iniciar um curso j\u00e1 no\u00a0segundo semestre. Os editais e todas as informa\u00e7\u00f5es relacionadas \u00e0 sele\u00e7\u00e3o [&hellip;]<\/p>\n","protected":false},"author":246,"featured_media":228159,"comment_status":"closed","ping_status":"closed","sticky":false,"template":"","format":"standard","meta":{"footnotes":""},"categories":[252],"tags":[],"class_list":["post-228158","post","type-post","status-publish","format-standard","has-post-thumbnail","hentry","category-regiao"],"_links":{"self":[{"href":"https:\/\/diarioregionaldigital.com.br\/index.php?rest_route=\/wp\/v2\/posts\/228158","targetHints":{"allow":["GET"]}}],"collection":[{"href":"https:\/\/diarioregionaldigital.com.br\/index.php?rest_route=\/wp\/v2\/posts"}],"about":[{"href":"https:\/\/diarioregionaldigital.com.br\/index.php?rest_route=\/wp\/v2\/types\/post"}],"author":[{"embeddable":true,"href":"https:\/\/diarioregionaldigital.com.br\/index.php?rest_route=\/wp\/v2\/users\/246"}],"replies":[{"embeddable":true,"href":"https:\/\/diarioregionaldigital.com.br\/index.php?rest_route=%2Fwp%2Fv2%2Fcomments&post=228158"}],"version-history":[{"count":1,"href":"https:\/\/diarioregionaldigital.com.br\/index.php?rest_route=\/wp\/v2\/posts\/228158\/revisions"}],"predecessor-version":[{"id":228160,"href":"https:\/\/diarioregionaldigital.com.br\/index.php?rest_route=\/wp\/v2\/posts\/228158\/revisions\/228160"}],"wp:featuredmedia":[{"embeddable":true,"href":"https:\/\/diarioregionaldigital.com.br\/index.php?rest_route=\/wp\/v2\/media\/228159"}],"wp:attachment":[{"href":"https:\/\/diarioregionaldigital.com.br\/index.php?rest_route=%2Fwp%2Fv2%2Fmedia&parent=228158"}],"wp:term":[{"taxonomy":"category","embeddable":true,"href":"https:\/\/diarioregionaldigital.com.br\/index.php?rest_route=%2Fwp%2Fv2%2Fcategories&post=228158"},{"taxonomy":"post_tag","embeddable":true,"href":"https:\/\/diarioregionaldigital.com.br\/index.php?rest_route=%2Fwp%2Fv2%2Ftags&post=228158"}],"curies":[{"name":"wp","href":"https:\/\/api.w.org\/{rel}","templated":true}]}}