{"id":228154,"date":"2025-05-08T20:10:40","date_gmt":"2025-05-08T23:10:40","guid":{"rendered":"https:\/\/diarioregionaldigital.com.br\/?p=228154"},"modified":"2025-05-08T20:10:40","modified_gmt":"2025-05-08T23:10:40","slug":"juiz-de-fora-adere-ao-segundo-ciclo-da-politica-nacional-aldir-blanc-e-reforca-compromisso-com-a-cultura","status":"publish","type":"post","link":"https:\/\/diarioregionaldigital.com.br\/?p=228154","title":{"rendered":"Juiz de Fora adere ao segundo ciclo da Pol\u00edtica Nacional Aldir Blanc e refor\u00e7a compromisso com a cultura"},"content":{"rendered":"<p>Segundo informa\u00e7\u00f5es do site da Prefeitura de Juiz de Fora (PJF), nesta quarta-feira, 7 de maio de 2025, Juiz de Fora oficializou sua ades\u00e3o ao segundo ciclo da Pol\u00edtica Nacional Aldir Blanc de Fomento \u00e0 Cultura (Pnab), consolidando seu compromisso com o fortalecimento do setor cultural local. A iniciativa permitir\u00e1 ao munic\u00edpio acessar recursos federais destinados a apoiar artistas, coletivos e institui\u00e7\u00f5es culturais, por meio de editais, bolsas, pr\u00eamios e investimentos em infraestrutura cultural.<\/p>\n<p><strong>O que \u00e9 a\u00a0Pnab?<\/strong><\/p>\n<p>Institu\u00edda pela Lei\u00a014.399\/2022, a\u00a0Pnab\u00a0\u00e9 uma pol\u00edtica p\u00fablica permanente que visa descentralizar e democratizar o financiamento da cultura no Brasil. Entre 2023 e 2027, a Uni\u00e3o destinar\u00e1 R$ 15 bilh\u00f5es \u2014 R$ 3 bilh\u00f5es por ano \u2014 a estados, munic\u00edpios e ao Distrito Federal para execu\u00e7\u00e3o de a\u00e7\u00f5es culturais em seus territ\u00f3rios.<\/p>\n<p>Os recursos s\u00e3o transferidos mediante a apresenta\u00e7\u00e3o de um Plano de A\u00e7\u00e3o elaborado pelos entes federativos, que deve detalhar metas, cronogramas e atividades culturais previstas. Esse plano \u00e9 submetido \u00e0 plataforma TransfereGov para an\u00e1lise e aprova\u00e7\u00e3o pelo Minist\u00e9rio da Cultura (MinC).<\/p>\n<p><strong>Como funciona o segundo ciclo<\/strong><\/p>\n<p>Para participar do segundo ciclo, os entes federativos devem comprovar a execu\u00e7\u00e3o de pelo menos 60% dos recursos recebidos no primeiro ciclo e demonstrar destina\u00e7\u00e3o de recursos pr\u00f3prios para a cultura. Essa exig\u00eancia visa garantir que os investimentos federais complementem, e n\u00e3o substituam, os esfor\u00e7os locais no setor cultural.<\/p>\n<p>Ap\u00f3s a aprova\u00e7\u00e3o do Plano de A\u00e7\u00e3o, o munic\u00edpio assina o Termo de Ades\u00e3o e, posteriormente, realiza uma consulta p\u00fablica para definir o Plano de Aplica\u00e7\u00e3o dos Recursos, que orientar\u00e1 a execu\u00e7\u00e3o das a\u00e7\u00f5es culturais no territ\u00f3rio .<\/p>\n<p><strong>Impacto em Juiz de Fora<\/strong><\/p>\n<p>Com a ades\u00e3o ao segundo ciclo da\u00a0Pnab, Juiz de Fora refor\u00e7a seu compromisso com o desenvolvimento cultural local, ampliando as oportunidades para artistas e agentes culturais da cidade. A expectativa \u00e9\u00a0de\u00a0que os recursos federais fortale\u00e7am iniciativas j\u00e1 existentes e possibilitem a cria\u00e7\u00e3o de novos projetos, contribuindo para a diversidade e riqueza cultural do munic\u00edpio.<\/p>\n<p>A ades\u00e3o tamb\u00e9m representa um passo importante na consolida\u00e7\u00e3o de pol\u00edticas p\u00fablicas culturais estruturantes, promovendo a participa\u00e7\u00e3o social e a valoriza\u00e7\u00e3o da cultura como vetor de desenvolvimento social e econ\u00f4mico.<\/p>\n<p>Para outras informa\u00e7\u00f5es sobre a\u00a0Pnab\u00a0e seus ciclos de financiamento, acesse o<strong>\u00a0<a href=\"http:\/\/www.gov.br\/cultura\/pt-br\/assuntos\/pnab\"><u>site oficial do Minist\u00e9rio da Cultura<\/u><\/a><\/strong>.<\/p>\n","protected":false},"excerpt":{"rendered":"<p>Segundo informa\u00e7\u00f5es do site da Prefeitura de Juiz de Fora (PJF), nesta quarta-feira, 7 de maio de 2025, Juiz de Fora oficializou sua ades\u00e3o ao segundo ciclo da Pol\u00edtica Nacional Aldir Blanc de Fomento \u00e0 Cultura (Pnab), consolidando seu compromisso com o fortalecimento do setor cultural local. A iniciativa permitir\u00e1 ao munic\u00edpio acessar recursos federais [&hellip;]<\/p>\n","protected":false},"author":246,"featured_media":228155,"comment_status":"closed","ping_status":"closed","sticky":false,"template":"","format":"standard","meta":{"footnotes":""},"categories":[253,436,439],"tags":[],"class_list":["post-228154","post","type-post","status-publish","format-standard","has-post-thumbnail","hentry","category-cidade","category-destaque-da-semana","category-ultima-hora"],"_links":{"self":[{"href":"https:\/\/diarioregionaldigital.com.br\/index.php?rest_route=\/wp\/v2\/posts\/228154","targetHints":{"allow":["GET"]}}],"collection":[{"href":"https:\/\/diarioregionaldigital.com.br\/index.php?rest_route=\/wp\/v2\/posts"}],"about":[{"href":"https:\/\/diarioregionaldigital.com.br\/index.php?rest_route=\/wp\/v2\/types\/post"}],"author":[{"embeddable":true,"href":"https:\/\/diarioregionaldigital.com.br\/index.php?rest_route=\/wp\/v2\/users\/246"}],"replies":[{"embeddable":true,"href":"https:\/\/diarioregionaldigital.com.br\/index.php?rest_route=%2Fwp%2Fv2%2Fcomments&post=228154"}],"version-history":[{"count":1,"href":"https:\/\/diarioregionaldigital.com.br\/index.php?rest_route=\/wp\/v2\/posts\/228154\/revisions"}],"predecessor-version":[{"id":228156,"href":"https:\/\/diarioregionaldigital.com.br\/index.php?rest_route=\/wp\/v2\/posts\/228154\/revisions\/228156"}],"wp:featuredmedia":[{"embeddable":true,"href":"https:\/\/diarioregionaldigital.com.br\/index.php?rest_route=\/wp\/v2\/media\/228155"}],"wp:attachment":[{"href":"https:\/\/diarioregionaldigital.com.br\/index.php?rest_route=%2Fwp%2Fv2%2Fmedia&parent=228154"}],"wp:term":[{"taxonomy":"category","embeddable":true,"href":"https:\/\/diarioregionaldigital.com.br\/index.php?rest_route=%2Fwp%2Fv2%2Fcategories&post=228154"},{"taxonomy":"post_tag","embeddable":true,"href":"https:\/\/diarioregionaldigital.com.br\/index.php?rest_route=%2Fwp%2Fv2%2Ftags&post=228154"}],"curies":[{"name":"wp","href":"https:\/\/api.w.org\/{rel}","templated":true}]}}