{"id":228138,"date":"2025-05-08T20:03:26","date_gmt":"2025-05-08T23:03:26","guid":{"rendered":"https:\/\/diarioregionaldigital.com.br\/?p=228138"},"modified":"2025-05-08T20:03:26","modified_gmt":"2025-05-08T23:03:26","slug":"governo-de-minas-disponibiliza-ao-publico-os-planos-de-manejo-de-unidades-de-conservacao-privadas","status":"publish","type":"post","link":"https:\/\/diarioregionaldigital.com.br\/?p=228138","title":{"rendered":"Governo de Minas disponibiliza ao p\u00fablico os planos de manejo de unidades de conserva\u00e7\u00e3o privadas"},"content":{"rendered":"<p>Os planos de manejo das Reservas Particulares do Patrim\u00f4nio Natural (RPPN) reconhecidas pelo\u00a0<a href=\"https:\/\/www.ief.mg.gov.br\/\" target=\"_blank\" rel=\"noopener\">Instituto Estadual de Florestas (IEF)<\/a>\u00a0est\u00e3o sendo gradualmente disponibilizados ao p\u00fablico por meio da\u00a0<a href=\"https:\/\/biblioteca.meioambiente.mg.gov.br\/TerminalWeb\" target=\"_blank\" rel=\"noopener\">Biblioteca Virtual Sophia<\/a>. A iniciativa tem como objetivo ampliar o acesso \u00e0 informa\u00e7\u00e3o e fortalecer a gest\u00e3o e preserva\u00e7\u00e3o dessas \u00e1reas protegidas.<\/p>\n<p>As RPPNs s\u00e3o unidades de conserva\u00e7\u00e3o criadas em \u00e1reas privadas, com car\u00e1ter perp\u00e9tuo, destinadas \u00e0 prote\u00e7\u00e3o da biodiversidade. At\u00e9 o momento, o IEF j\u00e1 reconheceu 297 reservas desse tipo, das quais 76 contam com planos de manejo aprovados, que s\u00e3o documentos t\u00e9cnicos que orientam a gest\u00e3o e o uso sustent\u00e1vel das \u00e1reas.<\/p>\n<p>A Biblioteca Sophia \u00e9 uma plataforma digital que re\u00fane um vasto acervo de livros, artigos e documentos acad\u00eamicos. O IEF j\u00e1 disponibilizava ali os planos de manejo das unidades de conserva\u00e7\u00e3o p\u00fablicas e, agora, amplia o acesso incluindo tamb\u00e9m os das RPPNs. A publica\u00e7\u00e3o desses documentos visa facilitar o trabalho de pesquisadores, estudantes e profissionais da \u00e1rea ambiental, e respeita as diretrizes da Lei Geral de Prote\u00e7\u00e3o de Dados (LGPD), com informa\u00e7\u00f5es sens\u00edveis devidamente ocultadas.<\/p>\n<p>&#8220;A possibilidade de disponibilizar estes planos na Biblioteca Sophia, assim como das unidades de conserva\u00e7\u00e3o p\u00fablicas, \u00e9 uma inova\u00e7\u00e3o bastante estrat\u00e9gica&#8221;, diz\u00a0o gerente de Cria\u00e7\u00e3o e Manejo de Unidades de Conserva\u00e7\u00e3o do IEF, Edmar Monteiro. Ele esclarece que a proposta do instituto \u00e9 aprimorar, continuamente, ferramentas que aumentem a acessibilidade dos dados referentes \u00e0s unidades estaduais.<\/p>\n<p>&#8220;Mesmo que as RPPNs sejam unidades formadas por \u00e1reas particulares, divulgar seus planos de manejo, documento que estabelece o seu zoneamento e normas, \u00e9 de suma import\u00e2ncia quando entendemos estas unidades no contexto do Sistema Estadual de Unidades de Conserva\u00e7\u00e3o&#8221;, refor\u00e7a Monteiro.<\/p>\n<p>At\u00e9 o momento, 21 planos de manejo de RPPNs j\u00e1 est\u00e3o acess\u00edveis na plataforma. A inclus\u00e3o dos demais ser\u00e1 feita de forma gradual.<\/p>\n<p>Fonte: Ag\u00eancia Minas<\/p>\n","protected":false},"excerpt":{"rendered":"<p>Os planos de manejo das Reservas Particulares do Patrim\u00f4nio Natural (RPPN) reconhecidas pelo\u00a0Instituto Estadual de Florestas (IEF)\u00a0est\u00e3o sendo gradualmente disponibilizados ao p\u00fablico por meio da\u00a0Biblioteca Virtual Sophia. A iniciativa tem como objetivo ampliar o acesso \u00e0 informa\u00e7\u00e3o e fortalecer a gest\u00e3o e preserva\u00e7\u00e3o dessas \u00e1reas protegidas. As RPPNs s\u00e3o unidades de conserva\u00e7\u00e3o criadas em \u00e1reas [&hellip;]<\/p>\n","protected":false},"author":246,"featured_media":228139,"comment_status":"closed","ping_status":"closed","sticky":false,"template":"","format":"standard","meta":{"footnotes":""},"categories":[436,261,254,439],"tags":[],"class_list":["post-228138","post","type-post","status-publish","format-standard","has-post-thumbnail","hentry","category-destaque-da-semana","category-economia","category-politica","category-ultima-hora"],"_links":{"self":[{"href":"https:\/\/diarioregionaldigital.com.br\/index.php?rest_route=\/wp\/v2\/posts\/228138","targetHints":{"allow":["GET"]}}],"collection":[{"href":"https:\/\/diarioregionaldigital.com.br\/index.php?rest_route=\/wp\/v2\/posts"}],"about":[{"href":"https:\/\/diarioregionaldigital.com.br\/index.php?rest_route=\/wp\/v2\/types\/post"}],"author":[{"embeddable":true,"href":"https:\/\/diarioregionaldigital.com.br\/index.php?rest_route=\/wp\/v2\/users\/246"}],"replies":[{"embeddable":true,"href":"https:\/\/diarioregionaldigital.com.br\/index.php?rest_route=%2Fwp%2Fv2%2Fcomments&post=228138"}],"version-history":[{"count":1,"href":"https:\/\/diarioregionaldigital.com.br\/index.php?rest_route=\/wp\/v2\/posts\/228138\/revisions"}],"predecessor-version":[{"id":228140,"href":"https:\/\/diarioregionaldigital.com.br\/index.php?rest_route=\/wp\/v2\/posts\/228138\/revisions\/228140"}],"wp:featuredmedia":[{"embeddable":true,"href":"https:\/\/diarioregionaldigital.com.br\/index.php?rest_route=\/wp\/v2\/media\/228139"}],"wp:attachment":[{"href":"https:\/\/diarioregionaldigital.com.br\/index.php?rest_route=%2Fwp%2Fv2%2Fmedia&parent=228138"}],"wp:term":[{"taxonomy":"category","embeddable":true,"href":"https:\/\/diarioregionaldigital.com.br\/index.php?rest_route=%2Fwp%2Fv2%2Fcategories&post=228138"},{"taxonomy":"post_tag","embeddable":true,"href":"https:\/\/diarioregionaldigital.com.br\/index.php?rest_route=%2Fwp%2Fv2%2Ftags&post=228138"}],"curies":[{"name":"wp","href":"https:\/\/api.w.org\/{rel}","templated":true}]}}