{"id":228129,"date":"2025-05-08T19:59:29","date_gmt":"2025-05-08T22:59:29","guid":{"rendered":"https:\/\/diarioregionaldigital.com.br\/?p=228129"},"modified":"2025-05-08T19:59:29","modified_gmt":"2025-05-08T22:59:29","slug":"governador-apresenta-avancos-da-economia-mineira-para-lideres-das-maiores-empresas-do-estado","status":"publish","type":"post","link":"https:\/\/diarioregionaldigital.com.br\/?p=228129","title":{"rendered":"Governador apresenta avan\u00e7os da economia mineira para l\u00edderes das maiores empresas do estado"},"content":{"rendered":"<p>O governador Romeu Zema participou, nesta quinta-feira (8\/5), em Belo Horizonte, do encontro da Word Trade Center (WTC) Business Club que marcou o retorno das opera\u00e7\u00f5es presenciais da entidade na capital mineira. A reuni\u00e3o contou com a presen\u00e7a de CEOs e presidentes de grandes empresas.<\/p>\n<p>O WTC conecta e impulsiona neg\u00f3cios na Regi\u00e3o Metropolitana de Belo Horizonte (RMBH). O Business Club oferece \u00e0s empresas e executivos a oportunidade de fortalecer toda a cadeia de servi\u00e7os e produ\u00e7\u00e3o e gerar novas oportunidades de neg\u00f3cios, criando benef\u00edcios diretos para a economia mineira e brasileira.<\/p>\n<p>Durante o encontro, o governador apresentou aos empres\u00e1rios o\u00a0papel estrat\u00e9gico de Minas Gerais no futuro econ\u00f4mico brasileiro, cen\u00e1rios de crescimento e investimentos no Brasil.<\/p>\n<table border=\"0\" cellspacing=\"1\" cellpadding=\"1\" align=\"center\">\n<tbody>\n<tr>\n<td colspan=\"5\"><img decoding=\"async\" src=\"https:\/\/www.agenciaminas.mg.gov.br\/ckeditor_assets\/pictures\/20949\/content_2_olho_topo.jpg\" alt=\"\" \/><\/td>\n<\/tr>\n<tr>\n<td><\/td>\n<td colspan=\"3\" rowspan=\"3\">\n<h1><strong>&#8220;Os n\u00fameros da economia mineira v\u00eam melhorando ao longo dos \u00faltimos anos. Em 2018, o Estado fechou com um d\u00e9ficit de R$ 11 bilh\u00f5es nas contas e, \u00e0\u00a0medida que os anos foram passando, os n\u00fameros foram melhorando. De 2020 para c\u00e1, fechamos em super\u00e1vit, tudo isso dinamizando a economia do Estado&#8221;, avaliou o governador Romeu Zema.<\/strong><\/h1>\n<\/td>\n<td><\/td>\n<\/tr>\n<tr>\n<td><\/td>\n<td><\/td>\n<\/tr>\n<tr>\n<td><\/td>\n<td><\/td>\n<\/tr>\n<tr>\n<td colspan=\"5\"><img decoding=\"async\" src=\"https:\/\/www.agenciaminas.mg.gov.br\/ckeditor_assets\/pictures\/20950\/content_2_olho_inferior.jpg\" alt=\"\" \/><\/td>\n<\/tr>\n<\/tbody>\n<\/table>\n<p><strong>Mercado de Origem<\/strong><\/p>\n<p>Pela manh\u00e3, o chefe do Executivo estadual esteve no Mercado de Origem, espa\u00e7o que celebra a cultura e os sabores de Minas Gerais, reunindo produtos de diversas regi\u00f5es, tradi\u00e7\u00f5es e conhecimentos do estado.<\/p>\n<p>Ao percorrer os corredores e lojas do centro comercial localizado em Belo Horizonte, o governador conheceu o trabalho realizado pelos produtores e artes\u00f5es que comercializam produtos no local.<\/p>\n<p>O Mercado de Origem \u00e9 um importante circuito dos mercados, voltado para pequenos produtores, agroneg\u00f3cio, turismo e cultura do estado. O espa\u00e7o \u00e9 uma grande oportunidade para que as pessoas tenham acesso aos produtos t\u00edpicos de Minas direto dos produtores, com pre\u00e7o justo e com alto padr\u00e3o de qualidade.<\/p>\n<p>Fonte: Ag\u00eancia Minas<\/p>\n","protected":false},"excerpt":{"rendered":"<p>O governador Romeu Zema participou, nesta quinta-feira (8\/5), em Belo Horizonte, do encontro da Word Trade Center (WTC) Business Club que marcou o retorno das opera\u00e7\u00f5es presenciais da entidade na capital mineira. A reuni\u00e3o contou com a presen\u00e7a de CEOs e presidentes de grandes empresas. O WTC conecta e impulsiona neg\u00f3cios na Regi\u00e3o Metropolitana de [&hellip;]<\/p>\n","protected":false},"author":246,"featured_media":228130,"comment_status":"closed","ping_status":"closed","sticky":false,"template":"","format":"standard","meta":{"footnotes":""},"categories":[436,440,261,254,439],"tags":[],"class_list":["post-228129","post","type-post","status-publish","format-standard","has-post-thumbnail","hentry","category-destaque-da-semana","category-destaques-do-dia","category-economia","category-politica","category-ultima-hora"],"_links":{"self":[{"href":"https:\/\/diarioregionaldigital.com.br\/index.php?rest_route=\/wp\/v2\/posts\/228129","targetHints":{"allow":["GET"]}}],"collection":[{"href":"https:\/\/diarioregionaldigital.com.br\/index.php?rest_route=\/wp\/v2\/posts"}],"about":[{"href":"https:\/\/diarioregionaldigital.com.br\/index.php?rest_route=\/wp\/v2\/types\/post"}],"author":[{"embeddable":true,"href":"https:\/\/diarioregionaldigital.com.br\/index.php?rest_route=\/wp\/v2\/users\/246"}],"replies":[{"embeddable":true,"href":"https:\/\/diarioregionaldigital.com.br\/index.php?rest_route=%2Fwp%2Fv2%2Fcomments&post=228129"}],"version-history":[{"count":1,"href":"https:\/\/diarioregionaldigital.com.br\/index.php?rest_route=\/wp\/v2\/posts\/228129\/revisions"}],"predecessor-version":[{"id":228131,"href":"https:\/\/diarioregionaldigital.com.br\/index.php?rest_route=\/wp\/v2\/posts\/228129\/revisions\/228131"}],"wp:featuredmedia":[{"embeddable":true,"href":"https:\/\/diarioregionaldigital.com.br\/index.php?rest_route=\/wp\/v2\/media\/228130"}],"wp:attachment":[{"href":"https:\/\/diarioregionaldigital.com.br\/index.php?rest_route=%2Fwp%2Fv2%2Fmedia&parent=228129"}],"wp:term":[{"taxonomy":"category","embeddable":true,"href":"https:\/\/diarioregionaldigital.com.br\/index.php?rest_route=%2Fwp%2Fv2%2Fcategories&post=228129"},{"taxonomy":"post_tag","embeddable":true,"href":"https:\/\/diarioregionaldigital.com.br\/index.php?rest_route=%2Fwp%2Fv2%2Ftags&post=228129"}],"curies":[{"name":"wp","href":"https:\/\/api.w.org\/{rel}","templated":true}]}}