{"id":228127,"date":"2025-05-08T12:21:28","date_gmt":"2025-05-08T15:21:28","guid":{"rendered":"https:\/\/diarioregionaldigital.com.br\/?p=228127"},"modified":"2025-05-08T12:21:28","modified_gmt":"2025-05-08T15:21:28","slug":"edital-ago-via-sol-08-05-2025","status":"publish","type":"post","link":"https:\/\/diarioregionaldigital.com.br\/?p=228127","title":{"rendered":"EDITAL AGO VIA SOL &#8211; 08\/05\/2025"},"content":{"rendered":"<p>Dia 19 de maio de 2025 \u00e0s 18h30 horas em primeira chamada.<\/p>\n<p>Juiz de Fora,06 de abril de 2025.<\/p>\n<p>Na qualidade de presidente da Associa\u00e7\u00e3o dos Propriet\u00e1rios do Loteamento Via do Sol, na forma convencionalmente prevista, convidamos os demais associados para a ASSEMBLEIA GERAL ORDIN\u00c1RIA, que se far\u00e1 realizar no pr\u00f3ximo dia 19 de maio de 2025, \u00e0s 18h30, em primeira convoca\u00e7\u00e3o com a presen\u00e7a de metade mais 01 (hum) dos s\u00f3cios e as 19h00 em segunda e \u00faltima convoca\u00e7\u00e3o, com qualquer n\u00famero de presentes, a assembleia ser\u00e1 realizada de forma virtual, na plataforma do Superlogica , no aplicativo da administradora e ter\u00e1 dura\u00e7\u00e3o m\u00e1xima de 2:00(duas) horas, cujo link ser\u00e1 disponibilizado tamb\u00e9m via e-mail e aplicativo 02 horas antes de iniciar a Assembleia, a fim de deliberarem sobre as seguintes pautas:<\/p>\n<p>Ordem do Dia<\/p>\n<p>1) Presta\u00e7\u00e3o de Contas Gest\u00e3o 2023 a 04\/2025;<\/p>\n<p>2) Previs\u00e3o Or\u00e7ament\u00e1ria Gest\u00e3o 2025 \/ 2026.<\/p>\n<p>3) Elei\u00e7\u00e3o da Nova Diretoria Gest\u00e3o 06\/2025 a 05\/2027;<\/p>\n<p>4) Apresenta\u00e7\u00e3o de Or\u00e7amentos de Nova Empresa de Seguran\u00e7a para a<\/p>\n<p>Associa\u00e7\u00e3o (a vota\u00e7\u00e3o desse item ser\u00e1 on-line p\u00f3s assembleia) com prazo de 24:00(horas<\/p>\n<p>para vota\u00e7\u00e3o)<\/p>\n<p>5) Aprova\u00e7\u00e3o para altera\u00e7\u00e3o do estatuto atual (ser\u00e1 apresentado o novo em reuni\u00e3o<\/p>\n<p>futura para vota\u00e7\u00e3o)<\/p>\n<p>Em virtude dos assuntos a serem tratados, lembro a todos da conveni\u00eancia de comparecer ou se fazer representar por espec\u00edfica procura\u00e7\u00e3o.<\/p>\n<p>Esclare\u00e7o aos senhores associados ou seus representantes que n\u00e3o poder\u00e3o votar e nem ser votado nas delibera\u00e7\u00f5es da assembleia se n\u00e3o estiver em dia com suasobriga\u00e7\u00f5es associativas, sendo nulos os seus votos e suas presen\u00e7as, conforme a lei n\u00ba 10.406\/02 &#8211; Art. 1.335.<\/p>\n<p>Os documentos referentes \u00e0s Presta\u00e7\u00f5es de Contas e Previs\u00e3o Or\u00e7ament\u00e1ria estar\u00e3o dispon\u00edveis para consulta na sede da administradora ou por meio eletr\u00f4nico, com anteced\u00eancia m\u00ednima de 5 dias da data da Assembleia, para an\u00e1lise dos s\u00f3cios<\/p>\n<p>Os candidatos a qualquer um dos cargos de diretoria ou conselho poder\u00e3o enviar suas propostas at\u00e9 a data das 18\/05\/2025 \u00e0s 18h00 para o e-mail: condominio@gruponogueira.net. Os nomes dos candidatos estar\u00e3o dispon\u00edveis Via<\/p>\n<p>Aplicativo (Superl\u00f3gica) na data da Assembleia.<\/p>\n<p>Antecipo os meus agradecimentos pela valiosa presen\u00e7a, subscrevo-me<\/p>\n<p>Vinicius Batista Garcia<\/p>\n<p>Presidente<\/p>\n<p>Segue passo a passo para entrar na assembleia atrav\u00e9s do aplicativo no dia<\/p>\n<p>19\/05\/2025 :<\/p>\n<p>Para PARTICIPAR: Entre em seu aplicativo \u201c\u00c1rea do Cond\u00f4mino\u201d, verifique se est\u00e1 na Associa\u00e7\u00e3o dos Moradores do Via do Sol , entre na aba assembleia \u2013 pr\u00f3ximas-em andamento \u2013 clique na assembleia \u2013 confirme a sua presen\u00e7a e voc\u00ea ser\u00e1<\/p>\n<p>automaticamente levado ao Zoom, onde estar\u00e1 na reuni\u00e3o com os demais. Para VOTAR depois nas pautas ao t\u00e9rmino da reuni\u00e3o: Entre em seu aplicativo<\/p>\n<p>\u201c\u00c1rea do Cond\u00f4mino\u201d<\/p>\n<p>, verifique se est\u00e1 na Associa\u00e7\u00e3o dos Moradores do Via do Sol , entre na aba assembleia \u2013 pr\u00f3ximas- em andamento \u2013 clique discutir e votar \u2013 confirme a sua presen\u00e7a e pode votar<\/p>\n<p>Para acessar \u00e9 necess\u00e1rio que seus dados estejam atualizados na administradora e que tenha feito o DOWNLOAD DO APLICATIVO, em caso de duvidas entre em contato com a administradora pelo watts: 4009-5070 ou e-mail: condominio@gruponogueira.net, antes da reuni\u00e3o.<\/p>\n","protected":false},"excerpt":{"rendered":"<p>Dia 19 de maio de 2025 \u00e0s 18h30 horas em primeira chamada. Juiz de Fora,06 de abril de 2025. Na qualidade de presidente da Associa\u00e7\u00e3o dos Propriet\u00e1rios do Loteamento Via do Sol, na forma convencionalmente prevista, convidamos os demais associados para a ASSEMBLEIA GERAL ORDIN\u00c1RIA, que se far\u00e1 realizar no pr\u00f3ximo dia 19 de maio [&hellip;]<\/p>\n","protected":false},"author":246,"featured_media":0,"comment_status":"closed","ping_status":"closed","sticky":false,"template":"","format":"standard","meta":{"footnotes":""},"categories":[307],"tags":[],"class_list":["post-228127","post","type-post","status-publish","format-standard","hentry","category-editais"],"_links":{"self":[{"href":"https:\/\/diarioregionaldigital.com.br\/index.php?rest_route=\/wp\/v2\/posts\/228127","targetHints":{"allow":["GET"]}}],"collection":[{"href":"https:\/\/diarioregionaldigital.com.br\/index.php?rest_route=\/wp\/v2\/posts"}],"about":[{"href":"https:\/\/diarioregionaldigital.com.br\/index.php?rest_route=\/wp\/v2\/types\/post"}],"author":[{"embeddable":true,"href":"https:\/\/diarioregionaldigital.com.br\/index.php?rest_route=\/wp\/v2\/users\/246"}],"replies":[{"embeddable":true,"href":"https:\/\/diarioregionaldigital.com.br\/index.php?rest_route=%2Fwp%2Fv2%2Fcomments&post=228127"}],"version-history":[{"count":1,"href":"https:\/\/diarioregionaldigital.com.br\/index.php?rest_route=\/wp\/v2\/posts\/228127\/revisions"}],"predecessor-version":[{"id":228128,"href":"https:\/\/diarioregionaldigital.com.br\/index.php?rest_route=\/wp\/v2\/posts\/228127\/revisions\/228128"}],"wp:attachment":[{"href":"https:\/\/diarioregionaldigital.com.br\/index.php?rest_route=%2Fwp%2Fv2%2Fmedia&parent=228127"}],"wp:term":[{"taxonomy":"category","embeddable":true,"href":"https:\/\/diarioregionaldigital.com.br\/index.php?rest_route=%2Fwp%2Fv2%2Fcategories&post=228127"},{"taxonomy":"post_tag","embeddable":true,"href":"https:\/\/diarioregionaldigital.com.br\/index.php?rest_route=%2Fwp%2Fv2%2Ftags&post=228127"}],"curies":[{"name":"wp","href":"https:\/\/api.w.org\/{rel}","templated":true}]}}