{"id":228124,"date":"2025-05-07T19:44:53","date_gmt":"2025-05-07T22:44:53","guid":{"rendered":"https:\/\/diarioregionaldigital.com.br\/?p=228124"},"modified":"2025-05-07T19:44:53","modified_gmt":"2025-05-07T22:44:53","slug":"juiz-de-fora-avanca-em-planejamento-urbano-com-nova-carta-geotecnica-para-prevencao-de-desastres","status":"publish","type":"post","link":"https:\/\/diarioregionaldigital.com.br\/?p=228124","title":{"rendered":"Juiz de Fora avan\u00e7a em Planejamento Urbano com Nova Carta Geot\u00e9cnica para Preven\u00e7\u00e3o de Desastres"},"content":{"rendered":"<p>Segundo informa\u00e7\u00f5es do site da Prefeitura de Juiz de Fora (PJF), o\u00a0Servi\u00e7o Geol\u00f3gico do Brasil (SGB) concluiu a elabora\u00e7\u00e3o da<a href=\"https:\/\/www.pjf.mg.gov.br\/noticias\/view.php?modo=link2&amp;idnoticia2=86171\">\u00a0Carta Geot\u00e9cnica de Aptid\u00e3o \u00e0 Urbaniza\u00e7\u00e3o do munic\u00edpio de Juiz de Fora<\/a>. Este documento estrat\u00e9gico, produzido ap\u00f3s pedido da Defesa Civil da Prefeitura de Juiz de Fora (PJF), \u00e9 fundamental para identificar caracter\u00edsticas dos terrenos e definir sua capacidade de suportar usos, pr\u00e1ticas de engenharia e urbanismo com seguran\u00e7a, visando evitar a ocupa\u00e7\u00e3o em futuras \u00e1reas de risco, lal\u00e9m de\u00a0mitigar danos causados por eventos geol\u00f3gicos.<\/p>\n<div>O trabalho, conduzido pelo\u00a0Servi\u00e7o Geol\u00f3gico do Brasil \u2013 SGB\/CPRM e conduzido pelo Departamento de Gest\u00e3o Territorial (DEGET), da Diretoria de Hidrologia e Gest\u00e3o Territorial (DHT), nos anos de 2024 e 2025, consistiu em um levantamento detalhado de informa\u00e7\u00f5es do meio f\u00edsico.<a href=\"https:\/\/www.pjf.mg.gov.br\/noticias\/view.php?modo=link2&amp;idnoticia2=86171\">\u00a0Para isso, foram realizadas atividades de campo em abril e junho de 2024<\/a>, nas quais a equipe t\u00e9cnica descreveu caracter\u00edsticas como geologia, solos, materiais e geomorfologia e registrou fei\u00e7\u00f5es ligadas a desastres naturais como movimentos de massa e inunda\u00e7\u00f5es. A Defesa Civil de Juiz de Fora contribuiu na defini\u00e7\u00e3o das \u00e1reas analisadas e acompanhou o trabalho em campo.<\/div>\n<div><\/div>\n<p>A Carta Geot\u00e9cnica de Aptid\u00e3o \u00e0 Urbaniza\u00e7\u00e3o de Juiz de Fora \u00e9 um documento t\u00e9cnico fundamental que estabelece um diagn\u00f3stico detalhado das caracter\u00edsticas do solo e subsolo em uma significativa por\u00e7\u00e3o da zona de expans\u00e3o urbana, abrangendo aproximadamente 60 km\u00b2, o que configura uma das maiores \u00e1reas j\u00e1 contempladas com este produto pelo Servi\u00e7o Geol\u00f3gico do Brasil em territ\u00f3rio nacional. Atualmente, Juiz de Fora figura entre os 22 munic\u00edpios brasileiros que disp\u00f5em deste instrumento. \u201cPara otimizar sua aplica\u00e7\u00e3o no planejamento e gest\u00e3o territorial, este valioso dispositivo ser\u00e1 disponibilizado para fins de que seja integrado nas rotinas de diversos setores da Prefeitura<strong>.\u00a0<\/strong>\u00a0A carta tem como objetivo principal indicar, com clareza e precis\u00e3o, as \u00e1reas aptas ao processo de urbaniza\u00e7\u00e3o e aquelas que imp\u00f5em restri\u00e7\u00f5es ou demandam interven\u00e7\u00f5es de engenharia para mitigar riscos e garantir a seguran\u00e7a das ocupa\u00e7\u00f5es futuras\u201d,\u00a0 afirma o gerente do Departamento de Gest\u00e3o de Desastres da Defesa Civil, Joviano Assis.<\/p>\n<div>O resultado \u00e9 um documento cartogr\u00e1fico que apresenta dois planos de informa\u00e7\u00e3o principais: as Unidades Geot\u00e9cnicas, que combinam o substrato rochoso com as coberturas superficiais, e as \u00c1reas de Aptid\u00e3o \u00e0 Urbaniza\u00e7\u00e3o. Em suma, a Carta Geot\u00e9cnica de Aptid\u00e3o \u00e0 Urbaniza\u00e7\u00e3o de Juiz de Fora n\u00e3o \u00e9 apenas um mapa, mas uma ferramenta de intelig\u00eancia territorial. A correta utiliza\u00e7\u00e3o e a integra\u00e7\u00e3o das informa\u00e7\u00f5es nas pol\u00edticas p\u00fablicas \u00e9 um passo decisivo para que o munic\u00edpio avance em dire\u00e7\u00e3o a um futuro em que o desenvolvimento urbano caminha lado a lado com a seguran\u00e7a da popula\u00e7\u00e3o e a preserva\u00e7\u00e3o ambiental, construindo uma cidade cada vez mais resiliente.<\/div>\n","protected":false},"excerpt":{"rendered":"<p>Segundo informa\u00e7\u00f5es do site da Prefeitura de Juiz de Fora (PJF), o\u00a0Servi\u00e7o Geol\u00f3gico do Brasil (SGB) concluiu a elabora\u00e7\u00e3o da\u00a0Carta Geot\u00e9cnica de Aptid\u00e3o \u00e0 Urbaniza\u00e7\u00e3o do munic\u00edpio de Juiz de Fora. Este documento estrat\u00e9gico, produzido ap\u00f3s pedido da Defesa Civil da Prefeitura de Juiz de Fora (PJF), \u00e9 fundamental para identificar caracter\u00edsticas dos terrenos e [&hellip;]<\/p>\n","protected":false},"author":246,"featured_media":228125,"comment_status":"closed","ping_status":"closed","sticky":false,"template":"","format":"standard","meta":{"footnotes":""},"categories":[253,436,439],"tags":[],"class_list":["post-228124","post","type-post","status-publish","format-standard","has-post-thumbnail","hentry","category-cidade","category-destaque-da-semana","category-ultima-hora"],"_links":{"self":[{"href":"https:\/\/diarioregionaldigital.com.br\/index.php?rest_route=\/wp\/v2\/posts\/228124","targetHints":{"allow":["GET"]}}],"collection":[{"href":"https:\/\/diarioregionaldigital.com.br\/index.php?rest_route=\/wp\/v2\/posts"}],"about":[{"href":"https:\/\/diarioregionaldigital.com.br\/index.php?rest_route=\/wp\/v2\/types\/post"}],"author":[{"embeddable":true,"href":"https:\/\/diarioregionaldigital.com.br\/index.php?rest_route=\/wp\/v2\/users\/246"}],"replies":[{"embeddable":true,"href":"https:\/\/diarioregionaldigital.com.br\/index.php?rest_route=%2Fwp%2Fv2%2Fcomments&post=228124"}],"version-history":[{"count":1,"href":"https:\/\/diarioregionaldigital.com.br\/index.php?rest_route=\/wp\/v2\/posts\/228124\/revisions"}],"predecessor-version":[{"id":228126,"href":"https:\/\/diarioregionaldigital.com.br\/index.php?rest_route=\/wp\/v2\/posts\/228124\/revisions\/228126"}],"wp:featuredmedia":[{"embeddable":true,"href":"https:\/\/diarioregionaldigital.com.br\/index.php?rest_route=\/wp\/v2\/media\/228125"}],"wp:attachment":[{"href":"https:\/\/diarioregionaldigital.com.br\/index.php?rest_route=%2Fwp%2Fv2%2Fmedia&parent=228124"}],"wp:term":[{"taxonomy":"category","embeddable":true,"href":"https:\/\/diarioregionaldigital.com.br\/index.php?rest_route=%2Fwp%2Fv2%2Fcategories&post=228124"},{"taxonomy":"post_tag","embeddable":true,"href":"https:\/\/diarioregionaldigital.com.br\/index.php?rest_route=%2Fwp%2Fv2%2Ftags&post=228124"}],"curies":[{"name":"wp","href":"https:\/\/api.w.org\/{rel}","templated":true}]}}