{"id":228121,"date":"2025-05-07T19:43:47","date_gmt":"2025-05-07T22:43:47","guid":{"rendered":"https:\/\/diarioregionaldigital.com.br\/?p=228121"},"modified":"2025-05-07T19:43:47","modified_gmt":"2025-05-07T22:43:47","slug":"representantes-de-entidades-de-odontologia-e-saude-visitam-etas-da-cesama-para-conferir-processo-de-fluoretacao","status":"publish","type":"post","link":"https:\/\/diarioregionaldigital.com.br\/?p=228121","title":{"rendered":"Representantes de entidades de Odontologia e Sa\u00fade visitam ETAs da Cesama para conferir processo de fluoreta\u00e7\u00e3o"},"content":{"rendered":"<p>Segundo informa\u00e7\u00f5es do site da Prefeitura de Juiz de Fora (PJF), &#8220;Estamos aqui para conhecer, de perto, o processo de fluoreta\u00e7\u00e3o da \u00e1gua distribu\u00edda em Juiz de Fora, o que representa para n\u00f3s um ganho na qualidade da sa\u00fade bucal das pessoas, especialmente de crian\u00e7as e adolescentes&#8221;, resumiu Ricardo Werneck, delegado regional do Conselho Regional de Odontologia de Minas Gerais, sobre o objetivo da visita realizada nesta quarta-feira (7) nas tr\u00eas Esta\u00e7\u00f5es de Tratamento de \u00c1gua (ETAs) da Companhia de Saneamento Municipal (Cesama). Al\u00e9m dele, estiveram presentes no encontro Fernando Farineli, presidente do Sindicato de Odontologistas de Juiz de Fora, e Ivan Chebli, servidor p\u00fablico da Subsecretaria de Aten\u00e7\u00e3o \u00e0 Sa\u00fade da cidade. A visita foi acompanhada pelos t\u00e9cnicos da Cesama, al\u00e9m dos diretores da companhia M\u00e1rcio Pessoa e Vinicius Heckert.<\/p>\n<p>O chefe do Departamento de Produ\u00e7\u00e3o de \u00c1gua (Depa) da companhia, Lucas Fernandes, explicou sobre as etapas do tratamento, que \u00e9 finalizado com a aplica\u00e7\u00e3o da dosagem recomendada de fl\u00faor para a cidade. &#8220;Nos tr\u00eas sistemas, tanto na ETA S\u00e3o Pedro, quanto na Marechal Castelo Branco e na Walfrido Machado Mendona (ETA CDI), utilizamos o m\u00e9todo convencional de tratamento, e entendemos a import\u00e2ncia da fluoreta\u00e7\u00e3o para a sa\u00fade p\u00fablica, processo que \u00e9 obrigat\u00f3rio por lei desde 1974&#8221;. Ele avalia que receber visitas como essa s\u00e3o momentos importantes para demonstrar a preocupa\u00e7\u00e3o da Cesama com a produ\u00e7\u00e3o, desde a capta\u00e7\u00e3o da \u00e1gua bruta at\u00e9 sua transforma\u00e7\u00e3o em tratada. &#8220;E ter aqui representantes de grupos como esses, que t\u00eam voz em outros segmentos, nos ajuda a fortalecer o nosso compromisso&#8221;.<\/p>\n<p>Fernando Farineli explicou sobre a m\u00e9trica odontol\u00f3gica usada para avaliar a sa\u00fade bucal de uma popula\u00e7\u00e3o. &#8220;O processo de fluoreta\u00e7\u00e3o, comprovadamente, diminui o \u00edndice de c\u00e1ries nos dentes de crian\u00e7as at\u00e9 12 anos, que \u00e9 a faixa et\u00e1ria inspecionada, o chamado CPOD (Cariados, Perdidos e Obturados). No passado, esse \u00edndice era de 7 e, ap\u00f3s a aplica\u00e7\u00e3o de fl\u00faor na \u00e1gua, passou a ser de 4 e evoluiu para at\u00e9 2. Nossa impress\u00e3o aqui, nas tr\u00eas esta\u00e7\u00f5es da Cesama que visitamos, \u00e9 a melhor poss\u00edvel, pois vimos que est\u00e3o funcionando de forma adequada e respons\u00e1vel&#8221;, afirmou.<\/p>\n<p>&#8220;A Constitui\u00e7\u00e3o Federal de 88 estabeleceu o direito \u00e0 sa\u00fade em um contexto e conceito de sa\u00fade ampliada&#8221;, emendou Ivan Chebli. &#8220;A sa\u00fade n\u00e3o \u00e9 s\u00f3 assist\u00eancia m\u00e9dica, odontol\u00f3gica, de enfermagem, \u00e9 muito mais que isso. N\u00f3s temos determinantes sociais que interferem profundamente nas condi\u00e7\u00f5es de vida da popula\u00e7\u00e3o, como \u00e9 o caso do saneamento b\u00e1sico e, particularmente, do acesso \u00e0 \u00e1gua tratada. Quanto mais precoce \u00e9 o acesso \u00e0 \u00e1gua fluoretada e ao cuidado preventivo com a sa\u00fade bucal, melhores s\u00e3o os resultados. Lembremos, ainda, que a primeira inf\u00e2ncia \u00e9 uma prioridade nacional, e sempre foi uma prioridade dos \u00f3rg\u00e3os de sa\u00fade bucal&#8221;, finalizou.<\/p>\n<p><strong>Outras informa\u00e7\u00f5es:<\/strong><br \/>\n(32) 3692-9179 &#8211; Assessoria de Comunica\u00e7\u00e3o<\/p>\n","protected":false},"excerpt":{"rendered":"<p>Segundo informa\u00e7\u00f5es do site da Prefeitura de Juiz de Fora (PJF), &#8220;Estamos aqui para conhecer, de perto, o processo de fluoreta\u00e7\u00e3o da \u00e1gua distribu\u00edda em Juiz de Fora, o que representa para n\u00f3s um ganho na qualidade da sa\u00fade bucal das pessoas, especialmente de crian\u00e7as e adolescentes&#8221;, resumiu Ricardo Werneck, delegado regional do Conselho Regional [&hellip;]<\/p>\n","protected":false},"author":246,"featured_media":228122,"comment_status":"closed","ping_status":"closed","sticky":false,"template":"","format":"standard","meta":{"footnotes":""},"categories":[253,436,439],"tags":[],"class_list":["post-228121","post","type-post","status-publish","format-standard","has-post-thumbnail","hentry","category-cidade","category-destaque-da-semana","category-ultima-hora"],"_links":{"self":[{"href":"https:\/\/diarioregionaldigital.com.br\/index.php?rest_route=\/wp\/v2\/posts\/228121","targetHints":{"allow":["GET"]}}],"collection":[{"href":"https:\/\/diarioregionaldigital.com.br\/index.php?rest_route=\/wp\/v2\/posts"}],"about":[{"href":"https:\/\/diarioregionaldigital.com.br\/index.php?rest_route=\/wp\/v2\/types\/post"}],"author":[{"embeddable":true,"href":"https:\/\/diarioregionaldigital.com.br\/index.php?rest_route=\/wp\/v2\/users\/246"}],"replies":[{"embeddable":true,"href":"https:\/\/diarioregionaldigital.com.br\/index.php?rest_route=%2Fwp%2Fv2%2Fcomments&post=228121"}],"version-history":[{"count":1,"href":"https:\/\/diarioregionaldigital.com.br\/index.php?rest_route=\/wp\/v2\/posts\/228121\/revisions"}],"predecessor-version":[{"id":228123,"href":"https:\/\/diarioregionaldigital.com.br\/index.php?rest_route=\/wp\/v2\/posts\/228121\/revisions\/228123"}],"wp:featuredmedia":[{"embeddable":true,"href":"https:\/\/diarioregionaldigital.com.br\/index.php?rest_route=\/wp\/v2\/media\/228122"}],"wp:attachment":[{"href":"https:\/\/diarioregionaldigital.com.br\/index.php?rest_route=%2Fwp%2Fv2%2Fmedia&parent=228121"}],"wp:term":[{"taxonomy":"category","embeddable":true,"href":"https:\/\/diarioregionaldigital.com.br\/index.php?rest_route=%2Fwp%2Fv2%2Fcategories&post=228121"},{"taxonomy":"post_tag","embeddable":true,"href":"https:\/\/diarioregionaldigital.com.br\/index.php?rest_route=%2Fwp%2Fv2%2Ftags&post=228121"}],"curies":[{"name":"wp","href":"https:\/\/api.w.org\/{rel}","templated":true}]}}