{"id":228118,"date":"2025-05-07T19:42:51","date_gmt":"2025-05-07T22:42:51","guid":{"rendered":"https:\/\/diarioregionaldigital.com.br\/?p=228118"},"modified":"2025-05-07T19:42:51","modified_gmt":"2025-05-07T22:42:51","slug":"maio-amarelo-blitz-educativa-na-serra-do-bandeirantes-marca-inicio-da-programacao-da-campanha","status":"publish","type":"post","link":"https:\/\/diarioregionaldigital.com.br\/?p=228118","title":{"rendered":"Maio Amarelo: Blitz educativa na Serra do Bandeirantes marca in\u00edcio da programa\u00e7\u00e3o da campanha"},"content":{"rendered":"<p>Segundo informa\u00e7\u00f5es do site da Prefeitura de Juiz de Fora (PJF), na manh\u00e3 desta quarta-feira, 7, na Serra do Bandeirantes, agentes de Transporte e Tr\u00e2nsito da Prefeitura de Juiz de Fora (PJF) realizaram uma blitz educativa que marca o in\u00edcio da programa\u00e7\u00e3o de a\u00e7\u00f5es da campanha Maio Amarelo. Foram realizadas cerca de 350 abordagens, com orienta\u00e7\u00f5es sobre tr\u00e2nsito seguro e distribui\u00e7\u00e3o de materiais educativos. Neste ano, o \u2018slogan\u2019<em>\u00a0<\/em>do projeto \u00e9 \u201cMobilidade Humana, Responsabilidade Humana\u201d.<\/p>\n<p>O local foi escolhido estrategicamente por conta das medidas tomadas recentemente pela Secretaria de Mobilidade Urbana (SMU), a fim de reduzir os sinistros de tr\u00e2nsito no trecho. No \u00faltimo m\u00eas, foram refor\u00e7adas as sinaliza\u00e7\u00f5es de advert\u00eancia e instaladas novas placas indicativas no local. O limite de velocidade da via foi reduzido de 60 km\/h para 50 km\/h, com fiscaliza\u00e7\u00e3o eletr\u00f4nica por meio de radar.<\/p>\n<p>A a\u00e7\u00e3o educativa contempla este conjunto de medidas, j\u00e1 que os sinistros, muitas vezes, s\u00e3o causados por imprud\u00eancia. No local &#8211; e em outras vias da cidade &#8211; foram instaladas faixas com a inscri\u00e7\u00e3o \u201cDesacelere. Seu bem maior \u00e9 a vida\u201d, tema nacional da campanha, que serve como orienta\u00e7\u00e3o para os condutores.<\/p>\n<p>A iniciativa \u00e9 coordenada pela equipe da Escola P\u00fablica de Tr\u00e2nsito de Juiz de Fora (EPT-JF), \u00f3rg\u00e3o da SMU respons\u00e1vel pelas atividades da campanha, em conjunto com as demais secretarias e autarquias da PJF, e conta com a participa\u00e7\u00e3o da Comiss\u00e3o Municipal de Seguran\u00e7a e Educa\u00e7\u00e3o para o Tr\u00e2nsito (Comset).<\/p>\n","protected":false},"excerpt":{"rendered":"<p>Segundo informa\u00e7\u00f5es do site da Prefeitura de Juiz de Fora (PJF), na manh\u00e3 desta quarta-feira, 7, na Serra do Bandeirantes, agentes de Transporte e Tr\u00e2nsito da Prefeitura de Juiz de Fora (PJF) realizaram uma blitz educativa que marca o in\u00edcio da programa\u00e7\u00e3o de a\u00e7\u00f5es da campanha Maio Amarelo. Foram realizadas cerca de 350 abordagens, com [&hellip;]<\/p>\n","protected":false},"author":246,"featured_media":228119,"comment_status":"closed","ping_status":"closed","sticky":false,"template":"","format":"standard","meta":{"footnotes":""},"categories":[253,436,440,439],"tags":[],"class_list":["post-228118","post","type-post","status-publish","format-standard","has-post-thumbnail","hentry","category-cidade","category-destaque-da-semana","category-destaques-do-dia","category-ultima-hora"],"_links":{"self":[{"href":"https:\/\/diarioregionaldigital.com.br\/index.php?rest_route=\/wp\/v2\/posts\/228118","targetHints":{"allow":["GET"]}}],"collection":[{"href":"https:\/\/diarioregionaldigital.com.br\/index.php?rest_route=\/wp\/v2\/posts"}],"about":[{"href":"https:\/\/diarioregionaldigital.com.br\/index.php?rest_route=\/wp\/v2\/types\/post"}],"author":[{"embeddable":true,"href":"https:\/\/diarioregionaldigital.com.br\/index.php?rest_route=\/wp\/v2\/users\/246"}],"replies":[{"embeddable":true,"href":"https:\/\/diarioregionaldigital.com.br\/index.php?rest_route=%2Fwp%2Fv2%2Fcomments&post=228118"}],"version-history":[{"count":1,"href":"https:\/\/diarioregionaldigital.com.br\/index.php?rest_route=\/wp\/v2\/posts\/228118\/revisions"}],"predecessor-version":[{"id":228120,"href":"https:\/\/diarioregionaldigital.com.br\/index.php?rest_route=\/wp\/v2\/posts\/228118\/revisions\/228120"}],"wp:featuredmedia":[{"embeddable":true,"href":"https:\/\/diarioregionaldigital.com.br\/index.php?rest_route=\/wp\/v2\/media\/228119"}],"wp:attachment":[{"href":"https:\/\/diarioregionaldigital.com.br\/index.php?rest_route=%2Fwp%2Fv2%2Fmedia&parent=228118"}],"wp:term":[{"taxonomy":"category","embeddable":true,"href":"https:\/\/diarioregionaldigital.com.br\/index.php?rest_route=%2Fwp%2Fv2%2Fcategories&post=228118"},{"taxonomy":"post_tag","embeddable":true,"href":"https:\/\/diarioregionaldigital.com.br\/index.php?rest_route=%2Fwp%2Fv2%2Ftags&post=228118"}],"curies":[{"name":"wp","href":"https:\/\/api.w.org\/{rel}","templated":true}]}}