{"id":228101,"date":"2025-05-07T04:01:23","date_gmt":"2025-05-07T07:01:23","guid":{"rendered":"https:\/\/diarioregionaldigital.com.br\/?p=228101"},"modified":"2025-05-07T04:01:23","modified_gmt":"2025-05-07T07:01:23","slug":"processo-licitatorio-n-033-2025-07-05-2025","status":"publish","type":"post","link":"https:\/\/diarioregionaldigital.com.br\/?p=228101","title":{"rendered":"Processo Licitat\u00f3rio n\u00b0 033\/2025 &#8211; 07\/05\/2025"},"content":{"rendered":"<p class=\"s6\"><span class=\"s5\"><span class=\"bumpedFont15\">PREFEITURA MUNICIPAL DE DESCOBERTO<\/span><\/span><\/p>\n<p class=\"s6\">\n<p class=\"s6\"><span class=\"s5\"><span class=\"bumpedFont15\">AVISO DE LICITA\u00c7\u00c3O<\/span><\/span><\/p>\n<p class=\"s6\">\n<p class=\"s6\"><span class=\"s5\"><span class=\"bumpedFont15\">Processo Licitat\u00f3rio<\/span><\/span><span class=\"s5\"><span class=\"bumpedFont15\"> n\u00b0 <\/span><\/span><span class=\"s5\"><span class=\"bumpedFont15\">0<\/span><\/span><span class=\"s5\"><span class=\"bumpedFont15\">33<\/span><\/span><span class=\"s5\"><span class=\"bumpedFont15\">\/202<\/span><\/span><span class=\"s5\"><span class=\"bumpedFont15\">5<\/span><\/span><\/p>\n<p class=\"s6\"><span class=\"s5\"><span class=\"bumpedFont15\">Moda<\/span><\/span><span class=\"s5\"><span class=\"bumpedFont15\">li<\/span><\/span><span class=\"s5\"><span class=\"bumpedFont15\">dade de Preg\u00e3o <\/span><\/span><span class=\"s5\"><span class=\"bumpedFont15\">Eletr\u00f4nico<\/span><\/span><span class=\"s5\"><span class=\"bumpedFont15\"> n\u00b0 <\/span><\/span><span class=\"s5\"><span class=\"bumpedFont15\">0<\/span><\/span><span class=\"s5\"><span class=\"bumpedFont15\">0<\/span><\/span><span class=\"s5\"><span class=\"bumpedFont15\">2<\/span><\/span><span class=\"s5\"><span class=\"bumpedFont15\">\/202<\/span><\/span><span class=\"s5\"><span class=\"bumpedFont15\">5<\/span><\/span><\/p>\n<p class=\"s6\">\n<p class=\"s10\"><span class=\"s7\"><span class=\"bumpedFont15\">O Munic\u00edpio de DESCOBERTO, na forma da lei, faz saber a todos quantos o presente edital virem, ou dele conhecimento tivere<\/span><\/span><span class=\"s7\"><span class=\"bumpedFont15\">m<\/span><\/span><span class=\"s7\"><span class=\"bumpedFont15\">, que a pa<\/span><\/span><span class=\"s7\"><span class=\"bumpedFont15\">r<\/span><\/span><span class=\"s7\"><span class=\"bumpedFont15\">tir das <\/span><\/span><span class=\"s7\"><span class=\"bumpedFont15\">09<\/span><\/span><span class=\"s7\"><span class=\"bumpedFont15\">:<\/span><\/span><span class=\"s7\"><span class=\"bumpedFont15\">3<\/span><\/span><span class=\"s7\"><span class=\"bumpedFont15\">0h do dia <\/span><\/span><span class=\"s7\"><span class=\"bumpedFont15\">22<\/span><\/span><span class=\"s7\"><span class=\"bumpedFont15\"> de <\/span><\/span><span class=\"s7\"><span class=\"bumpedFont15\">Maio<\/span><\/span><span class=\"s7\"><span class=\"bumpedFont15\"> de 202<\/span><\/span><span class=\"s7\"><span class=\"bumpedFont15\">5<\/span><\/span><span class=\"s7\"><span class=\"bumpedFont15\">, n<\/span><\/span><span class=\"s7\"><span class=\"bumpedFont15\">o Portal de Compras P\u00fa<\/span><\/span><span class=\"s7\"><span class=\"bumpedFont15\">blicas <\/span><\/span><span class=\"s7\"><span class=\"bumpedFont15\">(<\/span><\/span> <a href=\"http:\/\/www.portaldecompraspublicas.com.br\/\"><span class=\"s8\"><span class=\"bumpedFont15\">www.portaldecompraspublicas.com.br<\/span><\/span><\/a> <span class=\"s7\"><span class=\"bumpedFont15\">)<\/span><\/span><span class=\"s7\"><span class=\"bumpedFont15\">, ser\u00e1 realizada licita\u00e7\u00e3o <\/span><\/span><span class=\"s7\"><span class=\"bumpedFont15\">na modalidade <\/span><\/span><span class=\"s7\"><span class=\"bumpedFont15\">PREG\u00c3O <\/span><\/span><span class=\"s7\"><span class=\"bumpedFont15\">ELETR\u00d4NICO<\/span><\/span><span class=\"s7\"><span class=\"bumpedFont15\">,<\/span><\/span> <span class=\"s7\"><span class=\"bumpedFont15\">objetivando <\/span><\/span><span class=\"s7\"><span class=\"bumpedFont15\">o<\/span><\/span> <span class=\"s7\"><span class=\"bumpedFont15\">R<\/span><\/span><span class=\"s7\"><span class=\"bumpedFont15\">eg<\/span><\/span><span class=\"s7\"><span class=\"bumpedFont15\">istro d<\/span><\/span><span class=\"s7\"><span class=\"bumpedFont15\">e pre<\/span><\/span><span class=\"s7\"><span class=\"bumpedFont15\">\u00e7os, <\/span><\/span><span class=\"s7\"><span class=\"bumpedFont15\">pelo per\u00edodo de 12<\/span><\/span><span class=\"s7\"><span class=\"bumpedFont15\">(doze)<\/span><\/span><span class=\"s7\"><span class=\"bumpedFont15\"> meses, <\/span><\/span><span class=\"s7\"><span class=\"bumpedFont15\">para<\/span><\/span> <span class=\"s7\"><span class=\"bumpedFont15\">contrata\u00e7\u00e3o de<\/span><\/span> <span class=\"s7\"><span class=\"bumpedFont15\">empresa<\/span><\/span><span class=\"s7\"><span class=\"bumpedFont15\"> para o fornecimento de materiais esportivos <\/span><\/span><span class=\"s7\"><span class=\"bumpedFont15\">para atender as demandas do Departamento Municipal de Esportes<\/span><\/span><span class=\"s7\"><span class=\"bumpedFont15\">,<\/span><\/span><span class=\"s7\"><span class=\"bumpedFont15\"> da <\/span><\/span><span class=\"s7\"><span class=\"bumpedFont15\">Prefeitura Munic<\/span><\/span><span class=\"s7\"><span class=\"bumpedFont15\">ipal de Descoberto-MG<\/span><\/span><span class=\"s7\"><span class=\"bumpedFont15\">, <\/span><\/span><span class=\"s7\"><span class=\"bumpedFont15\">tipo Menor Pre\u00e7o por Item<\/span><\/span><span class=\"s7\"><span class=\"bumpedFont15\">, <\/span><\/span><span class=\"s7\"><span class=\"bumpedFont15\">mo<\/span><\/span><span class=\"s7\"><span class=\"bumpedFont15\">do de disp<\/span><\/span><span class=\"s7\"><span class=\"bumpedFont15\">uta ab<\/span><\/span><span class=\"s7\"><span class=\"bumpedFont15\">erto, <\/span><\/span><span class=\"s7\"><span class=\"bumpedFont15\">conforme consta no edital que se encontr<\/span><\/span><span class=\"s7\"><span class=\"bumpedFont15\">a \u00a0a disposi\u00e7\u00e3o de todos \u00a0os interessados <\/span><\/span><span class=\"s7\"><span class=\"bumpedFont15\">no<\/span><\/span><span class=\"s7\"><span class=\"bumpedFont15\">s<\/span><\/span> <span class=\"s7\"><span class=\"bumpedFont15\">site<\/span><\/span><span class=\"s7\"><span class=\"bumpedFont15\">s<\/span><\/span><a href=\"http:\/\/www.descoberto.mg.gov.br\/\"><span class=\"s9\"><span class=\"bumpedFont15\">http:\/\/www.descoberto.mg.gov.br<\/span><\/span><\/a> <span class=\"s7\"><span class=\"bumpedFont15\">e<\/span><\/span><a href=\"http:\/\/www.portaldecompraspublicas.com.br\/\"><span class=\"s8\"><span class=\"bumpedFont15\">ww<\/span><\/span><span class=\"s8\"><span class=\"bumpedFont15\">w.portaldecompra<\/span><\/span><span class=\"s8\"><span class=\"bumpedFont15\">spublicas.com.br<\/span><\/span><\/a><span class=\"s7\"><span class=\"bumpedFont15\">. <\/span><\/span><span class=\"s7\"><span class=\"bumpedFont15\">DESCOBERTO, <\/span><\/span><span class=\"s7\"><span class=\"bumpedFont15\">0<\/span><\/span><span class=\"s7\"><span class=\"bumpedFont15\">7<\/span><\/span><span class=\"s7\"><span class=\"bumpedFont15\"> de <\/span><\/span><span class=\"s7\"><span class=\"bumpedFont15\">maio<\/span><\/span><span class=\"s7\"><span class=\"bumpedFont15\"> de 20<\/span><\/span><span class=\"s7\"><span class=\"bumpedFont15\">25<\/span><\/span><span class=\"s7\"><span class=\"bumpedFont15\">.<\/span><\/span> <span class=\"s7\"><span class=\"bumpedFont15\">Valcione Jorgina de Fari<\/span><\/span><span class=\"s7\"><span class=\"bumpedFont15\">a- Agente de Contrata\u00e7\u00e3o.<\/span><\/span><\/p>\n<p class=\"s10\">\n<p class=\"s12\"><span class=\"s11\"><span class=\"bumpedFont15\">______________________<\/span><\/span><span class=\"s11\"><span class=\"bumpedFont15\">_________________________________________<\/span><\/span><\/p>\n<p class=\"s12\"><span class=\"s11\"><span class=\"bumpedFont15\">Rua: Capit\u00e3o <\/span><\/span><span class=\"s11\"><span class=\"bumpedFont15\">Bas\u00edlio n\u00ba 39<\/span><\/span> <span class=\"s11\"><span class=\"bumpedFont15\">&#8211;<\/span><\/span> <span class=\"s11\"><span class=\"bumpedFont15\">Centro &#8211; Descoberto &#8211; MG &#8211; Cep 36690-000<\/span><\/span><\/p>\n<p class=\"s12\"><span class=\"s11\"><span class=\"bumpedFont15\">Tele-fax (32)<\/span><\/span><span class=\"s11\"><span class=\"bumpedFont15\"> 3265-1<\/span><\/span><span class=\"s11\"><span class=\"bumpedFont15\">740 \u2013 e-mail: <\/span><\/span><span class=\"s11\"><span class=\"bumpedFont15\">licitaca<\/span><\/span><span class=\"s11\"><span class=\"bumpedFont15\">o@descoberto.mg.gov.br<\/span><\/span><\/p>\n","protected":false},"excerpt":{"rendered":"<p>PREFEITURA MUNICIPAL DE DESCOBERTO AVISO DE LICITA\u00c7\u00c3O Processo Licitat\u00f3rio n\u00b0 033\/2025 Modalidade de Preg\u00e3o Eletr\u00f4nico n\u00b0 002\/2025 O Munic\u00edpio de DESCOBERTO, na forma da lei, faz saber a todos quantos o presente edital virem, ou dele conhecimento tiverem, que a partir das 09:30h do dia 22 de Maio de 2025, no Portal de Compras P\u00fablicas [&hellip;]<\/p>\n","protected":false},"author":246,"featured_media":0,"comment_status":"closed","ping_status":"closed","sticky":false,"template":"","format":"standard","meta":{"footnotes":""},"categories":[307],"tags":[],"class_list":["post-228101","post","type-post","status-publish","format-standard","hentry","category-editais"],"_links":{"self":[{"href":"https:\/\/diarioregionaldigital.com.br\/index.php?rest_route=\/wp\/v2\/posts\/228101","targetHints":{"allow":["GET"]}}],"collection":[{"href":"https:\/\/diarioregionaldigital.com.br\/index.php?rest_route=\/wp\/v2\/posts"}],"about":[{"href":"https:\/\/diarioregionaldigital.com.br\/index.php?rest_route=\/wp\/v2\/types\/post"}],"author":[{"embeddable":true,"href":"https:\/\/diarioregionaldigital.com.br\/index.php?rest_route=\/wp\/v2\/users\/246"}],"replies":[{"embeddable":true,"href":"https:\/\/diarioregionaldigital.com.br\/index.php?rest_route=%2Fwp%2Fv2%2Fcomments&post=228101"}],"version-history":[{"count":1,"href":"https:\/\/diarioregionaldigital.com.br\/index.php?rest_route=\/wp\/v2\/posts\/228101\/revisions"}],"predecessor-version":[{"id":228102,"href":"https:\/\/diarioregionaldigital.com.br\/index.php?rest_route=\/wp\/v2\/posts\/228101\/revisions\/228102"}],"wp:attachment":[{"href":"https:\/\/diarioregionaldigital.com.br\/index.php?rest_route=%2Fwp%2Fv2%2Fmedia&parent=228101"}],"wp:term":[{"taxonomy":"category","embeddable":true,"href":"https:\/\/diarioregionaldigital.com.br\/index.php?rest_route=%2Fwp%2Fv2%2Fcategories&post=228101"},{"taxonomy":"post_tag","embeddable":true,"href":"https:\/\/diarioregionaldigital.com.br\/index.php?rest_route=%2Fwp%2Fv2%2Ftags&post=228101"}],"curies":[{"name":"wp","href":"https:\/\/api.w.org\/{rel}","templated":true}]}}