{"id":228091,"date":"2025-05-06T21:16:31","date_gmt":"2025-05-07T00:16:31","guid":{"rendered":"https:\/\/diarioregionaldigital.com.br\/?p=228091"},"modified":"2025-05-06T21:16:31","modified_gmt":"2025-05-07T00:16:31","slug":"procon-e-ufjf-apresentam-projeto-no-centro-de-convivencia-da-pessoa-idosa","status":"publish","type":"post","link":"https:\/\/diarioregionaldigital.com.br\/?p=228091","title":{"rendered":"Procon e UFJF apresentam projeto no Centro de Conviv\u00eancia da Pessoa Idosa"},"content":{"rendered":"<p>Segundo informa\u00e7\u00f5es do site da Prefeitura de Juiz de Fora (PJF), a\u00a0Ag\u00eancia de Prote\u00e7\u00e3o e Defesa do Consumidor (Procon) da Prefeitura de Juiz de Fora (PJF) realizou nesta segunda-feira, 5, a apresenta\u00e7\u00e3o do projeto \u201cPessoas Idosas na Dan\u00e7a da Vida\u201d no Centro de Conviv\u00eancia da Pessoa Idosa (CCPI). O projeto \u00e9 uma parceria entre o Procon e a Universidade Federal de Juiz de Fora (UFJF) e ser\u00e1 composto por apresenta\u00e7\u00f5es do espet\u00e1culo \u201cDan\u00e7a da vida\u201d e palestras em espa\u00e7os dedicados ao atendimento das pessoas idosas no munic\u00edpio.<\/p>\n<p>Durante o evento, foi apresentado o curta-metragem \u201cQual Queijo Voc\u00ea Quer?\u201d que retrata de forma bem-humorada os arrependimentos vividos por um casal de idosos. Tamb\u00e9m foi feita uma breve apresenta\u00e7\u00e3o de parte da pe\u00e7a teatral &#8220;Dan\u00e7a da vida&#8221;, que est\u00e1 prevista para ser lan\u00e7ada em outubro deste ano.<\/p>\n<p>Segundo o Censo de 2022, Juiz de Fora tem na popula\u00e7\u00e3o idosa o segmento mais numeroso da cidade: dos 540.756 habitantes do munic\u00edpio, 109.336 (20% do total) possuem acima de 60 anos. Para Gisele Zaquini, Gerente do Departamento de Estudos, Pesquisas e Projetos do Procon, isso representa um desafio para a administra\u00e7\u00e3o p\u00fablica, no que se refere \u00e0 cria\u00e7\u00e3o de pol\u00edticas p\u00fablicas que atinjam aquele p\u00fablico. \u201cO projeto Pessoas idosas na dan\u00e7a da vida pretende atenuar as desigualdades, a solid\u00e3o, os preconceitos e estigmas relativos ao envelhecimento\u201d, complementa.<\/p>\n<div><\/div>\n","protected":false},"excerpt":{"rendered":"<p>Segundo informa\u00e7\u00f5es do site da Prefeitura de Juiz de Fora (PJF), a\u00a0Ag\u00eancia de Prote\u00e7\u00e3o e Defesa do Consumidor (Procon) da Prefeitura de Juiz de Fora (PJF) realizou nesta segunda-feira, 5, a apresenta\u00e7\u00e3o do projeto \u201cPessoas Idosas na Dan\u00e7a da Vida\u201d no Centro de Conviv\u00eancia da Pessoa Idosa (CCPI). O projeto \u00e9 uma parceria entre o [&hellip;]<\/p>\n","protected":false},"author":246,"featured_media":228092,"comment_status":"closed","ping_status":"closed","sticky":false,"template":"","format":"standard","meta":{"footnotes":""},"categories":[253,436,439],"tags":[],"class_list":["post-228091","post","type-post","status-publish","format-standard","has-post-thumbnail","hentry","category-cidade","category-destaque-da-semana","category-ultima-hora"],"_links":{"self":[{"href":"https:\/\/diarioregionaldigital.com.br\/index.php?rest_route=\/wp\/v2\/posts\/228091","targetHints":{"allow":["GET"]}}],"collection":[{"href":"https:\/\/diarioregionaldigital.com.br\/index.php?rest_route=\/wp\/v2\/posts"}],"about":[{"href":"https:\/\/diarioregionaldigital.com.br\/index.php?rest_route=\/wp\/v2\/types\/post"}],"author":[{"embeddable":true,"href":"https:\/\/diarioregionaldigital.com.br\/index.php?rest_route=\/wp\/v2\/users\/246"}],"replies":[{"embeddable":true,"href":"https:\/\/diarioregionaldigital.com.br\/index.php?rest_route=%2Fwp%2Fv2%2Fcomments&post=228091"}],"version-history":[{"count":1,"href":"https:\/\/diarioregionaldigital.com.br\/index.php?rest_route=\/wp\/v2\/posts\/228091\/revisions"}],"predecessor-version":[{"id":228093,"href":"https:\/\/diarioregionaldigital.com.br\/index.php?rest_route=\/wp\/v2\/posts\/228091\/revisions\/228093"}],"wp:featuredmedia":[{"embeddable":true,"href":"https:\/\/diarioregionaldigital.com.br\/index.php?rest_route=\/wp\/v2\/media\/228092"}],"wp:attachment":[{"href":"https:\/\/diarioregionaldigital.com.br\/index.php?rest_route=%2Fwp%2Fv2%2Fmedia&parent=228091"}],"wp:term":[{"taxonomy":"category","embeddable":true,"href":"https:\/\/diarioregionaldigital.com.br\/index.php?rest_route=%2Fwp%2Fv2%2Fcategories&post=228091"},{"taxonomy":"post_tag","embeddable":true,"href":"https:\/\/diarioregionaldigital.com.br\/index.php?rest_route=%2Fwp%2Fv2%2Ftags&post=228091"}],"curies":[{"name":"wp","href":"https:\/\/api.w.org\/{rel}","templated":true}]}}