{"id":228067,"date":"2025-05-05T19:27:38","date_gmt":"2025-05-05T22:27:38","guid":{"rendered":"https:\/\/diarioregionaldigital.com.br\/?p=228067"},"modified":"2025-05-05T19:53:38","modified_gmt":"2025-05-05T22:53:38","slug":"feira-noturna-na-praca-da-estacao-e-reinaugurada-com-novos-feirantes-mais-opcoes-gastronomicas-e-samba-ao-vivo","status":"publish","type":"post","link":"https:\/\/diarioregionaldigital.com.br\/?p=228067","title":{"rendered":"Feira Noturna na Pra\u00e7a da Esta\u00e7\u00e3o \u00e9 reinaugurada com novos feirantes, mais op\u00e7\u00f5es gastron\u00f4micas e samba ao vivo"},"content":{"rendered":"<p>Segundo informa\u00e7\u00f5es do site da Prefeitura de Juiz de Fora (PJF), a Feira Noturna da Pra\u00e7a da Esta\u00e7\u00e3o agora tem mais variedades de lanches e, para marcar essa nova fase, na sexta-feira, 9, o grupo Batuque Delas comanda a pra\u00e7a com muito samba, trazendo um repert\u00f3rio que celebra o melhor da m\u00fasica brasileira, a partir das 18h.<\/p>\n<p>Ao todo, 17 feirantes comercializam diversos produtos na feira noturna. O p\u00fablico pode adquirir pastel, caldo de cana, salgados, acaraj\u00e9, churrasquinho, petiscos, frutas, verduras, legumes, bolos, doces e p\u00e3es. Combina\u00e7\u00f5es perfeitas para o\u00a0happy hour\u00a0e fazer as compras de fim de semana.<\/p>\n<p>A feira acontece todas as sextas-feiras, das 16h \u00e0s 22h30. Agora,\u00a0um espa\u00e7o ainda mais democr\u00e1tico e acolhedor, valorizando a economia local, a cultura popular e o conv\u00edvio social.<\/p>\n","protected":false},"excerpt":{"rendered":"<p>Segundo informa\u00e7\u00f5es do site da Prefeitura de Juiz de Fora (PJF), a Feira Noturna da Pra\u00e7a da Esta\u00e7\u00e3o agora tem mais variedades de lanches e, para marcar essa nova fase, na sexta-feira, 9, o grupo Batuque Delas comanda a pra\u00e7a com muito samba, trazendo um repert\u00f3rio que celebra o melhor da m\u00fasica brasileira, a partir [&hellip;]<\/p>\n","protected":false},"author":246,"featured_media":228069,"comment_status":"closed","ping_status":"closed","sticky":false,"template":"","format":"standard","meta":{"footnotes":""},"categories":[253,436,440,439],"tags":[],"class_list":["post-228067","post","type-post","status-publish","format-standard","has-post-thumbnail","hentry","category-cidade","category-destaque-da-semana","category-destaques-do-dia","category-ultima-hora"],"_links":{"self":[{"href":"https:\/\/diarioregionaldigital.com.br\/index.php?rest_route=\/wp\/v2\/posts\/228067","targetHints":{"allow":["GET"]}}],"collection":[{"href":"https:\/\/diarioregionaldigital.com.br\/index.php?rest_route=\/wp\/v2\/posts"}],"about":[{"href":"https:\/\/diarioregionaldigital.com.br\/index.php?rest_route=\/wp\/v2\/types\/post"}],"author":[{"embeddable":true,"href":"https:\/\/diarioregionaldigital.com.br\/index.php?rest_route=\/wp\/v2\/users\/246"}],"replies":[{"embeddable":true,"href":"https:\/\/diarioregionaldigital.com.br\/index.php?rest_route=%2Fwp%2Fv2%2Fcomments&post=228067"}],"version-history":[{"count":1,"href":"https:\/\/diarioregionaldigital.com.br\/index.php?rest_route=\/wp\/v2\/posts\/228067\/revisions"}],"predecessor-version":[{"id":228068,"href":"https:\/\/diarioregionaldigital.com.br\/index.php?rest_route=\/wp\/v2\/posts\/228067\/revisions\/228068"}],"wp:featuredmedia":[{"embeddable":true,"href":"https:\/\/diarioregionaldigital.com.br\/index.php?rest_route=\/wp\/v2\/media\/228069"}],"wp:attachment":[{"href":"https:\/\/diarioregionaldigital.com.br\/index.php?rest_route=%2Fwp%2Fv2%2Fmedia&parent=228067"}],"wp:term":[{"taxonomy":"category","embeddable":true,"href":"https:\/\/diarioregionaldigital.com.br\/index.php?rest_route=%2Fwp%2Fv2%2Fcategories&post=228067"},{"taxonomy":"post_tag","embeddable":true,"href":"https:\/\/diarioregionaldigital.com.br\/index.php?rest_route=%2Fwp%2Fv2%2Ftags&post=228067"}],"curies":[{"name":"wp","href":"https:\/\/api.w.org\/{rel}","templated":true}]}}