{"id":228058,"date":"2025-05-05T19:23:22","date_gmt":"2025-05-05T22:23:22","guid":{"rendered":"https:\/\/diarioregionaldigital.com.br\/?p=228058"},"modified":"2025-05-05T19:23:22","modified_gmt":"2025-05-05T22:23:22","slug":"caixa-comeca-a-oferecer-minha-casa-minha-vida-para-classe-media","status":"publish","type":"post","link":"https:\/\/diarioregionaldigital.com.br\/?p=228058","title":{"rendered":"Caixa come\u00e7a a oferecer Minha Casa, Minha Vida para classe m\u00e9dia"},"content":{"rendered":"<p><strong>As fam\u00edlias com renda mensal de at\u00e9 R$ 12 mil podem, a partir desta segunda-feira (5), contratar a nova modalidade do Minha Casa, Minha Vida voltada \u00e0 classe m\u00e9dia<\/strong>. A Caixa Econ\u00f4mica Federal come\u00e7ou a oferecer os empr\u00e9stimos da nova categoria do programa habitacional.<img decoding=\"async\" src=\"https:\/\/agenciabrasil.ebc.com.br\/ebc.png?id=1641513&amp;o=node\" \/><img decoding=\"async\" src=\"https:\/\/agenciabrasil.ebc.com.br\/ebc.gif?id=1641513&amp;o=node\" \/><\/p>\n<p>L\u00edder no financiamento imobili\u00e1rio no pa\u00eds, concentrando cerca de 70% das opera\u00e7\u00f5es de cr\u00e9dito no setor, a Caixa p\u00f4de come\u00e7ar a operar a nova categoria ap\u00f3s o Conselho Monet\u00e1rio Nacional (CMN) regulamentar, na \u00faltima quarta-feira (30), as<a href=\"https:\/\/agenciabrasil.ebc.com.br\/economia\/noticia\/2025-04\/cmn-regulamenta-ampliacao-do-minha-casa-minha-vida-para-classe-media\" target=\"_blank\" rel=\"noopener\"> mudan\u00e7as no Minha Casa, Minha Vida<\/a>. Isso porque era necess\u00e1rio definir o uso de fontes alternativas de recursos no programa habitacional, al\u00e9m do Fundo de Garantia do Tempo de Servi\u00e7o (FGTS).<\/p>\n<p><strong>Apelidada de Faixa 4 do Minha Casa, Minha Vida, a nova modalidade oferece financiamentos com juros nominais de 10% ao ano e prazo de at\u00e9 420 meses (35 anos) e permite financiamento de im\u00f3veis de at\u00e9 R$ 500 mil<\/strong>. At\u00e9 80% do valor de im\u00f3veis novos poder\u00e3o ser financiados. Para im\u00f3veis usados, o percentual financiado cai para 60% nas regi\u00f5es Sul e Sudeste e mant\u00e9m-se em 80% para as demais localidades.<\/p>\n<p>A nova modalidade do programa habitacional oferecer\u00e1 cr\u00e9dito com recursos dos lucros e dos rendimentos do FGTS e dinheiro pr\u00f3prio dos bancos, como dep\u00f3sitos na caderneta de poupan\u00e7a e investimentos em Letras de Cr\u00e9dito Imobili\u00e1rio (LCI).<\/p>\n<h2>Faixa 3<\/h2>\n<p><strong>A Caixa tamb\u00e9m reajustou o valor das demais faixas do Minha Casa, Minha Vida,<\/strong> aprovadas no \u00faltimo dia 15 <a href=\"https:\/\/agenciabrasil.ebc.com.br\/economia\/noticia\/2025-04\/conselho-do-fgts-aprova-faixa-4-do-minha-casa-minha-vida\" target=\"_blank\" rel=\"noopener\">pelo Conselho Curador do FGTS<\/a> e no \u00faltimo dia 25 <a href=\"https:\/\/agenciabrasil.ebc.com.br\/economia\/noticia\/2025-04\/minha-casa-minha-vida-classe-media-pode-contratar-partir-de-maio\" target=\"_blank\" rel=\"noopener\">pelo Minist\u00e9rio das Cidades<\/a>.<\/p>\n<p>Os novos valores s\u00e3o os seguintes:<\/p>\n<ul>\n<li>Faixa 1: renda familiar de at\u00e9 R$ 2.850,00 por m\u00eas, com subs\u00eddio de at\u00e9 95% do valor do im\u00f3vel;<\/li>\n<li>Faixa 2: renda familiar de R$ 2.850,01 a R$ 4,7 mil por m\u00eas, com subs\u00eddio de at\u00e9 R$ 55 mil e juros reduzidos;<\/li>\n<li>Faixa 3: renda familiar de R$ 4.700,01 a R$ 8,6 mil por m\u00eas, sem subs\u00eddios, mas com condi\u00e7\u00f5es de financiamento facilitadas.<\/li>\n<\/ul>\n<p>No caso da Faixa 3, o CMN autorizou o uso de recursos do Fundo Social do Pr\u00e9-Sal para ampliar a oferta de cr\u00e9dito. Essa categoria financia im\u00f3veis de at\u00e9 R$ 350 mil, com juros nominais de 8,16% ao ano, mais Taxa Referencial (TR). Cotistas do FGTS t\u00eam desconto de 0,5 ponto percentual, pagando 7,66% ao ano.<\/p>\n<p>Fam\u00edlias enquadradas nas faixas 1 e 2 tamb\u00e9m est\u00e3o autorizadas pelo Conselho Curador do FGTS a financiar im\u00f3veis pela Faixa 3. No entanto, os mutu\u00e1rios que optarem pela eleva\u00e7\u00e3o de categoria ter\u00e3o as mesmas condi\u00e7\u00f5es da Faixa 3, sem acesso aos subs\u00eddios do governo.<\/p>\n<p>&nbsp;<\/p>\n<p>Fonte: Ag\u00eancia Brasil<\/p>\n","protected":false},"excerpt":{"rendered":"<p>As fam\u00edlias com renda mensal de at\u00e9 R$ 12 mil podem, a partir desta segunda-feira (5), contratar a nova modalidade do Minha Casa, Minha Vida voltada \u00e0 classe m\u00e9dia. A Caixa Econ\u00f4mica Federal come\u00e7ou a oferecer os empr\u00e9stimos da nova categoria do programa habitacional. L\u00edder no financiamento imobili\u00e1rio no pa\u00eds, concentrando cerca de 70% das [&hellip;]<\/p>\n","protected":false},"author":246,"featured_media":228059,"comment_status":"closed","ping_status":"closed","sticky":false,"template":"","format":"standard","meta":{"footnotes":""},"categories":[436,440,261,254,439],"tags":[],"class_list":["post-228058","post","type-post","status-publish","format-standard","has-post-thumbnail","hentry","category-destaque-da-semana","category-destaques-do-dia","category-economia","category-politica","category-ultima-hora"],"_links":{"self":[{"href":"https:\/\/diarioregionaldigital.com.br\/index.php?rest_route=\/wp\/v2\/posts\/228058","targetHints":{"allow":["GET"]}}],"collection":[{"href":"https:\/\/diarioregionaldigital.com.br\/index.php?rest_route=\/wp\/v2\/posts"}],"about":[{"href":"https:\/\/diarioregionaldigital.com.br\/index.php?rest_route=\/wp\/v2\/types\/post"}],"author":[{"embeddable":true,"href":"https:\/\/diarioregionaldigital.com.br\/index.php?rest_route=\/wp\/v2\/users\/246"}],"replies":[{"embeddable":true,"href":"https:\/\/diarioregionaldigital.com.br\/index.php?rest_route=%2Fwp%2Fv2%2Fcomments&post=228058"}],"version-history":[{"count":1,"href":"https:\/\/diarioregionaldigital.com.br\/index.php?rest_route=\/wp\/v2\/posts\/228058\/revisions"}],"predecessor-version":[{"id":228060,"href":"https:\/\/diarioregionaldigital.com.br\/index.php?rest_route=\/wp\/v2\/posts\/228058\/revisions\/228060"}],"wp:featuredmedia":[{"embeddable":true,"href":"https:\/\/diarioregionaldigital.com.br\/index.php?rest_route=\/wp\/v2\/media\/228059"}],"wp:attachment":[{"href":"https:\/\/diarioregionaldigital.com.br\/index.php?rest_route=%2Fwp%2Fv2%2Fmedia&parent=228058"}],"wp:term":[{"taxonomy":"category","embeddable":true,"href":"https:\/\/diarioregionaldigital.com.br\/index.php?rest_route=%2Fwp%2Fv2%2Fcategories&post=228058"},{"taxonomy":"post_tag","embeddable":true,"href":"https:\/\/diarioregionaldigital.com.br\/index.php?rest_route=%2Fwp%2Fv2%2Ftags&post=228058"}],"curies":[{"name":"wp","href":"https:\/\/api.w.org\/{rel}","templated":true}]}}