{"id":228052,"date":"2025-05-02T14:26:31","date_gmt":"2025-05-02T17:26:31","guid":{"rendered":"https:\/\/diarioregionaldigital.com.br\/?p=228052"},"modified":"2025-05-02T14:26:31","modified_gmt":"2025-05-02T17:26:31","slug":"no-dia-do-trabalhador-margarida-salomao-inaugura-praca-deputado-clodesmidt-riani","status":"publish","type":"post","link":"https:\/\/diarioregionaldigital.com.br\/?p=228052","title":{"rendered":"No Dia do Trabalhador, Margarida Salom\u00e3o inaugura Pra\u00e7a Deputado Clodesmidt Riani"},"content":{"rendered":"<p>Segundo informa\u00e7\u00f5es do site da Prefeitura de Juiz de Fora (PJF), como uma homenagem aos trabalhadores e trabalhadoras, a prefeita Margarida Salom\u00e3o inaugurou nesta quinta-feira, 1\u00ba de maio, a Pra\u00e7a Deputado Clodesmidt Riani\u201d. Para marcar a data hist\u00f3rica, foram celebradas as lutas e conquistas do homenageado, dentro do campo trabalhista, refor\u00e7ando sua import\u00e2ncia para o povo de Juiz de Fora e do Brasil.<\/p>\n<p>Conforme a prefeita Margarida Salom\u00e3o, \u201cesta \u00e9 uma pra\u00e7a onde estamos prestando homenagens a um grande cidad\u00e3o de Juiz de Fora, Clodesmidt Riani. N\u00e3o se pode fazer hist\u00f3ria sem mem\u00f3ria. \u00c9 preciso cultivar as das pessoas que fizeram diferen\u00e7a e lutaram pelas conquistas dos trabalhadores. Por isso, no Dia do Trabalhador, estamos reabrindo esta pra\u00e7a para o uso p\u00fablico e reabrimos homenageando um heroi da p\u00e1tria\u201d.<\/p>\n<p>&#8220;Estamos entregando essa pra\u00e7a, mais do que uma pra\u00e7a, isso vai ser um local para todos e todas as pessoas em Juiz de Fora. Uma \u00e1rea de conviv\u00eancia, de acolhimento, de muita import\u00e2ncia para a cidade. \u00c9 um lugar para rever a nossa mem\u00f3ria, a nossa luta. Est\u00e1 l\u00e1 o busto do Get\u00falio, o busto dos soldados que lutaram contra os fascistas na Europa, e est\u00e1 aqui a comunidade, o povo de Juiz de Fora&#8221;, pontuou o Secret\u00e1rio Especial de Direitos Humanos, Biel Rocha.<\/p>\n<p>A deputada federal, Ana Pimentel, destacou a import\u00e2ncia de referendar aqueles que lutam pelos trabalhadores e trabalhadoras. \u201cUma pra\u00e7a com o nome de um dos principais lutadores do nosso pa\u00eds. \u00c9 muito importante construir o direito \u00e0 cidade para o nosso povo. S\u00e3o obras que garantem dignidade, uma vida melhor e que ressignificam o direito ao bem comum. Essa pra\u00e7a aqui, hoje, faz exatamente o encontro de um sindicalista que lutou por direitos com a ressignifica\u00e7\u00e3o do papel do Estado, ao dizer que o Estado e a Prefeitura de Juiz de Fora podem, sim, garantir mais direitos para o povo trabalhador e para o povo da nossa cidade\u201d.<\/p>\n<p>\u201cHoje \u00e9 o Dia do Trabalhador e da Trabalhadora e da inaugura\u00e7\u00e3o desta pra\u00e7a com o nome de Clodesmidt Riani, que se ainda estivesse vivo, com certeza estaria engajado nas lutas e discuss\u00f5es que permeiam toda classe trabalhadora. Eu queria aqui agradecer a Margarida porque ela, nos \u00faltimos dias, inaugurou v\u00e1rias obras, Mercado Municipal, diversas Unidades B\u00e1sicas de Sa\u00fade (UBS), e agora a pra\u00e7a Clodesmidt Riani, grande l\u00edder sindical\u201d, finalizou o deputado Estadual, Bet\u00e3o Cupolillo<\/p>\n<p><strong>Clodesmidt Riani<\/strong><\/p>\n<p>Segundo Orlandesmidt Riani, filho de Clodesmidt Riani, &#8220;n\u00f3s tivemos in\u00fameros prefeitos e l\u00edderes sindicais tamb\u00e9m merecedores desta homenagem, mas Clodesmidt Riani trouxe muitas realiza\u00e7\u00f5es para o povo de Juiz de Fora. Tenho uma gratid\u00e3o enorme pela figura da prefeita Margarida. N\u00e3o h\u00e1 maneiras de calcular a emo\u00e7\u00e3o e gratid\u00e3o da fam\u00edlia Riani. Todos que passarem por aqui v\u00e3o querer saber quem foi Clodesmidt, conhecer sua hist\u00f3ria&#8221;.<\/p>\n<p>Clodesmidt Riani (1920-2024) foi uma das lideran\u00e7as sindicais mais importantes do s\u00e9culo XX, al\u00e9m de oper\u00e1rio e deputado estadual por tr\u00eas mandatos. Natural de Rio Casca (MG), em 15 de outubro de 1920, foi presidente e vice-presidente da Confedera\u00e7\u00e3o Nacional dos Trabalhadores da Ind\u00fastria (CNTI) e dirigente do Comando Geral dos Trabalhadores.<\/p>\n<p>Eleito democraticamente, foi cassado pelo golpe de 64, tendo sido preso e torturado. Teve em sua atua\u00e7\u00e3o pol\u00edticas que culminaram com aprova\u00e7\u00f5es de leis sociais importantes para o pa\u00eds, como o 13\u00ba sal\u00e1rio. Morreu em abril de 2024, aos 103 anos de idade.<\/p>\n<p>&#8220;Este \u00e9 um momento hist\u00f3rico. Conheci o sindicalista Clodesmidt Riani preso na Ditadura, por essa luta hist\u00f3rica dos trabalhadores. Parab\u00e9ns prefeita por essa homenagem a esse grande sindicalista&#8221;, ressaltou Reginaldo de Freitas, da Central \u00danica dos Trabalhadores (CUT), de Minas Gerais.<\/p>\n<p><strong>Pra\u00e7a \u201cDeputado Clodesmidt Riani\u201d<\/strong><\/p>\n<p>A interven\u00e7\u00e3o reformulou o espa\u00e7o e revitalizou os monumentos existentes no local. O projeto foi concebido em concord\u00e2ncia com moradores e comerciantes do entorno do Largo do Riachuelo, que h\u00e1 anos pleiteiam por melhorias na regi\u00e3o.<\/p>\n<p>A obra contou com a reformula\u00e7\u00e3o dos canteiros, a troca do piso, uma nova ilumina\u00e7\u00e3o, revitaliza\u00e7\u00e3o dos monumentos existentes, com uma nova roupagem, e a constru\u00e7\u00e3o de banheiros. O projeto paisag\u00edstico desenha uma pra\u00e7a mais ampla e acess\u00edvel para todos e todas.<\/p>\n<p>\u201cEsse espa\u00e7o, assim como os outros que a prefeita soube dar um destino t\u00e3o bacana, como o Mercado Municipal, tamb\u00e9m j\u00e1 serviu a Juiz de Fora de diversas maneiras. Hoje vai servir a popula\u00e7\u00e3o com lazer e cultura. \u00c9 um espa\u00e7o tamb\u00e9m que, com este nome emblem\u00e1tico de Clodesmidt Riani, discuss\u00f5es importantes tamb\u00e9m poder\u00e3o acontecer nessa pra\u00e7a\u201d, ressaltou o vice-prefeito Marcelo Detoni.<\/p>\n<p>\u201cH\u00e1 quatro anos que a gente vem participando de inaugura\u00e7\u00f5es de obras em Juiz de Fora. Obras pequenas, m\u00e9dias e grandes obras. A gente quer uma gest\u00e3o que mude a cara da cidade. Essa pra\u00e7a aqui est\u00e1 no centro da cidade, mas n\u00e3o h\u00e1 quem, de qualquer ponto ou regi\u00e3o da cidade, n\u00e3o tenha o carinho e a vontade de ver essa pra\u00e7a organizada e urbanizada\u201d, apontou o presidente da C\u00e2mara Municipal, Jos\u00e9 M\u00e1rcio Garotinho.<\/p>\n<p><strong>Rua de Brincar<\/strong><\/p>\n<p>Dentro da programa\u00e7\u00e3o, a pra\u00e7a \u201cDeputado Clodesmidt Riani\u201d recebeu uma edi\u00e7\u00e3o especial do &#8220;Rua de Brincar&#8221;, com diversas atra\u00e7\u00f5es, atividades e servi\u00e7os. O Rua de Brincar \u00e9 uma iniciativa do Programa Boniteza, que \u00e9 coordenado pela Secretaria de Desenvolvimento Urbano com Participa\u00e7\u00e3o Popular (Sedupp). O projeto tem o objetivo de incentivar a ocupa\u00e7\u00e3o dos espa\u00e7os p\u00fablicos pela popula\u00e7\u00e3o para atividades esportivas, culturais e de lazer.<\/p>\n","protected":false},"excerpt":{"rendered":"<p>Segundo informa\u00e7\u00f5es do site da Prefeitura de Juiz de Fora (PJF), como uma homenagem aos trabalhadores e trabalhadoras, a prefeita Margarida Salom\u00e3o inaugurou nesta quinta-feira, 1\u00ba de maio, a Pra\u00e7a Deputado Clodesmidt Riani\u201d. Para marcar a data hist\u00f3rica, foram celebradas as lutas e conquistas do homenageado, dentro do campo trabalhista, refor\u00e7ando sua import\u00e2ncia para o [&hellip;]<\/p>\n","protected":false},"author":246,"featured_media":228053,"comment_status":"closed","ping_status":"closed","sticky":false,"template":"","format":"standard","meta":{"footnotes":""},"categories":[253,436,440,439],"tags":[],"class_list":["post-228052","post","type-post","status-publish","format-standard","has-post-thumbnail","hentry","category-cidade","category-destaque-da-semana","category-destaques-do-dia","category-ultima-hora"],"_links":{"self":[{"href":"https:\/\/diarioregionaldigital.com.br\/index.php?rest_route=\/wp\/v2\/posts\/228052","targetHints":{"allow":["GET"]}}],"collection":[{"href":"https:\/\/diarioregionaldigital.com.br\/index.php?rest_route=\/wp\/v2\/posts"}],"about":[{"href":"https:\/\/diarioregionaldigital.com.br\/index.php?rest_route=\/wp\/v2\/types\/post"}],"author":[{"embeddable":true,"href":"https:\/\/diarioregionaldigital.com.br\/index.php?rest_route=\/wp\/v2\/users\/246"}],"replies":[{"embeddable":true,"href":"https:\/\/diarioregionaldigital.com.br\/index.php?rest_route=%2Fwp%2Fv2%2Fcomments&post=228052"}],"version-history":[{"count":1,"href":"https:\/\/diarioregionaldigital.com.br\/index.php?rest_route=\/wp\/v2\/posts\/228052\/revisions"}],"predecessor-version":[{"id":228054,"href":"https:\/\/diarioregionaldigital.com.br\/index.php?rest_route=\/wp\/v2\/posts\/228052\/revisions\/228054"}],"wp:featuredmedia":[{"embeddable":true,"href":"https:\/\/diarioregionaldigital.com.br\/index.php?rest_route=\/wp\/v2\/media\/228053"}],"wp:attachment":[{"href":"https:\/\/diarioregionaldigital.com.br\/index.php?rest_route=%2Fwp%2Fv2%2Fmedia&parent=228052"}],"wp:term":[{"taxonomy":"category","embeddable":true,"href":"https:\/\/diarioregionaldigital.com.br\/index.php?rest_route=%2Fwp%2Fv2%2Fcategories&post=228052"},{"taxonomy":"post_tag","embeddable":true,"href":"https:\/\/diarioregionaldigital.com.br\/index.php?rest_route=%2Fwp%2Fv2%2Ftags&post=228052"}],"curies":[{"name":"wp","href":"https:\/\/api.w.org\/{rel}","templated":true}]}}