{"id":228046,"date":"2025-05-02T14:16:42","date_gmt":"2025-05-02T17:16:42","guid":{"rendered":"https:\/\/diarioregionaldigital.com.br\/?p=228046"},"modified":"2025-05-02T14:16:42","modified_gmt":"2025-05-02T17:16:42","slug":"no-dia-do-trabalhador-minas-comemora-a-criacao-de-mais-de-75-mil-empregos-com-carteira-assinada-no-primeiro-trimestre","status":"publish","type":"post","link":"https:\/\/diarioregionaldigital.com.br\/?p=228046","title":{"rendered":"No Dia do Trabalhador, Minas comemora a cria\u00e7\u00e3o de mais de 75 mil empregos com carteira assinada no primeiro trimestre"},"content":{"rendered":"<p>Mais de 75 mil mineiros comemoram no Dia do Trabalhador, celebrado nesta quinta-feira (1\/5), a conquista do emprego com carteira assinada neste primeiro trimestre do ano.\u00a0No acumulado, desde 2019, j\u00e1 s\u00e3o 951.542 oportunidades criadas para os trabalhadores no estado.\u00a0O avan\u00e7o deixa Minas cada vez mais pr\u00f3xima da meta de 1 milh\u00e3o de empregos at\u00e9 2026.<\/p>\n<p>Os dados mais recentes do Cadastro Geral de Empregados e Desempregados (Novo Caged) mostram que Minas segue avan\u00e7ando e, somente em mar\u00e7o de 2025, o estado apresentou saldo de 18.169 novas vagas formais. No acumulado de janeiro a mar\u00e7o, foram criadas 75.896 vagas de emprego com carteira assinada. \u00c9 gente que conseguiu voltar ao mercado, jovens conquistando o primeiro emprego e fam\u00edlias ganhando mais seguran\u00e7a com a renda certa no fim do m\u00eas.<\/p>\n<p>&nbsp;<\/p>\n<table border=\"0\" cellspacing=\"1\" cellpadding=\"1\" align=\"center\">\n<tbody>\n<tr>\n<td colspan=\"5\"><img decoding=\"async\" src=\"https:\/\/www.agenciaminas.mg.gov.br\/ckeditor_assets\/pictures\/20949\/content_2_olho_topo.jpg\" alt=\"\" \/><\/td>\n<\/tr>\n<tr>\n<td><\/td>\n<td colspan=\"3\" rowspan=\"3\">\n<h1><strong>&#8220;Desde o in\u00edcio do meu governo, temos procurado desburocratizar e criar um ambiente atrativo para os investidores, garantindo assim mais vagas com carteira de trabalho assinada para os mineiros. Queremos ampliar ainda mais essas oportunidades para os trabalhadores, investindo tamb\u00e9m na capacita\u00e7\u00e3o da m\u00e3o de obra no estado&#8221;, enfatizou o governador Romeu Zema.<\/strong><\/h1>\n<\/td>\n<td><\/td>\n<\/tr>\n<tr>\n<td><\/td>\n<td><\/td>\n<\/tr>\n<tr>\n<td><\/td>\n<td><\/td>\n<\/tr>\n<tr>\n<td colspan=\"5\"><img decoding=\"async\" src=\"https:\/\/www.agenciaminas.mg.gov.br\/ckeditor_assets\/pictures\/20950\/content_2_olho_inferior.jpg\" alt=\"\" \/><\/td>\n<\/tr>\n<\/tbody>\n<\/table>\n<p>&nbsp;<\/p>\n<p>\u201cMinas segue avan\u00e7ando. J\u00e1 estamos muito pr\u00f3ximos de alcan\u00e7ar a marca de 1 milh\u00e3o de empregos com carteira assinada at\u00e9 2026. Esse resultado \u00e9 fruto de uma pol\u00edtica p\u00fablica s\u00e9ria, que prepara a popula\u00e7\u00e3o para o mercado de trabalho e atrai investimentos. Aqui, a gente acredita que qualifica\u00e7\u00e3o profissional \u00e9 caminho para transformar vidas\u201d, destaca Al\u00ea Portela, secret\u00e1ria de Estado de Desenvolvimento Social.<\/p>\n<p>Minas segue tamb\u00e9m como o segundo estado com maior estoque de empregos do pa\u00eds, com o saldo de 4.986.390, atr\u00e1s somente de S\u00e3o Paulo. O estoque representa a quantidade de pessoas com carteira assinada, empregada tanto no setor p\u00fablico quanto no privado.<\/p>\n<p>O estado teve em 2024 o menor desemprego desde 2012: 4,3%, segundo a Pesquisa Nacional por Amostra de Domic\u00edlios Cont\u00ednua (Pnad Cont\u00ednua). A taxa, abaixo da m\u00e9dia nacional, indica pleno emprego. O avan\u00e7o se deve \u00e0 atra\u00e7\u00e3o de investimentos e \u00e0 qualifica\u00e7\u00e3o da m\u00e3o de obra.<\/p>\n<p><strong>Programas que impulsiona gera\u00e7\u00e3o de empregos\u00a0<\/strong><\/p>\n<p>O Governo de Minas tem intensificado os programas de forma\u00e7\u00e3o profissional para garantir que mais mineiros ocupem as novas vagas formais. Uma das iniciativas \u00e9 o Minas Forma, programa da Secretaria de Estado de Desenvolvimento Social (Sedese) voltado \u00e0 capacita\u00e7\u00e3o de jovens e adultos em situa\u00e7\u00e3o de vulnerabilidade. Presente em 111 munic\u00edpios mineiros, o projeto oferece cursos de curta e m\u00e9dia dura\u00e7\u00e3o para atender a demanda por m\u00e3o de obra em \u00e1reas como cultura, turismo, servi\u00e7os e setor produtivo.<\/p>\n<p>Para mais informa\u00e7\u00f5es e inscri\u00e7\u00f5es, <a id=\"OWAa802ec7d-b770-8b9e-ea56-0eb214093fbc\" title=\"https:\/\/bit.ly\/MinasForma\" href=\"https:\/\/bit.ly\/MinasForma\" target=\"_blank\" rel=\"noreferrer noopener\" data-auth=\"NotApplicable\" data-linkindex=\"3\">clique aqui<\/a>.<\/p>\n<p>Para Maria Jos\u00e9, aluna do Minas Forma do curso de pizzas, doces e Salgados, a forma\u00e7\u00e3o foi de grande ajuda. &#8220;Valeu a pena, porque, quando levei o curr\u00edculo e mostrei que tinha a forma\u00e7\u00e3o, consegui trabalho. Estou empregada h\u00e1 quatro meses e sou muito grata aos organizadores. O curso foi v\u00e1lido e mudou a minha vida&#8221;, garante.<\/p>\n<p>Cl\u00eanis Ramos, aluna do mesmo curso, tamb\u00e9m elogia. \u201cO curso do Minas Forma foi excelente, me abriu portas. \u00c9 gratuito, com passagem inclu\u00edda, e uma grande oportunidade para quem quer se qualificar&#8221;, destaca.<\/p>\n<p>Outra frente do Minas Forma \u00e9 o projeto Comunidade Empreendedora, que apoia pequenos neg\u00f3cios e incentiva o empreendedorismo local. A Sedese, em parceria com o Servi\u00e7o Brasileiro de Apoio \u00e0s Micro e Pequenas Empresas (Sebrae-MG), oferece 57 cursos focados nas principais necessidades dos pequenos neg\u00f3cios que fazem parte das comunidades atendidas. O projeto oferece 1.140 vagas em 20 comunidades das regi\u00f5es Metropolitana, Tri\u00e2ngulo Mineiro e Norte de Minas. Com o apoio do Sebrae, a meta \u00e9 mapear cerca de 15 mil empreendedores formais e informais.<\/p>\n<p>O estado tamb\u00e9m conta com 133 postos do Sine, que oferecem gratuitamente servi\u00e7os como intermedia\u00e7\u00e3o de m\u00e3o de obra, seguro-desemprego, orienta\u00e7\u00e3o profissional e qualifica\u00e7\u00e3o. De 2019 at\u00e9 mar\u00e7o de 2025, foram realizados quase 7 milh\u00f5es de atendimentos e cerca de 2 milh\u00f5es de encaminhamentos.<\/p>\n<p>O servi\u00e7o ganhou refor\u00e7o com o Ponte Digital, que facilita o acesso do trabalhador a servi\u00e7os on-line, como a emiss\u00e3o da carteira de trabalho digital e o cadastro de curr\u00edculos. At\u00e9 o momento, 25 munic\u00edpios das regi\u00f5es Norte, Sul, Tri\u00e2ngulo Mineiro, Central, Zona da Mata e Campo das Vertentes j\u00e1 firmaram parceria para a implanta\u00e7\u00e3o do projeto, sendo que 15 deles j\u00e1 contam com esse ponto de atendimento em funcionamento.<\/p>\n<p>Um exemplo dos resultados alcan\u00e7ados \u00e9 o caso de Joel Alves, 17 anos, que\u00a0relata a experi\u00eancia positiva e a agilidade que teve ao buscar o servi\u00e7o.<\/p>\n<p>\u201cFui ao Sine atr\u00e1s de um curso e, no mesmo dia,\u00a0me ligaram com uma vaga. No dia seguinte, fiz a entrevista e comecei a trabalhar. Foi tudo muito r\u00e1pido, superou minha expectativa,\u201d destaca o jovem.<\/p>\n<p>&nbsp;<\/p>\n<p>Fonte: Ag\u00eancia Minas<\/p>\n","protected":false},"excerpt":{"rendered":"<p>Mais de 75 mil mineiros comemoram no Dia do Trabalhador, celebrado nesta quinta-feira (1\/5), a conquista do emprego com carteira assinada neste primeiro trimestre do ano.\u00a0No acumulado, desde 2019, j\u00e1 s\u00e3o 951.542 oportunidades criadas para os trabalhadores no estado.\u00a0O avan\u00e7o deixa Minas cada vez mais pr\u00f3xima da meta de 1 milh\u00e3o de empregos at\u00e9 2026. [&hellip;]<\/p>\n","protected":false},"author":246,"featured_media":228047,"comment_status":"closed","ping_status":"closed","sticky":false,"template":"","format":"standard","meta":{"footnotes":""},"categories":[436,440,261,254,439],"tags":[],"class_list":["post-228046","post","type-post","status-publish","format-standard","has-post-thumbnail","hentry","category-destaque-da-semana","category-destaques-do-dia","category-economia","category-politica","category-ultima-hora"],"_links":{"self":[{"href":"https:\/\/diarioregionaldigital.com.br\/index.php?rest_route=\/wp\/v2\/posts\/228046","targetHints":{"allow":["GET"]}}],"collection":[{"href":"https:\/\/diarioregionaldigital.com.br\/index.php?rest_route=\/wp\/v2\/posts"}],"about":[{"href":"https:\/\/diarioregionaldigital.com.br\/index.php?rest_route=\/wp\/v2\/types\/post"}],"author":[{"embeddable":true,"href":"https:\/\/diarioregionaldigital.com.br\/index.php?rest_route=\/wp\/v2\/users\/246"}],"replies":[{"embeddable":true,"href":"https:\/\/diarioregionaldigital.com.br\/index.php?rest_route=%2Fwp%2Fv2%2Fcomments&post=228046"}],"version-history":[{"count":1,"href":"https:\/\/diarioregionaldigital.com.br\/index.php?rest_route=\/wp\/v2\/posts\/228046\/revisions"}],"predecessor-version":[{"id":228048,"href":"https:\/\/diarioregionaldigital.com.br\/index.php?rest_route=\/wp\/v2\/posts\/228046\/revisions\/228048"}],"wp:featuredmedia":[{"embeddable":true,"href":"https:\/\/diarioregionaldigital.com.br\/index.php?rest_route=\/wp\/v2\/media\/228047"}],"wp:attachment":[{"href":"https:\/\/diarioregionaldigital.com.br\/index.php?rest_route=%2Fwp%2Fv2%2Fmedia&parent=228046"}],"wp:term":[{"taxonomy":"category","embeddable":true,"href":"https:\/\/diarioregionaldigital.com.br\/index.php?rest_route=%2Fwp%2Fv2%2Fcategories&post=228046"},{"taxonomy":"post_tag","embeddable":true,"href":"https:\/\/diarioregionaldigital.com.br\/index.php?rest_route=%2Fwp%2Fv2%2Ftags&post=228046"}],"curies":[{"name":"wp","href":"https:\/\/api.w.org\/{rel}","templated":true}]}}