{"id":228043,"date":"2025-05-02T14:14:26","date_gmt":"2025-05-02T17:14:26","guid":{"rendered":"https:\/\/diarioregionaldigital.com.br\/?p=228043"},"modified":"2025-05-02T14:14:26","modified_gmt":"2025-05-02T17:14:26","slug":"governo-de-minas-paga-8a-parcela-do-programa-de-recuperacao-economica-para-a-uniao","status":"publish","type":"post","link":"https:\/\/diarioregionaldigital.com.br\/?p=228043","title":{"rendered":"Governo de Minas paga 8\u00aa parcela do Programa de Recupera\u00e7\u00e3o Econ\u00f4mica para a Uni\u00e3o"},"content":{"rendered":"<p>O Estado de Minas Gerais efetuou, nesta sexta-feira (2\/5), o pagamento de R$ 424 milh\u00f5es ao Tesouro Nacional, em cumprimento ao acordo da d\u00edvida com a Uni\u00e3o. Esse valor inclui, al\u00e9m da oitava parcela do contrato n\u00b0 336\/2022\/CAF, no montante de R$ 327,47 milh\u00f5es, o pagamento dos valores originalmente devidos referentes \u00e0s presta\u00e7\u00f5es das opera\u00e7\u00f5es de cr\u00e9dito, ajustados conforme percentuais crescentes de 11,11% a cada exerc\u00edcio financeiro.<\/p>\n<p>No total, essas presta\u00e7\u00f5es somam R$ 96,53 milh\u00f5es, sendo R$ 35,25 milh\u00f5es correspondentes ao contrato n\u00b0 272\/2025\/CAFIN e R$ 61,28 milh\u00f5es ao contrato firmado nos termos da Lei n\u00b0 9496\/97.<\/p>\n<p>Atualmente, o pagamento da d\u00edvida com a Uni\u00e3o \u00e9 feito nos moldes do Regime de Recupera\u00e7\u00e3o Fiscal (RRF). Em 2024, foram pagos R$ 286,7 milh\u00f5es, no dia 1 de outubro; R$ 291,7 milh\u00f5es em novembro; e R$ 296,2 milh\u00f5es em dezembro. J\u00e1 em 2025, foram pagos R$ 303,7 milh\u00f5es em janeiro; R$ 392,98 milh\u00f5es em fevereiro; R$ 472,11 milh\u00f5es em mar\u00e7o; e R$ 396,65 milh\u00f5es em abril.<\/p>\n<p><strong>Hist\u00f3rico<\/strong><\/p>\n<p>Vale ressaltar que o Estado de Minas Gerais pagou mensalmente, de agosto de 2022 a agosto de 2024, aproximadamente, R$ 200 milh\u00f5es referente ao contrato firmado com base no artigo 23 da Lei Complementar n\u00b0 178\/2021, al\u00e9m de outros pagamentos realizados ao longo do per\u00edodo.<\/p>\n<p>Em fun\u00e7\u00e3o do acordo homologado pelo STF, que considera o RRF do ente federado como se homologado estivesse, em 1 de agosto de 2024, o saldo do contrato de refinanciamento n\u00ba 283\/2022\/CAF foi incorporado ao saldo do contrato n\u00b0 336\/2022\/CAF, com efeitos financeiros a partir de 1 de outubro de 2024.<\/p>\n<p>Desde janeiro de 2019, quando a gest\u00e3o atual assumiu, o <a href=\"https:\/\/www.mg.gov.br\/\">Governo de Minas<\/a> pagou R$ 9,84 bilh\u00f5es \u00e0 Uni\u00e3o &#8211; , considerando a parcela de 2 de maio de 2025 -, em raz\u00e3o da d\u00edvida do Estado. Somente em 2025, o Estado pagou R$ 1,99 bilh\u00e3o.<\/p>\n<p>&nbsp;<\/p>\n<p>Fonte: Ag\u00eancia Minas<\/p>\n","protected":false},"excerpt":{"rendered":"<p>O Estado de Minas Gerais efetuou, nesta sexta-feira (2\/5), o pagamento de R$ 424 milh\u00f5es ao Tesouro Nacional, em cumprimento ao acordo da d\u00edvida com a Uni\u00e3o. Esse valor inclui, al\u00e9m da oitava parcela do contrato n\u00b0 336\/2022\/CAF, no montante de R$ 327,47 milh\u00f5es, o pagamento dos valores originalmente devidos referentes \u00e0s presta\u00e7\u00f5es das opera\u00e7\u00f5es [&hellip;]<\/p>\n","protected":false},"author":246,"featured_media":228044,"comment_status":"closed","ping_status":"closed","sticky":false,"template":"","format":"standard","meta":{"footnotes":""},"categories":[436,440,261,254,439],"tags":[],"class_list":["post-228043","post","type-post","status-publish","format-standard","has-post-thumbnail","hentry","category-destaque-da-semana","category-destaques-do-dia","category-economia","category-politica","category-ultima-hora"],"_links":{"self":[{"href":"https:\/\/diarioregionaldigital.com.br\/index.php?rest_route=\/wp\/v2\/posts\/228043","targetHints":{"allow":["GET"]}}],"collection":[{"href":"https:\/\/diarioregionaldigital.com.br\/index.php?rest_route=\/wp\/v2\/posts"}],"about":[{"href":"https:\/\/diarioregionaldigital.com.br\/index.php?rest_route=\/wp\/v2\/types\/post"}],"author":[{"embeddable":true,"href":"https:\/\/diarioregionaldigital.com.br\/index.php?rest_route=\/wp\/v2\/users\/246"}],"replies":[{"embeddable":true,"href":"https:\/\/diarioregionaldigital.com.br\/index.php?rest_route=%2Fwp%2Fv2%2Fcomments&post=228043"}],"version-history":[{"count":1,"href":"https:\/\/diarioregionaldigital.com.br\/index.php?rest_route=\/wp\/v2\/posts\/228043\/revisions"}],"predecessor-version":[{"id":228045,"href":"https:\/\/diarioregionaldigital.com.br\/index.php?rest_route=\/wp\/v2\/posts\/228043\/revisions\/228045"}],"wp:featuredmedia":[{"embeddable":true,"href":"https:\/\/diarioregionaldigital.com.br\/index.php?rest_route=\/wp\/v2\/media\/228044"}],"wp:attachment":[{"href":"https:\/\/diarioregionaldigital.com.br\/index.php?rest_route=%2Fwp%2Fv2%2Fmedia&parent=228043"}],"wp:term":[{"taxonomy":"category","embeddable":true,"href":"https:\/\/diarioregionaldigital.com.br\/index.php?rest_route=%2Fwp%2Fv2%2Fcategories&post=228043"},{"taxonomy":"post_tag","embeddable":true,"href":"https:\/\/diarioregionaldigital.com.br\/index.php?rest_route=%2Fwp%2Fv2%2Ftags&post=228043"}],"curies":[{"name":"wp","href":"https:\/\/api.w.org\/{rel}","templated":true}]}}