{"id":228036,"date":"2025-04-30T20:24:08","date_gmt":"2025-04-30T23:24:08","guid":{"rendered":"https:\/\/diarioregionaldigital.com.br\/?p=228036"},"modified":"2025-04-30T20:24:08","modified_gmt":"2025-04-30T23:24:08","slug":"veja-como-fica-o-funcionamento-da-pjf-durante-o-feriado-do-dia-do-trabalhador-2","status":"publish","type":"post","link":"https:\/\/diarioregionaldigital.com.br\/?p=228036","title":{"rendered":"Veja como fica o funcionamento da PJF durante o feriado do Dia do Trabalhador"},"content":{"rendered":"<p>Segundo informa\u00e7\u00f5es do site da Prefeitura de Juiz de Fora (PJF),\u00a0 em fun\u00e7\u00e3o do feriado do Dia do Trabalhador nesta quinta-feira, 1\u00ba de maio e sexta-feira, 2, os servi\u00e7os da Prefeitura de Juiz de Fora (PJF) ter\u00e3o altera\u00e7\u00f5es. Confira como fica o funcionamento dos servi\u00e7os ao p\u00fablico no feriado:<\/p>\n<p><strong>Companhia de Saneamento Municipal (Cesama)<\/strong>: A Cesama ir\u00e1 trabalhar em esquema de plant\u00e3o durante o feriado desta quinta-feira, 1\u00ba de maio. As solicita\u00e7\u00f5es podem ser feitas por meio do Cesama Atende, pelo 115 ou pelo 0800 115 3232 &#8211; ambos atendem 24 horas. Na sexta-feira (2), a companhia ter\u00e1 expediente normal.<\/p>\n<p><strong>Departamento Municipal de Limpeza Urbana (Demlurb):\u00a0<\/strong>Nesta quinta-feira, 1\u00ba, n\u00e3o haver\u00e1 expediente de coleta domiciliar, seletiva, ecopontos e a Coleta Seletiva na Pra\u00e7a da Esta\u00e7\u00e3o. O Demlurb pede a colabora\u00e7\u00e3o da popula\u00e7\u00e3o para que n\u00e3o descarte lixo neste dia. O Departamento contar\u00e1 com equipes em regime de plant\u00e3o para eventuais demandas. A partir de sexta-feira, 2, todas as opera\u00e7\u00f5es ocorrer\u00e3o normalmente.<\/p>\n<p><strong>Guarda Municipal:\u00a0<\/strong>Mant\u00e9m o seu servi\u00e7o normal, com o funcionamento 24 horas do Centro de Monitoramento e Opera\u00e7\u00f5es (CMO) e do atendimento pelo telefone 153. As equipes motorizadas realizam rondas preventivas em espa\u00e7os e equipamentos p\u00fablicos, estando presente inclusive na inaugura\u00e7\u00e3o da Pra\u00e7a Clodesmidt Riani.<\/p>\n<p>&nbsp;<\/p>\n<p><strong>Agentes de Transporte e Tr\u00e2nsito:\u00a0<\/strong>Os agentes de transporte e tr\u00e2nsito atuam no monitoramento e fiscaliza\u00e7\u00e3o vi\u00e1ria em toda a cidade. As equipes podem ser acionadas pelo n\u00famero 2104-7400.<\/p>\n<p>&nbsp;<\/p>\n<p><strong>Defesa Civil:\u00a0<\/strong>A Defesa Civil atende 24h todos os dias, inclusive finais de semana e feriados para urg\u00eancia e emerg\u00eancia atrav\u00e9s do 199.<\/p>\n<p>&nbsp;<\/p>\n<p><strong>Mercado Municipal:\u00a0<\/strong>Funcionar\u00e1 normalmente no feriado. Na quinta-feira, 1\u00ba de maio, com\u00e9rcio em geral das 8h \u00e0s 13h, bares e restaurantes , das 10h \u00e0s 22h. Sexta-feira, com\u00e9rcio em geral das 8h \u00e0s 19h. Bares e restaurantes, das 10h \u00e0s 22h.<\/p>\n<p>&nbsp;<\/p>\n<p><strong>Feiras livres:\u00a0<\/strong>Funcionam normalmente todos os dias.<\/p>\n<p>&nbsp;<\/p>\n<p><strong>Restaurantes Populares:\u00a0<\/strong>De quinta-feira, 1\u00ba de maio a domingo, 4, funcionar\u00e3o com atendimento exclusivo para o p\u00fablico autorizado pela Assist\u00eancia Social.<\/p>\n<p>&nbsp;<\/p>\n<p>&nbsp;<\/p>\n<p><strong>Sa\u00fade:<\/strong>\u00a0Os servi\u00e7os de Urg\u00eancia e Emerg\u00eancia das Unidades de Pronto Atendimento (UPA), do Pronto Atendimento Nordeste, do Pronto Atendimento Infantil (PAI), Regional Leste e Hospital de Pronto Socorro (HPS), bem como a Central de Regula\u00e7\u00e3o de Vagas Hospitalares, permanecem em funcionamento 24 horas durante o per\u00edodo. O CAPS AD e o CAPS Casa Viva permanecem em funcionamento 24h durante o per\u00edodo.<\/p>\n<p>&nbsp;<\/p>\n<p>As Unidades B\u00e1sicas de Sa\u00fade (UBS) paralisam as atividades no final do turno da noite de quarta-feira (30). As atividades nas UBS\u2019s retornam na segunda-feira (5). O Departamento de Sa\u00fade da Mulher, Gestante, Crian\u00e7a e do Adolescente (DSMGCA), o Servi\u00e7o de Sa\u00fade do Idoso (Sasi), os Centros de Especialidades Odontol\u00f3gicas (CEO) e o PAM Marechal paralisam os atendimentos no final do turno da quarta-feira (30), e retornam na segunda-feira (5). O Departamento de Sa\u00fade Mental (DESM), o Centro de Aten\u00e7\u00e3o \u00e0 Sa\u00fade Mental (CASM)\/ Centro de Conviv\u00eancia Recriar (CCR), o Centro de Aten\u00e7\u00e3o Psicossocial (CAPS) Leste e CAPSi paralisam os atendimentos no final do turno da quarta-feira (30), e retornam na segunda-feira (5).<\/p>\n<p>&nbsp;<\/p>\n<p><strong>Casa da Mulher<\/strong>: N\u00e3o funcionar\u00e1 durante o per\u00edodo, retornando o atendimento na segunda-feira, 5<\/p>\n<p>&nbsp;<\/p>\n<p><strong>Assist\u00eancia Social:\u00a0<\/strong>Os Centros Especializados de Assist\u00eancia Social (CREAS) e de Refer\u00eancia de Assist\u00eancia Social (CRAS) estar\u00e3o fechados no dia 1\u00b0 e 2,\u00a0 retornar\u00e3o \u00e0s atividades no dia 5. Os servi\u00e7os das Casas de Acolhimento, Casas de Passagem e Abordagem Social funcionar\u00e3o normalmente. Para mais informa\u00e7\u00f5es, entre em contato pelo telefone: 3690-7770.<\/p>\n<p>&nbsp;<\/p>\n<p><strong>Conselho Tutelar:\u00a0<\/strong>Funcionar\u00e1 em esquema de plant\u00e3o pelos seguintes telefones: Norte\/nordeste: 98429-4740; \/ Norte: 98506-2939; Centro\/Sudeste: 98838-3193; Sul\/Oeste: 98431-4793; e Leste: 98463-0980 https:\/\/www.pjf.mg.gov.br\/conselhotutelar\/estrutura\/composicao.php<\/p>\n<p><strong>Emcasa:<\/strong>\u00a0Estar\u00e1 fechada no feriado de 01 de maio e no dia 02, sexta, retornando o atendimento na segunda 05 a partir das 8h.<\/p>\n<p>&nbsp;<\/p>\n<p><strong>Funalfa:\u00a0<\/strong>A sede da Funalfa, o Museu Ferrovi\u00e1rio, a Biblioteca Municipal Murilo Mendes e o Centro Cultural Dnar Rocha estar\u00e3o fechados. O CCBM s\u00f3 funcionar\u00e1 para atividades previamente agendadas, como ensaios. O Mercado Cultural AICE funcionar\u00e1 todos os dias.<\/p>\n<p>&nbsp;<\/p>\n<p><strong>Pra\u00e7a CEU<\/strong>:<\/p>\n<p>funcionar\u00e1 nos seguintes dias e hor\u00e1rios:<br \/>\nQuinta-feira &#8211; 11h \u00e0s 18h<\/p>\n<p>Sexta-feira &#8211; 11h \u00e0s 18h<\/p>\n<p>S\u00e1bado &#8211; 10h \u00e0s 19h<\/p>\n<p>Domingo &#8211; 11h \u00e0s 18h<\/p>\n<p>O retorno das oficinas esportivas e culturais, o funcionamento da biblioteca e o infocentro na segunda-feira, 5.<\/p>\n<p>&nbsp;<\/p>\n<p><strong>Parque Municipal:\u00a0<\/strong>O Parque Municipal seguir\u00e1 com funcionamento normal, todos os dias de 8h \u00e0s 17h com entrada at\u00e9 \u00e0s 16h.<\/p>\n<p>&nbsp;<\/p>\n<p><strong>Museu Mariano Proc\u00f3pio:<\/strong>\u00a0O Mapro funcionar\u00e1 na quinta e sexta em hor\u00e1rio de feriado: 10h30 \u00e0s 16h (Exposi\u00e7\u00f5es e Villa) e no Parque de 8h \u00e0s 17h.<\/p>\n<p><strong>Espa\u00e7o Cidade:<\/strong>\u00a0Est\u00e1 fechado para reformas at\u00e9 o final de junho.<\/p>\n<p>&nbsp;<\/p>\n<p><strong>Parque da Lajinha:\u00a0<\/strong>funcionar\u00e1 normalmente no feriado do Dia do Trabalhador, de 8h \u00e0s 17h, com \u00faltima entrada \u00e0s 16:30.<\/p>\n<p>&nbsp;<\/p>\n<p><strong>Ag\u00eancia de Prote\u00e7\u00e3o e Defesa do Consumidor (Procon):<\/strong>\u00a0n\u00e3o haver\u00e1 funcionamento durante o feriado.<br \/>\n<strong>Departamento de Informa\u00e7\u00e3o Geral e Atendimento (Diga):\u00a0<\/strong>As unidades do DIGA n\u00e3o funcionar\u00e3o no feriado.<\/p>\n<p><strong>Ouvidorias Municipais:\u00a0<\/strong><\/p>\n<p>As Ouvidorias Municipais n\u00e3o funcionar\u00e3o nos dias 1 e 2 de maio, mas os cidad\u00e3os poder\u00e3o registrar suas manifesta\u00e7\u00f5es e Pedidos de Acesso \u00e0 Informa\u00e7\u00e3o por meio do site (juizdefora.eouve.com.br)<\/p>\n","protected":false},"excerpt":{"rendered":"<p>Segundo informa\u00e7\u00f5es do site da Prefeitura de Juiz de Fora (PJF),\u00a0 em fun\u00e7\u00e3o do feriado do Dia do Trabalhador nesta quinta-feira, 1\u00ba de maio e sexta-feira, 2, os servi\u00e7os da Prefeitura de Juiz de Fora (PJF) ter\u00e3o altera\u00e7\u00f5es. Confira como fica o funcionamento dos servi\u00e7os ao p\u00fablico no feriado: Companhia de Saneamento Municipal (Cesama): A [&hellip;]<\/p>\n","protected":false},"author":246,"featured_media":228037,"comment_status":"closed","ping_status":"closed","sticky":false,"template":"","format":"standard","meta":{"footnotes":""},"categories":[253,436,439],"tags":[],"class_list":["post-228036","post","type-post","status-publish","format-standard","has-post-thumbnail","hentry","category-cidade","category-destaque-da-semana","category-ultima-hora"],"_links":{"self":[{"href":"https:\/\/diarioregionaldigital.com.br\/index.php?rest_route=\/wp\/v2\/posts\/228036","targetHints":{"allow":["GET"]}}],"collection":[{"href":"https:\/\/diarioregionaldigital.com.br\/index.php?rest_route=\/wp\/v2\/posts"}],"about":[{"href":"https:\/\/diarioregionaldigital.com.br\/index.php?rest_route=\/wp\/v2\/types\/post"}],"author":[{"embeddable":true,"href":"https:\/\/diarioregionaldigital.com.br\/index.php?rest_route=\/wp\/v2\/users\/246"}],"replies":[{"embeddable":true,"href":"https:\/\/diarioregionaldigital.com.br\/index.php?rest_route=%2Fwp%2Fv2%2Fcomments&post=228036"}],"version-history":[{"count":1,"href":"https:\/\/diarioregionaldigital.com.br\/index.php?rest_route=\/wp\/v2\/posts\/228036\/revisions"}],"predecessor-version":[{"id":228038,"href":"https:\/\/diarioregionaldigital.com.br\/index.php?rest_route=\/wp\/v2\/posts\/228036\/revisions\/228038"}],"wp:featuredmedia":[{"embeddable":true,"href":"https:\/\/diarioregionaldigital.com.br\/index.php?rest_route=\/wp\/v2\/media\/228037"}],"wp:attachment":[{"href":"https:\/\/diarioregionaldigital.com.br\/index.php?rest_route=%2Fwp%2Fv2%2Fmedia&parent=228036"}],"wp:term":[{"taxonomy":"category","embeddable":true,"href":"https:\/\/diarioregionaldigital.com.br\/index.php?rest_route=%2Fwp%2Fv2%2Fcategories&post=228036"},{"taxonomy":"post_tag","embeddable":true,"href":"https:\/\/diarioregionaldigital.com.br\/index.php?rest_route=%2Fwp%2Fv2%2Ftags&post=228036"}],"curies":[{"name":"wp","href":"https:\/\/api.w.org\/{rel}","templated":true}]}}