{"id":228024,"date":"2025-04-30T20:19:43","date_gmt":"2025-04-30T23:19:43","guid":{"rendered":"https:\/\/diarioregionaldigital.com.br\/?p=228024"},"modified":"2025-04-30T20:19:43","modified_gmt":"2025-04-30T23:19:43","slug":"policia-militar-realiza-megaoperacao-no-feriado-de-dia-do-trabalho-em-minas-gerais","status":"publish","type":"post","link":"https:\/\/diarioregionaldigital.com.br\/?p=228024","title":{"rendered":"Pol\u00edcia Militar realiza megaopera\u00e7\u00e3o no feriado de Dia do Trabalho em Minas Gerais"},"content":{"rendered":"<p>A\u00a0<a href=\"https:\/\/www.policiamilitar.mg.gov.br\/\" target=\"_blank\" rel=\"noopener\">Pol\u00edcia Militar de Minas Gerais (PMMG)<\/a>, por meio do Batalh\u00e3o de Pol\u00edcia Militar Rodovi\u00e1ria (BPMRv)\u00a0 e do Batalh\u00e3o de Pol\u00edcia Militar de Meio Ambiente (BPMMAmb), realizar\u00e1 a megaopera\u00e7\u00e3o Dia do Trabalho 2025 em todo o estado de Minas Gerais, desta quinta-feira (30\/4) at\u00e9 domingo (4\/5).<\/p>\n<p>A opera\u00e7\u00e3o ser\u00e1 realizada em mais de 200 pontos, para a fiscaliza\u00e7\u00e3o das rodovias e \u00e1reas rurais do estado, e no combate ao uso e tr\u00e1fico de drogas, al\u00e9m da fiscaliza\u00e7\u00e3o da Lei Seca. Cerca de 2 mil policiais militares atuar\u00e3o, com o uso de etil\u00f4metros (baf\u00f4metros), radares e drones em locais estrat\u00e9gicos, al\u00e9m das abordagens sistem\u00e1ticas.<\/p>\n<p>Ser\u00e3o realizadas, ainda, blitze preventivas nas rodovias e estradas vicinais, oferecendo dicas de preven\u00e7\u00e3o, devido ao aumento do fluxo de ve\u00edculos e pessoas nas rodovias neste feriado. &#8220;A Pol\u00edcia Militar busca refor\u00e7ar as a\u00e7\u00f5es preventivas e de fiscaliza\u00e7\u00f5es voltadas \u00e0 seguran\u00e7a de todos que transitam pelas rodovias mineiras&#8221;, afirma o comandante do BPMRv, tenente-coronel Renato Quirino Machado J\u00fanior.<\/p>\n<p>&#8220;A orienta\u00e7\u00e3o da PMMG \u00e9 que o condutor planeje sua rotina e as viagens, obede\u00e7a a sinaliza\u00e7\u00e3o das vias, principalmente em rela\u00e7\u00e3o \u00e0 velocidade dos ve\u00edculos. A conscientiza\u00e7\u00e3o de todos \u00e9 fundamental para que Minas possa reduzir o n\u00famero de acidentes de tr\u00e2nsito&#8221;, destaca o comandante.<\/p>\n<p>A megaopera\u00e7\u00e3o Dia do Trabalho 2025 conta com a parceria de \u00f3rg\u00e3os como o\u00a0<a href=\"https:\/\/www.der.mg.gov.br\/\" target=\"_blank\" rel=\"noopener\">Departamento de Estradas de Rodagem de Minas Gerais (DER-MG)<\/a>, o Departamento Nacional de Infraestrutura de Transportes (Dnit) e a\u00a0<a href=\"https:\/\/meioambiente.mg.gov.br\/\" target=\"_blank\" rel=\"noopener\">Secretaria de Estado de Meio Ambiente e Desenvolvimento Sustent\u00e1vel de Minas Gerais (Semad)<\/a>.<\/p>\n<p>Fonte: Ag\u00eancia Minas<\/p>\n","protected":false},"excerpt":{"rendered":"<p>A\u00a0Pol\u00edcia Militar de Minas Gerais (PMMG), por meio do Batalh\u00e3o de Pol\u00edcia Militar Rodovi\u00e1ria (BPMRv)\u00a0 e do Batalh\u00e3o de Pol\u00edcia Militar de Meio Ambiente (BPMMAmb), realizar\u00e1 a megaopera\u00e7\u00e3o Dia do Trabalho 2025 em todo o estado de Minas Gerais, desta quinta-feira (30\/4) at\u00e9 domingo (4\/5). A opera\u00e7\u00e3o ser\u00e1 realizada em mais de 200 pontos, para [&hellip;]<\/p>\n","protected":false},"author":246,"featured_media":228025,"comment_status":"closed","ping_status":"closed","sticky":false,"template":"","format":"standard","meta":{"footnotes":""},"categories":[301,436,439],"tags":[],"class_list":["post-228024","post","type-post","status-publish","format-standard","has-post-thumbnail","hentry","category-artigos-policiais","category-destaque-da-semana","category-ultima-hora"],"_links":{"self":[{"href":"https:\/\/diarioregionaldigital.com.br\/index.php?rest_route=\/wp\/v2\/posts\/228024","targetHints":{"allow":["GET"]}}],"collection":[{"href":"https:\/\/diarioregionaldigital.com.br\/index.php?rest_route=\/wp\/v2\/posts"}],"about":[{"href":"https:\/\/diarioregionaldigital.com.br\/index.php?rest_route=\/wp\/v2\/types\/post"}],"author":[{"embeddable":true,"href":"https:\/\/diarioregionaldigital.com.br\/index.php?rest_route=\/wp\/v2\/users\/246"}],"replies":[{"embeddable":true,"href":"https:\/\/diarioregionaldigital.com.br\/index.php?rest_route=%2Fwp%2Fv2%2Fcomments&post=228024"}],"version-history":[{"count":1,"href":"https:\/\/diarioregionaldigital.com.br\/index.php?rest_route=\/wp\/v2\/posts\/228024\/revisions"}],"predecessor-version":[{"id":228026,"href":"https:\/\/diarioregionaldigital.com.br\/index.php?rest_route=\/wp\/v2\/posts\/228024\/revisions\/228026"}],"wp:featuredmedia":[{"embeddable":true,"href":"https:\/\/diarioregionaldigital.com.br\/index.php?rest_route=\/wp\/v2\/media\/228025"}],"wp:attachment":[{"href":"https:\/\/diarioregionaldigital.com.br\/index.php?rest_route=%2Fwp%2Fv2%2Fmedia&parent=228024"}],"wp:term":[{"taxonomy":"category","embeddable":true,"href":"https:\/\/diarioregionaldigital.com.br\/index.php?rest_route=%2Fwp%2Fv2%2Fcategories&post=228024"},{"taxonomy":"post_tag","embeddable":true,"href":"https:\/\/diarioregionaldigital.com.br\/index.php?rest_route=%2Fwp%2Fv2%2Ftags&post=228024"}],"curies":[{"name":"wp","href":"https:\/\/api.w.org\/{rel}","templated":true}]}}