{"id":228021,"date":"2025-04-30T20:18:38","date_gmt":"2025-04-30T23:18:38","guid":{"rendered":"https:\/\/diarioregionaldigital.com.br\/?p=228021"},"modified":"2025-04-30T20:18:38","modified_gmt":"2025-04-30T23:18:38","slug":"governo-lanca-processo-de-selecao-para-contratar-organizacao-social-como-parceira-na-gestao-do-presidio-de-iturama","status":"publish","type":"post","link":"https:\/\/diarioregionaldigital.com.br\/?p=228021","title":{"rendered":"Governo lan\u00e7a processo de sele\u00e7\u00e3o para contratar Organiza\u00e7\u00e3o Social como parceira na gest\u00e3o do Pres\u00eddio de Iturama"},"content":{"rendered":"<p>A\u00a0<a href=\"https:\/\/www.seguranca.mg.gov.br\/\" target=\"_blank\" rel=\"noopener\">Secretaria de Estado de Justi\u00e7a e Seguran\u00e7a P\u00fablica (Sejusp)<\/a>\u00a0lan\u00e7ou, nesta semana, o Edital n\u00ba 01\/2025, destinado \u00e0 sele\u00e7\u00e3o p\u00fablica de entidade sem fins lucrativos, qualificada ou que pretenda qualificar-se como Organiza\u00e7\u00e3o Social do Estado de Minas Gerais, para firmar contrato de parceria com o\u00a0<a href=\"https:\/\/depen.seguranca.mg.gov.br\/\" target=\"_blank\" rel=\"noopener\">Departamento Penitenci\u00e1rio de Minas Gerais (Depen-MG)<\/a>, voltado para a cogest\u00e3o da\u00a0<u><a id=\"OWAa4262470-b6a3-0cb2-4007-f0ca47e24b84\" title=\"https:\/\/www.seguranca.mg.gov.br\/index.php\/noticias\/governo-de-minas-entrega-mais-uma-unidade-prisional-com-388-vagas\" href=\"https:\/\/www.seguranca.mg.gov.br\/index.php\/noticias\/governo-de-minas-entrega-mais-uma-unidade-prisional-com-388-vagas\" target=\"_blank\" rel=\"noopener noreferrer\" data-auth=\"NotApplicable\" data-linkindex=\"0\">Unidade Prisional do munic\u00edpio de Iturama, inaugurada em mar\u00e7o de 2025<\/a><\/u>.<\/p>\n<p>O contrato ter\u00e1 vig\u00eancia de cinco anos e a entidade selecionada receber\u00e1 um repasse total estimado em R$ 69.241.193,88 para executar atividades de manuten\u00e7\u00e3o da unidade prisional, assist\u00eancia material e atendimentos t\u00e9cnicos prestados aos custodiados.\u00a0As\u00a0institui\u00e7\u00f5es interessadas em participar do processo sele\u00e7\u00e3o p\u00fablica poder\u00e3o encaminhar suas propostas para a Comiss\u00e3o Julgadora, entre os dias 21 e 27\/5. \u00a0O resultado final ser\u00e1 publicado no Di\u00e1rio Oficial Eletr\u00f4nico de Minas Gerais e no site da Sejusp, entre 23 e 27\/6.<\/p>\n<p>Para o secret\u00e1rio de Estado de Justi\u00e7a e Seguran\u00e7a P\u00fablica, Rog\u00e9rio Greco, este Edital representa uma importante oportunidade para ter a sociedade civil inserida no sistema prisional como parceira do Estado, colaborando no processo de ressocializa\u00e7\u00e3o dos presos. \u201cEssa parceria humaniza ainda mais o servi\u00e7o prestado nas unidades prisionais, permitindo que a comunidade auxilie de forma cada vez mais ativa na recupera\u00e7\u00e3o do indiv\u00edduo privado de liberdade\u201d, comemora.<\/p>\n<p>Quaisquer entidades sem fins lucrativos que cumpram os requisitos estabelecidos no artigo quatro do Edital e que tenham interesse em participar da sele\u00e7\u00e3o, podem se inscrever, providenciando e encaminhando os seguintes documentos:<\/p>\n<ul data-editing-info=\"{&quot;applyListStyleFromLevel&quot;:true}\">\n<li>\u201cFormul\u00e1rio de Envio de Proposta\u201d, dispon\u00edvel no Sistema Eletr\u00f4nico de Informa\u00e7\u00e3o (SEI);<\/li>\n<li>Estimativa de Custos, elaborada conforme o modelo dispon\u00edvel no Anexo III do Edital;<\/li>\n<li>Balan\u00e7o Patrimonial do \u00faltimo exerc\u00edcio;<\/li>\n<li>Documentos de comprova\u00e7\u00e3o de experi\u00eancia;<\/li>\n<li>Demonstrativo de compatibilidade de sal\u00e1rios propostos com os sal\u00e1rios praticados no mercado na regi\u00e3o de execu\u00e7\u00e3o.<\/li>\n<\/ul>\n<p>A convoca\u00e7\u00e3o da entidade vencedora do processo de sele\u00e7\u00e3o p\u00fablica acontecer\u00e1 no dia 1\/6. A assinatura e publica\u00e7\u00e3o do Contrato de Gest\u00e3o no Di\u00e1rio Oficial Eletr\u00f4nico de Minas Gerais est\u00e1 prevista para acontecer no dia 7\/11\u00a0de 2025.<\/p>\n<p>Para consultar o Edital, seus Anexos e esclarecer poss\u00edveis d\u00favidas, basta acessar\u00a0<a href=\"https:\/\/depen.seguranca.mg.gov.br\/o-departamento\/publicacoes\" target=\"_blank\" rel=\"noopener\">este\u00a0link<\/a>.<\/p>\n<p>Fonte: Ag\u00eancia Minas<\/p>\n","protected":false},"excerpt":{"rendered":"<p>A\u00a0Secretaria de Estado de Justi\u00e7a e Seguran\u00e7a P\u00fablica (Sejusp)\u00a0lan\u00e7ou, nesta semana, o Edital n\u00ba 01\/2025, destinado \u00e0 sele\u00e7\u00e3o p\u00fablica de entidade sem fins lucrativos, qualificada ou que pretenda qualificar-se como Organiza\u00e7\u00e3o Social do Estado de Minas Gerais, para firmar contrato de parceria com o\u00a0Departamento Penitenci\u00e1rio de Minas Gerais (Depen-MG), voltado para a cogest\u00e3o da\u00a0Unidade Prisional [&hellip;]<\/p>\n","protected":false},"author":246,"featured_media":228022,"comment_status":"closed","ping_status":"closed","sticky":false,"template":"","format":"standard","meta":{"footnotes":""},"categories":[436,261,254,439],"tags":[],"class_list":["post-228021","post","type-post","status-publish","format-standard","has-post-thumbnail","hentry","category-destaque-da-semana","category-economia","category-politica","category-ultima-hora"],"_links":{"self":[{"href":"https:\/\/diarioregionaldigital.com.br\/index.php?rest_route=\/wp\/v2\/posts\/228021","targetHints":{"allow":["GET"]}}],"collection":[{"href":"https:\/\/diarioregionaldigital.com.br\/index.php?rest_route=\/wp\/v2\/posts"}],"about":[{"href":"https:\/\/diarioregionaldigital.com.br\/index.php?rest_route=\/wp\/v2\/types\/post"}],"author":[{"embeddable":true,"href":"https:\/\/diarioregionaldigital.com.br\/index.php?rest_route=\/wp\/v2\/users\/246"}],"replies":[{"embeddable":true,"href":"https:\/\/diarioregionaldigital.com.br\/index.php?rest_route=%2Fwp%2Fv2%2Fcomments&post=228021"}],"version-history":[{"count":1,"href":"https:\/\/diarioregionaldigital.com.br\/index.php?rest_route=\/wp\/v2\/posts\/228021\/revisions"}],"predecessor-version":[{"id":228023,"href":"https:\/\/diarioregionaldigital.com.br\/index.php?rest_route=\/wp\/v2\/posts\/228021\/revisions\/228023"}],"wp:featuredmedia":[{"embeddable":true,"href":"https:\/\/diarioregionaldigital.com.br\/index.php?rest_route=\/wp\/v2\/media\/228022"}],"wp:attachment":[{"href":"https:\/\/diarioregionaldigital.com.br\/index.php?rest_route=%2Fwp%2Fv2%2Fmedia&parent=228021"}],"wp:term":[{"taxonomy":"category","embeddable":true,"href":"https:\/\/diarioregionaldigital.com.br\/index.php?rest_route=%2Fwp%2Fv2%2Fcategories&post=228021"},{"taxonomy":"post_tag","embeddable":true,"href":"https:\/\/diarioregionaldigital.com.br\/index.php?rest_route=%2Fwp%2Fv2%2Ftags&post=228021"}],"curies":[{"name":"wp","href":"https:\/\/api.w.org\/{rel}","templated":true}]}}