{"id":228015,"date":"2025-04-30T20:16:03","date_gmt":"2025-04-30T23:16:03","guid":{"rendered":"https:\/\/diarioregionaldigital.com.br\/?p=228015"},"modified":"2025-04-30T20:16:03","modified_gmt":"2025-04-30T23:16:03","slug":"governo-de-minas-e-tjmg-firmam-cooperacao-inedita-para-desjudicializacao-de-processos-sobre-medicamentos","status":"publish","type":"post","link":"https:\/\/diarioregionaldigital.com.br\/?p=228015","title":{"rendered":"Governo de Minas e TJMG firmam coopera\u00e7\u00e3o in\u00e9dita para desjudicializa\u00e7\u00e3o de processos sobre medicamentos"},"content":{"rendered":"<p>Em uma parceria in\u00e9dita, o Governo de Minas, por meio da\u00a0<a href=\"https:\/\/advocaciageral.mg.gov.br\/\" target=\"_blank\" rel=\"noopener\">Advocacia-Geral do Estado (AGE-MG)<\/a>, e o Tribunal de Justi\u00e7a de Minas Gerais (TJMG) firmaram um acordo para a desjudicializa\u00e7\u00e3o de processos que tratam do fornecimento de medicamentos pelo Sistema \u00danico de Sa\u00fade (SUS).<\/p>\n<p>A expectativa \u00e9 que cerca de 5 mil a\u00e7\u00f5es atualmente em tramita\u00e7\u00e3o no Judici\u00e1rio mineiro sejam solucionadas por meio da aplica\u00e7\u00e3o dos Temas de Repercuss\u00e3o Geral 1.234, 793 e 6, do Supremo Tribunal Federal (STF).<\/p>\n<p>Os Temas de Repercuss\u00e3o Geral definiram regras de compet\u00eancia judicial, de ressarcimento interfederativo (Uni\u00e3o, Estados e Munic\u00edpios) e requisitos para a an\u00e1lise judicial das a\u00e7\u00f5es judiciais que reivindicam o fornecimento de medicamentos.<\/p>\n<p>Uma delas, por exemplo, determinou que se o valor anual do medicamento for igual ou maior a 210 sal\u00e1rios-m\u00ednimos, a Uni\u00e3o pagar\u00e1 o custo total do medicamento.<\/p>\n<p>A coopera\u00e7\u00e3o entre TJMG e a AGE-MG foi acertada numa reuni\u00e3o entre o 1\u00ba vice-presidente do Tribunal, desembargador Marcos Lincoln dos Santos, e o advogado-geral do Estado, S\u00e9rgio Pessoa de Paula Castro.<\/p>\n<p>\u201cA proposta de uma composi\u00e7\u00e3o a partir do Tema 1.234, julgado pelo STF, permitir\u00e1 uma racionaliza\u00e7\u00e3o da solu\u00e7\u00e3o dos in\u00fameros recursos que est\u00e3o sob a an\u00e1lise da 1\u00aa vice-presid\u00eancia do TJMG. Esse movimento em parceria prop\u00f5e que o Estado, a partir de uma triagem desses recursos, possa desistir dos mesmos, respeitando o acordo homologado no \u00e2mbito do Supremo Tribunal Federal, e favorecer de imediato solu\u00e7\u00f5es para os usu\u00e1rios do SUS\u201d, diz S\u00e9rgio Pessoa.<\/p>\n<p>O desembargador Marcos Lincoln dos Santos destacou que \u201cessa iniciativa representa um importante avan\u00e7o no enfrentamento da judicializa\u00e7\u00e3o da sa\u00fade, especialmente no que se refere ao fornecimento de medicamentos. Ao unir esfor\u00e7os com o Estado, buscamos garantir celeridade, economia de recursos e, principalmente, uma resposta mais r\u00e1pida e eficiente ao cidad\u00e3o\u201d.<\/p>\n<p>Tamb\u00e9m participaram do encontro o advogado-geral adjunto para o Contencioso, F\u00e1bio Murilo Nazar; o procurador do Estado Kleber Silva Leite Pinto J\u00fanior; a assessora-chefe da Assessoria da 1\u00aa Vice-Presid\u00eancia (Asvip 1), Roberta In\u00e1cio Maia; as assessoras jur\u00eddicas da Asvip 1, Juliana Cristina Ba\u00eata Barbosa e Silviane Lopes, e a estagi\u00e1ria de p\u00f3s-gradua\u00e7\u00e3o da Asvip 1 Marina Campos.<\/p>\n<p>Fonte: Ag\u00eancia Minas<\/p>\n","protected":false},"excerpt":{"rendered":"<p>Em uma parceria in\u00e9dita, o Governo de Minas, por meio da\u00a0Advocacia-Geral do Estado (AGE-MG), e o Tribunal de Justi\u00e7a de Minas Gerais (TJMG) firmaram um acordo para a desjudicializa\u00e7\u00e3o de processos que tratam do fornecimento de medicamentos pelo Sistema \u00danico de Sa\u00fade (SUS). A expectativa \u00e9 que cerca de 5 mil a\u00e7\u00f5es atualmente em tramita\u00e7\u00e3o [&hellip;]<\/p>\n","protected":false},"author":246,"featured_media":228016,"comment_status":"closed","ping_status":"closed","sticky":false,"template":"","format":"standard","meta":{"footnotes":""},"categories":[436,440,261,254,439],"tags":[],"class_list":["post-228015","post","type-post","status-publish","format-standard","has-post-thumbnail","hentry","category-destaque-da-semana","category-destaques-do-dia","category-economia","category-politica","category-ultima-hora"],"_links":{"self":[{"href":"https:\/\/diarioregionaldigital.com.br\/index.php?rest_route=\/wp\/v2\/posts\/228015","targetHints":{"allow":["GET"]}}],"collection":[{"href":"https:\/\/diarioregionaldigital.com.br\/index.php?rest_route=\/wp\/v2\/posts"}],"about":[{"href":"https:\/\/diarioregionaldigital.com.br\/index.php?rest_route=\/wp\/v2\/types\/post"}],"author":[{"embeddable":true,"href":"https:\/\/diarioregionaldigital.com.br\/index.php?rest_route=\/wp\/v2\/users\/246"}],"replies":[{"embeddable":true,"href":"https:\/\/diarioregionaldigital.com.br\/index.php?rest_route=%2Fwp%2Fv2%2Fcomments&post=228015"}],"version-history":[{"count":1,"href":"https:\/\/diarioregionaldigital.com.br\/index.php?rest_route=\/wp\/v2\/posts\/228015\/revisions"}],"predecessor-version":[{"id":228017,"href":"https:\/\/diarioregionaldigital.com.br\/index.php?rest_route=\/wp\/v2\/posts\/228015\/revisions\/228017"}],"wp:featuredmedia":[{"embeddable":true,"href":"https:\/\/diarioregionaldigital.com.br\/index.php?rest_route=\/wp\/v2\/media\/228016"}],"wp:attachment":[{"href":"https:\/\/diarioregionaldigital.com.br\/index.php?rest_route=%2Fwp%2Fv2%2Fmedia&parent=228015"}],"wp:term":[{"taxonomy":"category","embeddable":true,"href":"https:\/\/diarioregionaldigital.com.br\/index.php?rest_route=%2Fwp%2Fv2%2Fcategories&post=228015"},{"taxonomy":"post_tag","embeddable":true,"href":"https:\/\/diarioregionaldigital.com.br\/index.php?rest_route=%2Fwp%2Fv2%2Ftags&post=228015"}],"curies":[{"name":"wp","href":"https:\/\/api.w.org\/{rel}","templated":true}]}}