{"id":228010,"date":"2025-04-30T01:38:04","date_gmt":"2025-04-30T04:38:04","guid":{"rendered":"https:\/\/diarioregionaldigital.com.br\/?p=228010"},"modified":"2025-04-30T01:38:04","modified_gmt":"2025-04-30T04:38:04","slug":"extrato-de-terceiro-termo-aditivo-de-contrato-colefar-30-04-2025","status":"publish","type":"post","link":"https:\/\/diarioregionaldigital.com.br\/?p=228010","title":{"rendered":"EXTRATO DE TERCEIRO TERMO ADITIVO DE CONTRATO COLEFAR &#8211; 30\/04\/2025"},"content":{"rendered":"<p class=\"s3\"><span class=\"s2\"><span class=\"bumpedFont17\">EXTRATO<\/span><\/span> <span class=\"s2\"><span class=\"bumpedFont17\">DE TERCEIRO<\/span><\/span> <span class=\"s2\"><span class=\"bumpedFont17\">TERMO ADITIVO<\/span><\/span><span class=\"s2\"><span class=\"bumpedFont17\"> DE CONTRATO<\/span><\/span><\/p>\n<p class=\"s4\"><span class=\"s2\"><span class=\"bumpedFont17\">3<\/span><\/span><span class=\"s2\"><span class=\"bumpedFont17\">\u00ba<\/span><\/span><span class=\"s2\"><span class=\"bumpedFont17\"> Termo Aditivo. <\/span><\/span><span class=\"s2\"><span class=\"bumpedFont17\">Pref. Municipal de Descoberto x <\/span><\/span><span class=\"s2\"><span class=\"bumpedFont17\">Colefar<\/span><\/span><span class=\"s2\"><span class=\"bumpedFont17\"> Ltda- ME<\/span><\/span><span class=\"s2\"><span class=\"bumpedFont17\">&#8211; <\/span><\/span><span class=\"s2\"><span class=\"bumpedFont17\">Objeto: <\/span><\/span><span class=\"s2\"><span class=\"bumpedFont17\">Constitui objeto do <\/span><\/span><span class=\"s2\"><span class=\"bumpedFont17\">presente <\/span><\/span><span class=\"s2\"><span class=\"bumpedFont17\">termo <\/span><\/span><span class=\"s2\"><span class=\"bumpedFont17\">aditivo a modifica\u00e7\u00e3o <\/span><\/span><span class=\"s2\"><span class=\"bumpedFont17\">do prazo de vig\u00eancia do contrato, que passar\u00e1 a vigorar de <\/span><\/span><span class=\"s2\"><span class=\"bumpedFont17\">2<\/span><\/span><span class=\"s2\"><span class=\"bumpedFont17\">4<\/span><\/span><span class=\"s2\"><span class=\"bumpedFont17\">\/04\/2<\/span><\/span><span class=\"s2\"><span class=\"bumpedFont17\">5<\/span><\/span><span class=\"s2\"><span class=\"bumpedFont17\"> a 2<\/span><\/span><span class=\"s2\"><span class=\"bumpedFont17\">4<\/span><\/span><span class=\"s2\"><span class=\"bumpedFont17\">\/04\/202<\/span><\/span><span class=\"s2\"><span class=\"bumpedFont17\">6<\/span><\/span><span class=\"s2\"><span class=\"bumpedFont17\">&#8211; Fundamento: <\/span><\/span><span class=\"s2\"><span class=\"bumpedFont17\">Dispensa<\/span><\/span><span class=\"s2\"><span class=\"bumpedFont17\"> n\u00ba 004\/2022<\/span><\/span><span class=\"s2\"><span class=\"bumpedFont17\"> \u2013 Valor Global:<\/span><\/span><span class=\"s2\"><span class=\"bumpedFont17\">6.1<\/span><\/span><span class=\"s2\"><span class=\"bumpedFont17\">20,00<\/span><\/span> <span class=\"s2\"><span class=\"bumpedFont17\">\u2013 <\/span><\/span><span class=\"s2\"><span class=\"bumpedFont17\">Dot<\/span><\/span> <span class=\"s2\"><span class=\"bumpedFont17\">or\u00e7<\/span><\/span><span class=\"s2\"><span class=\"bumpedFont17\">:<\/span><\/span> <span class=\"s2\"><span class=\"bumpedFont17\">02.02005.10.301.0004.284-339039\/100<\/span><\/span><span class=\"s2\"><span class=\"bumpedFont17\">&#8211;<\/span><\/span> <span class=\"s2\"><span class=\"bumpedFont17\">Ass<\/span><\/span><span class=\"s2\"><span class=\"bumpedFont17\">: <\/span><\/span><span class=\"s2\"><span class=\"bumpedFont17\">2<\/span><\/span><span class=\"s2\"><span class=\"bumpedFont17\">4<\/span><\/span><span class=\"s2\"><span class=\"bumpedFont17\">\/04\/202<\/span><\/span><span class=\"s2\"><span class=\"bumpedFont17\">5<\/span><\/span><span class=\"s2\"><span class=\"bumpedFont17\">&#8211; Foro: S\u00e3o Jo\u00e3o Nepomuceno\/MG.<\/span><\/span><\/p>\n<p class=\"s3\"><span class=\"s2\"><span class=\"bumpedFont17\">Lu\u00eds Fernando de Oliveira<\/span><\/span><\/p>\n<p class=\"s3\"><span class=\"s2\"><span class=\"bumpedFont17\">Prefeito Municipal<\/span><\/span><\/p>\n","protected":false},"excerpt":{"rendered":"<p>EXTRATO DE TERCEIRO TERMO ADITIVO DE CONTRATO 3\u00ba Termo Aditivo. Pref. Municipal de Descoberto x Colefar Ltda- ME&#8211; Objeto: Constitui objeto do presente termo aditivo a modifica\u00e7\u00e3o do prazo de vig\u00eancia do contrato, que passar\u00e1 a vigorar de 24\/04\/25 a 24\/04\/2026&#8211; Fundamento: Dispensa n\u00ba 004\/2022 \u2013 Valor Global:6.120,00 \u2013 Dot or\u00e7: 02.02005.10.301.0004.284-339039\/100&#8211; Ass: 24\/04\/2025&#8211; Foro: [&hellip;]<\/p>\n","protected":false},"author":246,"featured_media":0,"comment_status":"closed","ping_status":"closed","sticky":false,"template":"","format":"standard","meta":{"footnotes":""},"categories":[307,1],"tags":[],"class_list":["post-228010","post","type-post","status-publish","format-standard","hentry","category-editais","category-sem-categoria"],"_links":{"self":[{"href":"https:\/\/diarioregionaldigital.com.br\/index.php?rest_route=\/wp\/v2\/posts\/228010","targetHints":{"allow":["GET"]}}],"collection":[{"href":"https:\/\/diarioregionaldigital.com.br\/index.php?rest_route=\/wp\/v2\/posts"}],"about":[{"href":"https:\/\/diarioregionaldigital.com.br\/index.php?rest_route=\/wp\/v2\/types\/post"}],"author":[{"embeddable":true,"href":"https:\/\/diarioregionaldigital.com.br\/index.php?rest_route=\/wp\/v2\/users\/246"}],"replies":[{"embeddable":true,"href":"https:\/\/diarioregionaldigital.com.br\/index.php?rest_route=%2Fwp%2Fv2%2Fcomments&post=228010"}],"version-history":[{"count":1,"href":"https:\/\/diarioregionaldigital.com.br\/index.php?rest_route=\/wp\/v2\/posts\/228010\/revisions"}],"predecessor-version":[{"id":228011,"href":"https:\/\/diarioregionaldigital.com.br\/index.php?rest_route=\/wp\/v2\/posts\/228010\/revisions\/228011"}],"wp:attachment":[{"href":"https:\/\/diarioregionaldigital.com.br\/index.php?rest_route=%2Fwp%2Fv2%2Fmedia&parent=228010"}],"wp:term":[{"taxonomy":"category","embeddable":true,"href":"https:\/\/diarioregionaldigital.com.br\/index.php?rest_route=%2Fwp%2Fv2%2Fcategories&post=228010"},{"taxonomy":"post_tag","embeddable":true,"href":"https:\/\/diarioregionaldigital.com.br\/index.php?rest_route=%2Fwp%2Fv2%2Ftags&post=228010"}],"curies":[{"name":"wp","href":"https:\/\/api.w.org\/{rel}","templated":true}]}}