{"id":228007,"date":"2025-04-30T01:36:39","date_gmt":"2025-04-30T04:36:39","guid":{"rendered":"https:\/\/diarioregionaldigital.com.br\/?p=228007"},"modified":"2025-04-30T01:36:39","modified_gmt":"2025-04-30T04:36:39","slug":"extrato-de-terceiro-termo-aditivo-de-contrato-30-04-2025","status":"publish","type":"post","link":"https:\/\/diarioregionaldigital.com.br\/?p=228007","title":{"rendered":"EXTRATO DE TERCEIRO TERMO ADITIVO DE CONTRATO &#8211; 30\/04\/2025"},"content":{"rendered":"<p class=\"s3\"><span class=\"s2\"><span class=\"bumpedFont17\">EXTRATO<\/span><\/span> <span class=\"s2\"><span class=\"bumpedFont17\">DE TERCEIRO<\/span><\/span> <span class=\"s2\"><span class=\"bumpedFont17\">TERMO ADITIVO<\/span><\/span><span class=\"s2\"><span class=\"bumpedFont17\"> DE CONTRATO<\/span><\/span><\/p>\n<p class=\"s4\"><span class=\"s2\"><span class=\"bumpedFont17\">3<\/span><\/span><span class=\"s2\"><span class=\"bumpedFont17\">\u00ba<\/span><\/span><span class=\"s2\"><span class=\"bumpedFont17\"> Termo Aditivo. <\/span><\/span><span class=\"s2\"><span class=\"bumpedFont17\">Pref. Municipal de Descoberto x <\/span><\/span><span class=\"s2\"><span class=\"bumpedFont17\">Cigma Solu\u00e7\u00f5es Integradas para Administra\u00e7\u00e3o P\u00fablica Ltda<\/span><\/span><span class=\"s2\"><span class=\"bumpedFont17\">&#8211; <\/span><\/span><span class=\"s2\"><span class=\"bumpedFont17\">Objeto: <\/span><\/span><span class=\"s2\"><span class=\"bumpedFont17\">Altera\u00e7\u00e3o qualitativa do Contrato Administrativo n\u00ba 032\/2022 com inclus\u00e3o de servi\u00e7os e<\/span><\/span> <span class=\"s2\"><span class=\"bumpedFont17\">acr\u00e9scimo de valor<\/span><\/span> <span class=\"s2\"><span class=\"bumpedFont17\">&#8211; Fundamento:<\/span><\/span> <span class=\"s2\"><span class=\"bumpedFont17\">Preg\u00e3o 010<\/span><\/span><span class=\"s2\"><span class=\"bumpedFont17\">\/2022<\/span><\/span> <span class=\"s2\"><span class=\"bumpedFont17\">\u2013 Valor Global:<\/span><\/span> <span class=\"s2\"><span class=\"bumpedFont17\">34.500,00<\/span><\/span> <span class=\"s2\"><span class=\"bumpedFont17\">&#8211; Vig\u00eancia: <\/span><\/span><span class=\"s2\"><span class=\"bumpedFont17\">1<\/span><\/span><span class=\"s2\"><span class=\"bumpedFont17\">7<\/span><\/span><span class=\"s2\"><span class=\"bumpedFont17\">\/05\/202<\/span><\/span><span class=\"s2\"><span class=\"bumpedFont17\">5<\/span><\/span><span class=\"s2\"><span class=\"bumpedFont17\">\u2013 Dot or\u00e7:<\/span><\/span><span class=\"s2\"><span class=\"bumpedFont17\">02.02002.04.122.0002.217-339035<\/span><\/span><span class=\"s2\"><span class=\"bumpedFont17\">\/100<\/span><\/span><span class=\"s2\"><span class=\"bumpedFont17\">&#8211;<\/span><\/span> <span class=\"s2\"><span class=\"bumpedFont17\">Ass: <\/span><\/span><span class=\"s2\"><span class=\"bumpedFont17\">01\/04<\/span><\/span><span class=\"s2\"><span class=\"bumpedFont17\">\/202<\/span><\/span><span class=\"s2\"><span class=\"bumpedFont17\">5 <\/span><\/span><span class=\"s2\"><span class=\"bumpedFont17\">&#8211; Foro: S\u00e3o Jo\u00e3o Nepomuceno\/MG.<\/span><\/span><\/p>\n<p class=\"s3\"><span class=\"s2\"><span class=\"bumpedFont17\">Lu\u00eds Fernando de Oliveira<\/span><\/span><\/p>\n<p class=\"s3\"><span class=\"s2\"><span class=\"bumpedFont17\">Prefeito Municipal<\/span><\/span><\/p>\n<p class=\"s6\">\n","protected":false},"excerpt":{"rendered":"<p>EXTRATO DE TERCEIRO TERMO ADITIVO DE CONTRATO 3\u00ba Termo Aditivo. Pref. Municipal de Descoberto x Cigma Solu\u00e7\u00f5es Integradas para Administra\u00e7\u00e3o P\u00fablica Ltda&#8211; Objeto: Altera\u00e7\u00e3o qualitativa do Contrato Administrativo n\u00ba 032\/2022 com inclus\u00e3o de servi\u00e7os e acr\u00e9scimo de valor &#8211; Fundamento: Preg\u00e3o 010\/2022 \u2013 Valor Global: 34.500,00 &#8211; Vig\u00eancia: 17\/05\/2025\u2013 Dot or\u00e7:02.02002.04.122.0002.217-339035\/100&#8211; Ass: 01\/04\/2025 &#8211; Foro: [&hellip;]<\/p>\n","protected":false},"author":246,"featured_media":0,"comment_status":"closed","ping_status":"closed","sticky":false,"template":"","format":"standard","meta":{"footnotes":""},"categories":[307,1],"tags":[],"class_list":["post-228007","post","type-post","status-publish","format-standard","hentry","category-editais","category-sem-categoria"],"_links":{"self":[{"href":"https:\/\/diarioregionaldigital.com.br\/index.php?rest_route=\/wp\/v2\/posts\/228007","targetHints":{"allow":["GET"]}}],"collection":[{"href":"https:\/\/diarioregionaldigital.com.br\/index.php?rest_route=\/wp\/v2\/posts"}],"about":[{"href":"https:\/\/diarioregionaldigital.com.br\/index.php?rest_route=\/wp\/v2\/types\/post"}],"author":[{"embeddable":true,"href":"https:\/\/diarioregionaldigital.com.br\/index.php?rest_route=\/wp\/v2\/users\/246"}],"replies":[{"embeddable":true,"href":"https:\/\/diarioregionaldigital.com.br\/index.php?rest_route=%2Fwp%2Fv2%2Fcomments&post=228007"}],"version-history":[{"count":1,"href":"https:\/\/diarioregionaldigital.com.br\/index.php?rest_route=\/wp\/v2\/posts\/228007\/revisions"}],"predecessor-version":[{"id":228009,"href":"https:\/\/diarioregionaldigital.com.br\/index.php?rest_route=\/wp\/v2\/posts\/228007\/revisions\/228009"}],"wp:attachment":[{"href":"https:\/\/diarioregionaldigital.com.br\/index.php?rest_route=%2Fwp%2Fv2%2Fmedia&parent=228007"}],"wp:term":[{"taxonomy":"category","embeddable":true,"href":"https:\/\/diarioregionaldigital.com.br\/index.php?rest_route=%2Fwp%2Fv2%2Fcategories&post=228007"},{"taxonomy":"post_tag","embeddable":true,"href":"https:\/\/diarioregionaldigital.com.br\/index.php?rest_route=%2Fwp%2Fv2%2Ftags&post=228007"}],"curies":[{"name":"wp","href":"https:\/\/api.w.org\/{rel}","templated":true}]}}