{"id":228004,"date":"2025-04-29T19:32:45","date_gmt":"2025-04-29T22:32:45","guid":{"rendered":"https:\/\/diarioregionaldigital.com.br\/?p=228004"},"modified":"2025-04-29T19:32:45","modified_gmt":"2025-04-29T22:32:45","slug":"diretor-geral-da-funalfa-se-reune-com-agentes-territoriais-de-cultura","status":"publish","type":"post","link":"https:\/\/diarioregionaldigital.com.br\/?p=228004","title":{"rendered":"Diretor-geral da Funalfa se re\u00fane com agentes territoriais de cultura"},"content":{"rendered":"<p>Segundo informa\u00e7\u00f5es do site da Prefeitura de Juiz de Fora (PJF), o diretor-geral da Funda\u00e7\u00e3o Cultural Alfredo Ferreira Lage (Funalfa), Rog\u00e9rio de Freitas, e a gerente do Departamento de Forma\u00e7\u00e3o de Agentes Culturais e Produ\u00e7\u00e3o (Dfap), Nara Pinheiro, receberam nesta ter\u00e7a-feira (29), na sede da funda\u00e7\u00e3o, os agentes territoriais de cultura da Zona da Mata Maiara Pereira, \u00c9rica Marques e Pablo Melo. Juntamente com a agente J\u00falia Oliveira, que n\u00e3o participou do encontro, eles s\u00e3o vinculados ao Programa Nacional dos Comit\u00eas de Cultura do Minist\u00e9rio da Cultura (MinC), com forma\u00e7\u00e3o feita em parceria com o Instituto Federal do Rio de Janeiro (IFRJ).<\/p>\n<p>Os agentes territoriais de cultura s\u00e3o pessoas f\u00edsicas, selecionadas por meio de editais, com representatividade social, cultural, \u00e9tnico-racial e de g\u00eanero em seus territ\u00f3rios. Cada agente conhece as din\u00e2micas culturais de suas comunidades, onde realizam\u00a0a\u00e7\u00f5es de mapeamento participativo, comunica\u00e7\u00e3o e mobiliza\u00e7\u00e3o social, e\u00a0recebem\u00a0forma\u00e7\u00e3o continuada voltada para o desenvolvimento cultural e territorial em suas localidades.<\/p>\n<p>Maiara, \u00c9rica e Pablo integram o grupo dos primeiros agentes territoriais de cultura de Juiz de Fora e procuraram a Funalfa justamente para se apresentar e explicar o trabalho de mapeamento, forma\u00e7\u00e3o e articula\u00e7\u00e3o que foram selecionados para fazer. Entre as propostas que apresentaram est\u00e1 a realiza\u00e7\u00e3o de uma oficina de escrita de projetos, para facilitar o acesso de artistas e produtores a pol\u00edticas p\u00fablicas. Os\u00a0tr\u00eas\u00a0agentes tamb\u00e9m se ofereceram para colaborar no futuro edital de qualifica\u00e7\u00e3o das escolas de samba e elogiaram a receptividade da Funalfa e a abertura ao di\u00e1logo e ao trabalho em conjunto.<\/p>\n<p>Para saber mais sobre o trabalho dos Agentes Territoriais de Cultura, acesse o<u><strong>\u00a0Instagram do grupo na Zona da Mata (<\/strong><\/u><u><strong><a href=\"https:\/\/www.instagram.com\/atczonadamatamg\/\" target=\"_blank\" rel=\"noopener\">https:\/\/www.instagram.com\/atczonadamatamg\/<\/a>).<\/strong><\/u><\/p>\n","protected":false},"excerpt":{"rendered":"<p>Segundo informa\u00e7\u00f5es do site da Prefeitura de Juiz de Fora (PJF), o diretor-geral da Funda\u00e7\u00e3o Cultural Alfredo Ferreira Lage (Funalfa), Rog\u00e9rio de Freitas, e a gerente do Departamento de Forma\u00e7\u00e3o de Agentes Culturais e Produ\u00e7\u00e3o (Dfap), Nara Pinheiro, receberam nesta ter\u00e7a-feira (29), na sede da funda\u00e7\u00e3o, os agentes territoriais de cultura da Zona da Mata [&hellip;]<\/p>\n","protected":false},"author":246,"featured_media":228005,"comment_status":"closed","ping_status":"closed","sticky":false,"template":"","format":"standard","meta":{"footnotes":""},"categories":[253,436,439],"tags":[],"class_list":["post-228004","post","type-post","status-publish","format-standard","has-post-thumbnail","hentry","category-cidade","category-destaque-da-semana","category-ultima-hora"],"_links":{"self":[{"href":"https:\/\/diarioregionaldigital.com.br\/index.php?rest_route=\/wp\/v2\/posts\/228004","targetHints":{"allow":["GET"]}}],"collection":[{"href":"https:\/\/diarioregionaldigital.com.br\/index.php?rest_route=\/wp\/v2\/posts"}],"about":[{"href":"https:\/\/diarioregionaldigital.com.br\/index.php?rest_route=\/wp\/v2\/types\/post"}],"author":[{"embeddable":true,"href":"https:\/\/diarioregionaldigital.com.br\/index.php?rest_route=\/wp\/v2\/users\/246"}],"replies":[{"embeddable":true,"href":"https:\/\/diarioregionaldigital.com.br\/index.php?rest_route=%2Fwp%2Fv2%2Fcomments&post=228004"}],"version-history":[{"count":1,"href":"https:\/\/diarioregionaldigital.com.br\/index.php?rest_route=\/wp\/v2\/posts\/228004\/revisions"}],"predecessor-version":[{"id":228006,"href":"https:\/\/diarioregionaldigital.com.br\/index.php?rest_route=\/wp\/v2\/posts\/228004\/revisions\/228006"}],"wp:featuredmedia":[{"embeddable":true,"href":"https:\/\/diarioregionaldigital.com.br\/index.php?rest_route=\/wp\/v2\/media\/228005"}],"wp:attachment":[{"href":"https:\/\/diarioregionaldigital.com.br\/index.php?rest_route=%2Fwp%2Fv2%2Fmedia&parent=228004"}],"wp:term":[{"taxonomy":"category","embeddable":true,"href":"https:\/\/diarioregionaldigital.com.br\/index.php?rest_route=%2Fwp%2Fv2%2Fcategories&post=228004"},{"taxonomy":"post_tag","embeddable":true,"href":"https:\/\/diarioregionaldigital.com.br\/index.php?rest_route=%2Fwp%2Fv2%2Ftags&post=228004"}],"curies":[{"name":"wp","href":"https:\/\/api.w.org\/{rel}","templated":true}]}}