{"id":227964,"date":"2025-04-28T20:47:30","date_gmt":"2025-04-28T23:47:30","guid":{"rendered":"https:\/\/diarioregionaldigital.com.br\/?p=227964"},"modified":"2025-04-28T20:47:30","modified_gmt":"2025-04-28T23:47:30","slug":"uais-tem-funcionamento-alterado-em-razao-do-feriado-do-dia-do-trabalhador","status":"publish","type":"post","link":"https:\/\/diarioregionaldigital.com.br\/?p=227964","title":{"rendered":"UAIs t\u00eam funcionamento alterado em raz\u00e3o do feriado do Dia do Trabalhador"},"content":{"rendered":"<p><main class=\"clear margin-md-bottom-3\"><\/p>\n<div class=\"clear col-md-10 col-md-offset-1 \">\n<p>As Unidades de Atendimento Integrado (UAIs) de Minas Gerais n\u00e3o ter\u00e3o expediente na quinta (1\/5) e na sexta-feira (2\/5), devido ao feriado nacional do Dia do Trabalhador e do ponto facultativo, respectivamente.<\/p>\n<p>A UAI Aeroporto, localizada no Aeroporto Internacional de Belo Horizonte, em Confins, \u00e9 a \u00fanica unidade que funciona aos s\u00e1bados e ter\u00e1 atendimento normal no dia 3\/5. O funcionamento das demais unidades ser\u00e1 retomado na segunda-feira (5\/5).<\/p>\n<p>Os atendimentos s\u00e3o realizados nas unidades somente com agendamento pr\u00e9vio, feito gratuitamente nos canais oficiais do Governo de Minas \u2013 Portal MG (<a id=\"LPlnkOWA11bd87b9-7695-1fe7-8108-866d27034da6\" title=\"http:\/\/www.mg.gov.br\/\" href=\"http:\/\/www.mg.gov.br\/\" target=\"_blank\" rel=\"noopener noreferrer\" data-auth=\"NotApplicable\" data-linkindex=\"0\">www.mg.gov.br<\/a>) e aplicativo MG App Cidad\u00e3o. Diversos servi\u00e7os prestados nas unidades tamb\u00e9m est\u00e3o dispon\u00edveis em formato virtual nestes canais e nas p\u00e1ginas dos \u00f3rg\u00e3os respons\u00e1veis.<\/p>\n<p>&nbsp;<\/p>\n<p>Fonte: Ag\u00eancia Minas<\/p>\n<\/div>\n<p><\/main><\/p>\n","protected":false},"excerpt":{"rendered":"<p>As Unidades de Atendimento Integrado (UAIs) de Minas Gerais n\u00e3o ter\u00e3o expediente na quinta (1\/5) e na sexta-feira (2\/5), devido ao feriado nacional do Dia do Trabalhador e do ponto facultativo, respectivamente. A UAI Aeroporto, localizada no Aeroporto Internacional de Belo Horizonte, em Confins, \u00e9 a \u00fanica unidade que funciona aos s\u00e1bados e ter\u00e1 atendimento [&hellip;]<\/p>\n","protected":false},"author":246,"featured_media":227965,"comment_status":"closed","ping_status":"closed","sticky":false,"template":"","format":"standard","meta":{"footnotes":""},"categories":[436,261,254,439],"tags":[],"class_list":["post-227964","post","type-post","status-publish","format-standard","has-post-thumbnail","hentry","category-destaque-da-semana","category-economia","category-politica","category-ultima-hora"],"_links":{"self":[{"href":"https:\/\/diarioregionaldigital.com.br\/index.php?rest_route=\/wp\/v2\/posts\/227964","targetHints":{"allow":["GET"]}}],"collection":[{"href":"https:\/\/diarioregionaldigital.com.br\/index.php?rest_route=\/wp\/v2\/posts"}],"about":[{"href":"https:\/\/diarioregionaldigital.com.br\/index.php?rest_route=\/wp\/v2\/types\/post"}],"author":[{"embeddable":true,"href":"https:\/\/diarioregionaldigital.com.br\/index.php?rest_route=\/wp\/v2\/users\/246"}],"replies":[{"embeddable":true,"href":"https:\/\/diarioregionaldigital.com.br\/index.php?rest_route=%2Fwp%2Fv2%2Fcomments&post=227964"}],"version-history":[{"count":1,"href":"https:\/\/diarioregionaldigital.com.br\/index.php?rest_route=\/wp\/v2\/posts\/227964\/revisions"}],"predecessor-version":[{"id":227966,"href":"https:\/\/diarioregionaldigital.com.br\/index.php?rest_route=\/wp\/v2\/posts\/227964\/revisions\/227966"}],"wp:featuredmedia":[{"embeddable":true,"href":"https:\/\/diarioregionaldigital.com.br\/index.php?rest_route=\/wp\/v2\/media\/227965"}],"wp:attachment":[{"href":"https:\/\/diarioregionaldigital.com.br\/index.php?rest_route=%2Fwp%2Fv2%2Fmedia&parent=227964"}],"wp:term":[{"taxonomy":"category","embeddable":true,"href":"https:\/\/diarioregionaldigital.com.br\/index.php?rest_route=%2Fwp%2Fv2%2Fcategories&post=227964"},{"taxonomy":"post_tag","embeddable":true,"href":"https:\/\/diarioregionaldigital.com.br\/index.php?rest_route=%2Fwp%2Fv2%2Ftags&post=227964"}],"curies":[{"name":"wp","href":"https:\/\/api.w.org\/{rel}","templated":true}]}}