{"id":227960,"date":"2025-04-28T20:46:07","date_gmt":"2025-04-28T23:46:07","guid":{"rendered":"https:\/\/diarioregionaldigital.com.br\/?p=227960"},"modified":"2025-04-28T20:46:07","modified_gmt":"2025-04-28T23:46:07","slug":"estado-promove-mutirao-de-cadastramento-de-artesaos-em-municipios-do-triangulo-mineiro","status":"publish","type":"post","link":"https:\/\/diarioregionaldigital.com.br\/?p=227960","title":{"rendered":"Estado promove mutir\u00e3o de cadastramento de artes\u00e3os em munic\u00edpios do Tri\u00e2ngulo Mineiro"},"content":{"rendered":"<p>O\u00a0<a href=\"https:\/\/www.mg.gov.br\/\" target=\"_blank\" rel=\"noopener\">Governo de Minas<\/a>, por meio da\u00a0<a href=\"https:\/\/desenvolvimento.mg.gov.br\/\" target=\"_blank\" rel=\"noopener\">Secretaria de Estado de Desenvolvimento Econ\u00f4mico de Minas Gerais (Sede-MG)<\/a>, juntamente com o Servi\u00e7o Brasileiro de Apoio \u00e0s Micro e Pequenas Empresas (Sebrae) Minas, realizou um mutir\u00e3o de cadastramento de artes\u00e3os nos munic\u00edpios de Uberaba, Araguari e Uberl\u00e2ndia, no Tri\u00e2ngulo Mineiro.<\/p>\n<p>Durante a a\u00e7\u00e3o, que ocorreu durante os dias 22 e 25\/4, mais de 100 artes\u00e3os foram atendidos e agora possuem a Carteira Nacional do Artesanato, documento v\u00e1lido em todo o territ\u00f3rio nacional que oferece ao cidad\u00e3o o reconhecimento formal da produ\u00e7\u00e3o artesanal e o acesso a todas as pol\u00edticas p\u00fablicas para o setor.<\/p>\n<p>Para a secret\u00e1ria de Estado de Desenvolvimento Econ\u00f4mico, Mila Corr\u00eaa da Costa, a\u00e7\u00f5es como essa s\u00e3o fundamentais para gerar mais oportunidades para a categoria.<\/p>\n<table border=\"0\" cellspacing=\"1\" cellpadding=\"1\" align=\"center\">\n<tbody>\n<tr>\n<td colspan=\"5\"><img decoding=\"async\" src=\"https:\/\/www.agenciaminas.mg.gov.br\/ckeditor_assets\/pictures\/20949\/content_2_olho_topo.jpg\" alt=\"\" \/><\/td>\n<\/tr>\n<tr>\n<td><\/td>\n<td colspan=\"3\" rowspan=\"3\">\n<h1><strong>&#8220;A Carteira Nacional do Artes\u00e3o \u00e9 um instrumento fundamental para que esses trabalhadores estejam aptos para se beneficiarem das a\u00e7\u00f5es de fomento para o setor, desde capacita\u00e7\u00f5es at\u00e9 a participa\u00e7\u00e3o em feiras. Isso refor\u00e7a nosso compromisso com uma atividade que, al\u00e9m de ser express\u00e3o de nossa cultura, \u00e9 um meio de renda fundamental para diversas fam\u00edlias&#8221;, destaca a secret\u00e1ria\u00a0Mila Corr\u00eaa da Costa.<\/strong><\/h1>\n<\/td>\n<td><\/td>\n<\/tr>\n<tr>\n<td><\/td>\n<td><\/td>\n<\/tr>\n<tr>\n<td><\/td>\n<td><\/td>\n<\/tr>\n<tr>\n<td colspan=\"5\"><img decoding=\"async\" src=\"https:\/\/www.agenciaminas.mg.gov.br\/ckeditor_assets\/pictures\/20950\/content_2_olho_inferior.jpg\" alt=\"\" \/><\/td>\n<\/tr>\n<\/tbody>\n<\/table>\n<p>&nbsp;<\/p>\n<p><strong>Carteira Nacional do Artesanato<\/strong><\/p>\n<p>A emiss\u00e3o da Carteira Nacional do Artesanato \u00e9 uma iniciativa do Programa do Artesanato Brasileiro (PAB), gerido pela Secretaria Nacional do Artesanato e do Microempreendedor Individual do Minist\u00e9rio do Empreendedorismo, da Microempresa e da Empresa de Pequeno Porte (MEMP).<\/p>\n<p>Nos estados, o servi\u00e7o conta com a parceria das Coordena\u00e7\u00f5es Estaduais de Artesanato (CEA), por meio do Sistema de Informa\u00e7\u00f5es Cadastrais do Artesanato Brasileiro (SICAB).<\/p>\n<p>Em Minas, a Sede-MG \u00e9 parceira do programa por meio da Diretoria de Artesanato. No estado, o servi\u00e7o permite que os portadores do documento possuam:<\/p>\n<ul>\n<li>Acesso a cursos, capacita\u00e7\u00f5es e participa\u00e7\u00e3o em editais para feiras e eventos oferecidos e apoiados pela Sede-MG, pelo Programa do Artesanato Brasileiro (PAB) e outros parceiros;<\/li>\n<li>Acesso a pol\u00edticas p\u00fablicas voltadas para o beneficiamento do artes\u00e3o;<\/li>\n<li>Participa\u00e7\u00e3o em a\u00e7\u00f5es de mercado promovidas pelo Sebrae.<\/li>\n<\/ul>\n<p>&nbsp;<\/p>\n<p><strong>Como obter<\/strong><\/p>\n<p>O processo para obter Carteira Nacional do Artesanato pode ser realizado de forma on-line, acessando o\u00a0Portal do Artesanato Brasileiro\u00a0e seguindo as etapas do pr\u00e9-cadastro; ou presencialmente na Cidade Administrativa de Minas de Gerais, em Belo Horizonte, por meio de agendamento pelo WhatsApp: (31) 98414-7223.<\/p>\n<p>Antes de realizar o pr\u00e9-cadastro \u00e9 importante verificar se a atividade desenvolvida se encontra no rol de t\u00e9cnicas da produ\u00e7\u00e3o artesanal, estabelecido pela\u00a0Portaria n\u00ba 1007-SEI, de 11 de junho de 2018.<\/p>\n<p>Para concluir o cadastro no SICAB, o cidad\u00e3o tamb\u00e9m dever\u00e1 realizar o teste de habilidade e, ap\u00f3s ser aprovado, fazer o envio da documenta\u00e7\u00e3o exigida para o registro. Mais informa\u00e7\u00f5es sobre\u00a0como emitir a Carteira Nacional do Artesanato est\u00e3o dispon\u00edveis\u00a0<a href=\"https:\/\/desenvolvimento.mg.gov.br\/inicio\/projetos\/projeto\/1066\" target=\"_blank\" rel=\"noopener\">neste link<\/a>.<\/p>\n<p><strong>Artesanato mineiro<\/strong><\/p>\n<p>Minas Gerais\u00a0conta com mais de 11 mil artes\u00e3os registrados, n\u00famero que foi ampliado nos \u00faltimos anos.\u00a0Desde 2019, cerca de 17 mil pessoas foram beneficiadas com a participa\u00e7\u00e3o em mais de 100 feiras e eventos estaduais e nacionais.<\/p>\n<p>O valor de produtos artesanais mineiros comercializados no per\u00edodo foi de quase R$ 12 milh\u00f5es. \u201cPor ter a mesma import\u00e2ncia que outras\u00a0atividades econ\u00f4micas, queremos trazer mais reconhecimento e valor para os artes\u00e3os mineiros. Neste sentido, a carteira contribui justamente para ampliar as oportunidades para esses profissionais\u201d, comenta o subsecret\u00e1rio de Liberdade Econ\u00f4mica e Empreendedorismo, Rodrigo Melo.<\/p>\n<p>Fonte: Ag\u00eancia Minas<\/p>\n","protected":false},"excerpt":{"rendered":"<p>O\u00a0Governo de Minas, por meio da\u00a0Secretaria de Estado de Desenvolvimento Econ\u00f4mico de Minas Gerais (Sede-MG), juntamente com o Servi\u00e7o Brasileiro de Apoio \u00e0s Micro e Pequenas Empresas (Sebrae) Minas, realizou um mutir\u00e3o de cadastramento de artes\u00e3os nos munic\u00edpios de Uberaba, Araguari e Uberl\u00e2ndia, no Tri\u00e2ngulo Mineiro. Durante a a\u00e7\u00e3o, que ocorreu durante os dias 22 [&hellip;]<\/p>\n","protected":false},"author":246,"featured_media":227961,"comment_status":"closed","ping_status":"closed","sticky":false,"template":"","format":"standard","meta":{"footnotes":""},"categories":[436,261,254,439],"tags":[],"class_list":["post-227960","post","type-post","status-publish","format-standard","has-post-thumbnail","hentry","category-destaque-da-semana","category-economia","category-politica","category-ultima-hora"],"_links":{"self":[{"href":"https:\/\/diarioregionaldigital.com.br\/index.php?rest_route=\/wp\/v2\/posts\/227960","targetHints":{"allow":["GET"]}}],"collection":[{"href":"https:\/\/diarioregionaldigital.com.br\/index.php?rest_route=\/wp\/v2\/posts"}],"about":[{"href":"https:\/\/diarioregionaldigital.com.br\/index.php?rest_route=\/wp\/v2\/types\/post"}],"author":[{"embeddable":true,"href":"https:\/\/diarioregionaldigital.com.br\/index.php?rest_route=\/wp\/v2\/users\/246"}],"replies":[{"embeddable":true,"href":"https:\/\/diarioregionaldigital.com.br\/index.php?rest_route=%2Fwp%2Fv2%2Fcomments&post=227960"}],"version-history":[{"count":2,"href":"https:\/\/diarioregionaldigital.com.br\/index.php?rest_route=\/wp\/v2\/posts\/227960\/revisions"}],"predecessor-version":[{"id":227963,"href":"https:\/\/diarioregionaldigital.com.br\/index.php?rest_route=\/wp\/v2\/posts\/227960\/revisions\/227963"}],"wp:featuredmedia":[{"embeddable":true,"href":"https:\/\/diarioregionaldigital.com.br\/index.php?rest_route=\/wp\/v2\/media\/227961"}],"wp:attachment":[{"href":"https:\/\/diarioregionaldigital.com.br\/index.php?rest_route=%2Fwp%2Fv2%2Fmedia&parent=227960"}],"wp:term":[{"taxonomy":"category","embeddable":true,"href":"https:\/\/diarioregionaldigital.com.br\/index.php?rest_route=%2Fwp%2Fv2%2Fcategories&post=227960"},{"taxonomy":"post_tag","embeddable":true,"href":"https:\/\/diarioregionaldigital.com.br\/index.php?rest_route=%2Fwp%2Fv2%2Ftags&post=227960"}],"curies":[{"name":"wp","href":"https:\/\/api.w.org\/{rel}","templated":true}]}}