{"id":227951,"date":"2025-04-25T19:09:44","date_gmt":"2025-04-25T22:09:44","guid":{"rendered":"https:\/\/diarioregionaldigital.com.br\/?p=227951"},"modified":"2025-04-25T19:09:44","modified_gmt":"2025-04-25T22:09:44","slug":"representantes-do-governo-federal-e-da-estrategia-alimenta-cidades-visitam-equipamentos-de-seguranca-alimentar-de-juiz-de-fora","status":"publish","type":"post","link":"https:\/\/diarioregionaldigital.com.br\/?p=227951","title":{"rendered":"Representantes do Governo Federal e da Estrat\u00e9gia Alimenta Cidades visitam equipamentos de seguran\u00e7a alimentar de Juiz de Fora"},"content":{"rendered":"<p>Segundo informa\u00e7\u00f5es do site da Prefeitura de Juiz de Fora (PJF), dando continuidade \u00e0 \u201c<a href=\"https:\/\/www.pjf.mg.gov.br\/noticias\/view.php?modo=link2&amp;idnoticia2=86066\"><u>Oficina Estrat\u00e9gia Alimenta Cidades\u201d<\/u><\/a>, nesta quinta-feira (24), representantes do Minist\u00e9rio do Desenvolvimento e Assist\u00eancia Social, Fam\u00edlia e Combate \u00e0 Fome (MDS) do Governo Federal, acompanhados da Secret\u00e1ria de Agricultura, Pecu\u00e1ria e Seguran\u00e7a Alimentar (SEAPA), Fabiola Paulino da Silva e da equipe da pasta, visitaram oito equipamentos de seguran\u00e7a alimentar de Juiz de Fora.<\/p>\n<p>A visita teve in\u00edcio na Feira da Agricultura Familiar realizada no Parque Halfeld, em seguida, o grupo esteve na Feira Livre do Bairro Manoel Hon\u00f3rio. Os dois locais evidenciam a diversidade de produ\u00e7\u00e3o de alimentos do munic\u00edpio e a tradi\u00e7\u00e3o desses espa\u00e7os de comercializa\u00e7\u00e3o. Na sequ\u00eancia, os representantes acompanharam a produ\u00e7\u00e3o de marmitas do Instituto F\u00eanix, criado h\u00e1 quatro anos, o projeto distribui 150 refei\u00e7\u00f5es di\u00e1rias para as pessoas em situa\u00e7\u00e3o de vulnerabilidade social.<\/p>\n<p>\u201cCom a ajuda da Prefeitura e do projeto Cozinhas Solid\u00e1rias do Governo Federal, nosso projeto est\u00e1 avan\u00e7ando e, em breve, ser\u00e1 registrado oficialmente como uma cozinha solid\u00e1ria e assim poderemos captar recursos. Nosso trabalho \u00e9 feito integralmente por meio de doa\u00e7\u00f5es e voluntariado e precisa ser reconhecido\u201d, destacou Vanessa Farnezi, coordenadora do Instituto F\u00eanix.<\/p>\n<p>Os visitantes seguiram para o Restaurante Popular do Centro \u201cYeda Duarte Gomes\u201d, onde conheceram a cozinha, o estoque e o pleno funcionamento do equipamento que fornece cerca de 1.000 refei\u00e7\u00f5es ao dia. O Mercado Municipal, rec\u00e9m-inaugurado, tamb\u00e9m esteve na rota. Com mais de 60 espa\u00e7os de comercializa\u00e7\u00e3o, o espa\u00e7o conta uma diversidade de produtos, e \u00e9 refer\u00eancia como \u00e1rea gastron\u00f4mica, cultural e tur\u00edstica.<\/p>\n<p>No per\u00edodo da tarde, os participantes visitaram a Escola Municipal Arllete Bastos de Magalh\u00e3es no bairro Parque Independ\u00eancia e a Creche Herman Gmeiner, no Grama. Nos dois locais, conversaram com diretoras e coordenadoras sobre a alimenta\u00e7\u00e3o nas institui\u00e7\u00f5es de ensino e assistiram de perto a din\u00e2mica de da merenda escolar.<\/p>\n<p>Para encerrar a rota, os representantes foram \u00e0 propriedade do agricultor Carlos Roberto Valle Bastos, que produz hortali\u00e7as e legumes que s\u00e3o entregues \u00e0s escolas, creches e Restaurante Popular pelos programas de aquisi\u00e7\u00e3o de alimentos da Prefeitura de Juiz de Fora (PJF) e do Governo Federal. \u201cEstamos muito felizes em receb\u00ea-los aqui e mostrar nossa produ\u00e7\u00e3o que \u00e9 feita sem veneno, com carinho e dedica\u00e7\u00e3o. Queremos sempre, avan\u00e7ar na produ\u00e7\u00e3o de alimentos de forma coletiva e para isso precisamos muito da ajuda do poder p\u00fablico para nos incentivar, comprar nossos alimentos e captar recursos para projetos futuros\u201d, ressaltou Bastos.<\/p>\n<p>Os pr\u00f3ximos passos da Estrat\u00e9gia Alimenta Cidades \u00e9 enviar um diagn\u00f3stico de Juiz de Fora ao poder p\u00fablico e, a partir dele, criar uma rota efetiva de implementa\u00e7\u00e3o de a\u00e7\u00f5es e programas para avan\u00e7ar e aprimorar as pol\u00edticas p\u00fablicas de seguran\u00e7a alimentar da cidade.<\/p>\n","protected":false},"excerpt":{"rendered":"<p>Segundo informa\u00e7\u00f5es do site da Prefeitura de Juiz de Fora (PJF), dando continuidade \u00e0 \u201cOficina Estrat\u00e9gia Alimenta Cidades\u201d, nesta quinta-feira (24), representantes do Minist\u00e9rio do Desenvolvimento e Assist\u00eancia Social, Fam\u00edlia e Combate \u00e0 Fome (MDS) do Governo Federal, acompanhados da Secret\u00e1ria de Agricultura, Pecu\u00e1ria e Seguran\u00e7a Alimentar (SEAPA), Fabiola Paulino da Silva e da equipe [&hellip;]<\/p>\n","protected":false},"author":246,"featured_media":227952,"comment_status":"closed","ping_status":"closed","sticky":false,"template":"","format":"standard","meta":{"footnotes":""},"categories":[253,436,439],"tags":[],"class_list":["post-227951","post","type-post","status-publish","format-standard","has-post-thumbnail","hentry","category-cidade","category-destaque-da-semana","category-ultima-hora"],"_links":{"self":[{"href":"https:\/\/diarioregionaldigital.com.br\/index.php?rest_route=\/wp\/v2\/posts\/227951","targetHints":{"allow":["GET"]}}],"collection":[{"href":"https:\/\/diarioregionaldigital.com.br\/index.php?rest_route=\/wp\/v2\/posts"}],"about":[{"href":"https:\/\/diarioregionaldigital.com.br\/index.php?rest_route=\/wp\/v2\/types\/post"}],"author":[{"embeddable":true,"href":"https:\/\/diarioregionaldigital.com.br\/index.php?rest_route=\/wp\/v2\/users\/246"}],"replies":[{"embeddable":true,"href":"https:\/\/diarioregionaldigital.com.br\/index.php?rest_route=%2Fwp%2Fv2%2Fcomments&post=227951"}],"version-history":[{"count":1,"href":"https:\/\/diarioregionaldigital.com.br\/index.php?rest_route=\/wp\/v2\/posts\/227951\/revisions"}],"predecessor-version":[{"id":227953,"href":"https:\/\/diarioregionaldigital.com.br\/index.php?rest_route=\/wp\/v2\/posts\/227951\/revisions\/227953"}],"wp:featuredmedia":[{"embeddable":true,"href":"https:\/\/diarioregionaldigital.com.br\/index.php?rest_route=\/wp\/v2\/media\/227952"}],"wp:attachment":[{"href":"https:\/\/diarioregionaldigital.com.br\/index.php?rest_route=%2Fwp%2Fv2%2Fmedia&parent=227951"}],"wp:term":[{"taxonomy":"category","embeddable":true,"href":"https:\/\/diarioregionaldigital.com.br\/index.php?rest_route=%2Fwp%2Fv2%2Fcategories&post=227951"},{"taxonomy":"post_tag","embeddable":true,"href":"https:\/\/diarioregionaldigital.com.br\/index.php?rest_route=%2Fwp%2Fv2%2Ftags&post=227951"}],"curies":[{"name":"wp","href":"https:\/\/api.w.org\/{rel}","templated":true}]}}