{"id":227948,"date":"2025-04-25T19:08:54","date_gmt":"2025-04-25T22:08:54","guid":{"rendered":"https:\/\/diarioregionaldigital.com.br\/?p=227948"},"modified":"2025-04-25T19:08:54","modified_gmt":"2025-04-25T22:08:54","slug":"prefeitura-entrega-kits-de-higiene-a-mulheres-acauteladas","status":"publish","type":"post","link":"https:\/\/diarioregionaldigital.com.br\/?p=227948","title":{"rendered":"Prefeitura entrega kits de higiene a mulheres acauteladas"},"content":{"rendered":"<p>Segundo informa\u00e7\u00f5es do site da Prefeitura de Juiz de Fora (PJF), na pr\u00f3xima ter\u00e7a-feira (29), uma equipe formada por servidoras das Secretarias Especial das Mulheres, de Seguran\u00e7a Urbana e Cidadania (Sesuc) e de Obras (SO) vai estar com mulheres acauteladas da Penitenci\u00e1ria Jos\u00e9 Edson Cavalieri (PJEC) no Bairro Linhares. Na oportunidade, ser\u00e1 feita entrega de kits de higiene montados com itens arrecadados por campanha interna realizada na Prefeitura. A a\u00e7\u00e3o fez parte da campanha Mar\u00e7o + Mulher + Democracia, em refer\u00eancia ao Dia Internacional da Mulher.<\/p>\n<p>A atividade inaugura a etapa 2025 do Projeto Integra na penitenci\u00e1ria, quando novos p\u00fablicos ser\u00e3o atendidos pela iniciativa. O primeiro grupo \u00e9 formado pelas internas que trabalham na f\u00e1brica de len\u00e7\u00f3is em funcionamento dentro da unidade. Em breve, elas come\u00e7ar\u00e3o a participar de encontros desenvolvidos em parceria com a Secretaria Especial das Mulheres e a Funda\u00e7\u00e3o Cultural Alfredo Ferreira Lage (Funalfa).<\/p>\n<p>O Projeto Integra \u00e9 uma iniciativa da Sesuc, que promove a\u00e7\u00f5es socioculturais, educativas e profissionalizantes para a popula\u00e7\u00e3o privada de liberdade, buscando reduzir estigmas e abrir novos caminhos para a ressocializa\u00e7\u00e3o e reinser\u00e7\u00e3o deste p\u00fablico na sociedade.<\/p>\n<p>No \u00faltimo ano, foram desenvolvidos diversos cursos profissionalizantes para homens e mulheres da Jos\u00e9 Edson Cavalieri, por meio de execu\u00e7\u00e3o de emendas parlamentares destinadas pela C\u00e2mara Municipal. A capacita\u00e7\u00e3o foi efetivada com a contrata\u00e7\u00e3o do Servi\u00e7o Nacional de Aprendizagem Industrial (Senai) para treinamento e certifica\u00e7\u00e3o profissional dos alunos formados.<\/p>\n","protected":false},"excerpt":{"rendered":"<p>Segundo informa\u00e7\u00f5es do site da Prefeitura de Juiz de Fora (PJF), na pr\u00f3xima ter\u00e7a-feira (29), uma equipe formada por servidoras das Secretarias Especial das Mulheres, de Seguran\u00e7a Urbana e Cidadania (Sesuc) e de Obras (SO) vai estar com mulheres acauteladas da Penitenci\u00e1ria Jos\u00e9 Edson Cavalieri (PJEC) no Bairro Linhares. Na oportunidade, ser\u00e1 feita entrega de [&hellip;]<\/p>\n","protected":false},"author":246,"featured_media":227949,"comment_status":"closed","ping_status":"closed","sticky":false,"template":"","format":"standard","meta":{"footnotes":""},"categories":[253,436,439],"tags":[],"class_list":["post-227948","post","type-post","status-publish","format-standard","has-post-thumbnail","hentry","category-cidade","category-destaque-da-semana","category-ultima-hora"],"_links":{"self":[{"href":"https:\/\/diarioregionaldigital.com.br\/index.php?rest_route=\/wp\/v2\/posts\/227948","targetHints":{"allow":["GET"]}}],"collection":[{"href":"https:\/\/diarioregionaldigital.com.br\/index.php?rest_route=\/wp\/v2\/posts"}],"about":[{"href":"https:\/\/diarioregionaldigital.com.br\/index.php?rest_route=\/wp\/v2\/types\/post"}],"author":[{"embeddable":true,"href":"https:\/\/diarioregionaldigital.com.br\/index.php?rest_route=\/wp\/v2\/users\/246"}],"replies":[{"embeddable":true,"href":"https:\/\/diarioregionaldigital.com.br\/index.php?rest_route=%2Fwp%2Fv2%2Fcomments&post=227948"}],"version-history":[{"count":1,"href":"https:\/\/diarioregionaldigital.com.br\/index.php?rest_route=\/wp\/v2\/posts\/227948\/revisions"}],"predecessor-version":[{"id":227950,"href":"https:\/\/diarioregionaldigital.com.br\/index.php?rest_route=\/wp\/v2\/posts\/227948\/revisions\/227950"}],"wp:featuredmedia":[{"embeddable":true,"href":"https:\/\/diarioregionaldigital.com.br\/index.php?rest_route=\/wp\/v2\/media\/227949"}],"wp:attachment":[{"href":"https:\/\/diarioregionaldigital.com.br\/index.php?rest_route=%2Fwp%2Fv2%2Fmedia&parent=227948"}],"wp:term":[{"taxonomy":"category","embeddable":true,"href":"https:\/\/diarioregionaldigital.com.br\/index.php?rest_route=%2Fwp%2Fv2%2Fcategories&post=227948"},{"taxonomy":"post_tag","embeddable":true,"href":"https:\/\/diarioregionaldigital.com.br\/index.php?rest_route=%2Fwp%2Fv2%2Ftags&post=227948"}],"curies":[{"name":"wp","href":"https:\/\/api.w.org\/{rel}","templated":true}]}}