{"id":227945,"date":"2025-04-25T19:08:00","date_gmt":"2025-04-25T22:08:00","guid":{"rendered":"https:\/\/diarioregionaldigital.com.br\/?p=227945"},"modified":"2025-04-25T19:08:00","modified_gmt":"2025-04-25T22:08:00","slug":"fiscalizacao-apreende-mais-de-300-materiais-irregulares-no-centro","status":"publish","type":"post","link":"https:\/\/diarioregionaldigital.com.br\/?p=227945","title":{"rendered":"Fiscaliza\u00e7\u00e3o apreende mais de 300 materiais irregulares no centro"},"content":{"rendered":"<p>Segundo informa\u00e7\u00f5es do site da Prefeitura de Juiz de Fora (PJF), nesta semana, a Prefeitura de Juiz de Fora (PJF), por meio da Fiscaliza\u00e7\u00e3o da Secretaria de Desenvolvimento Urbano com Participa\u00e7\u00e3o Popular (Sedupp) e da Guarda Municipal, realizou a apreens\u00e3o de produtos que seriam comercializados irregularmente. A a\u00e7\u00e3o faz parte da opera\u00e7\u00e3o \u201cCom\u00e9rcio Legal&#8221;, que busca combater o com\u00e9rcio irregular, garantir os direitos dos consumidores e assegurar que os produtos comercializados sigam as normas de seguran\u00e7a e qualidade exigidas por lei, al\u00e9m de manter o cumprimento do edital de licita\u00e7\u00e3o para o com\u00e9rcio popular.<\/p>\n<p>A a\u00e7\u00e3o resultou em 302 materiais apreendidos, e entre eles est\u00e3o eletr\u00f4nicos, acess\u00f3rios, \u00f3culos de grau, \u00f3culos de sol, vestu\u00e1rios, ferramentas, carrinho de transporte e bancos. Cabe destacar que a Fiscaliza\u00e7\u00e3o faz a apreens\u00e3o dos produtos pelo\u00a0 uso irregular do solo p\u00fablico, ou seja, sem a licen\u00e7a da PJF. A venda de \u00f3culos de grau ou de sol \u00e9 proibida e pode prejudicar a vis\u00e3o por n\u00e3o possuir o credenciamento exigido pela lei, como as \u00f3ticas devem ter para a comercializa\u00e7\u00e3o, e impede a garantia da sua seguran\u00e7a para uso.<\/p>\n<p>Caso o vendedor irregular queira reaver a mercadoria apreendida, deve, no prazo de 15 dias da apreens\u00e3o, protocolar pedido por meio do\u00a0<a href=\"https:\/\/juizdefora.1doc.com.br\/b.php?pg=wp\/wp&amp;itd=5\">Prefeitura \u00c1gil<\/a>, apresentar documentos de origem dos produtos, como uma nota fiscal, e pagar a taxa de apreens\u00e3o. Caso n\u00e3o realize esse procedimento, como previsto no c\u00f3digo de posturas do munic\u00edpio, os materiais apreendidos devem ser doados.<\/p>\n","protected":false},"excerpt":{"rendered":"<p>Segundo informa\u00e7\u00f5es do site da Prefeitura de Juiz de Fora (PJF), nesta semana, a Prefeitura de Juiz de Fora (PJF), por meio da Fiscaliza\u00e7\u00e3o da Secretaria de Desenvolvimento Urbano com Participa\u00e7\u00e3o Popular (Sedupp) e da Guarda Municipal, realizou a apreens\u00e3o de produtos que seriam comercializados irregularmente. A a\u00e7\u00e3o faz parte da opera\u00e7\u00e3o \u201cCom\u00e9rcio Legal&#8221;, que [&hellip;]<\/p>\n","protected":false},"author":246,"featured_media":227946,"comment_status":"closed","ping_status":"closed","sticky":false,"template":"","format":"standard","meta":{"footnotes":""},"categories":[253,436,440,439],"tags":[],"class_list":["post-227945","post","type-post","status-publish","format-standard","has-post-thumbnail","hentry","category-cidade","category-destaque-da-semana","category-destaques-do-dia","category-ultima-hora"],"_links":{"self":[{"href":"https:\/\/diarioregionaldigital.com.br\/index.php?rest_route=\/wp\/v2\/posts\/227945","targetHints":{"allow":["GET"]}}],"collection":[{"href":"https:\/\/diarioregionaldigital.com.br\/index.php?rest_route=\/wp\/v2\/posts"}],"about":[{"href":"https:\/\/diarioregionaldigital.com.br\/index.php?rest_route=\/wp\/v2\/types\/post"}],"author":[{"embeddable":true,"href":"https:\/\/diarioregionaldigital.com.br\/index.php?rest_route=\/wp\/v2\/users\/246"}],"replies":[{"embeddable":true,"href":"https:\/\/diarioregionaldigital.com.br\/index.php?rest_route=%2Fwp%2Fv2%2Fcomments&post=227945"}],"version-history":[{"count":1,"href":"https:\/\/diarioregionaldigital.com.br\/index.php?rest_route=\/wp\/v2\/posts\/227945\/revisions"}],"predecessor-version":[{"id":227947,"href":"https:\/\/diarioregionaldigital.com.br\/index.php?rest_route=\/wp\/v2\/posts\/227945\/revisions\/227947"}],"wp:featuredmedia":[{"embeddable":true,"href":"https:\/\/diarioregionaldigital.com.br\/index.php?rest_route=\/wp\/v2\/media\/227946"}],"wp:attachment":[{"href":"https:\/\/diarioregionaldigital.com.br\/index.php?rest_route=%2Fwp%2Fv2%2Fmedia&parent=227945"}],"wp:term":[{"taxonomy":"category","embeddable":true,"href":"https:\/\/diarioregionaldigital.com.br\/index.php?rest_route=%2Fwp%2Fv2%2Fcategories&post=227945"},{"taxonomy":"post_tag","embeddable":true,"href":"https:\/\/diarioregionaldigital.com.br\/index.php?rest_route=%2Fwp%2Fv2%2Ftags&post=227945"}],"curies":[{"name":"wp","href":"https:\/\/api.w.org\/{rel}","templated":true}]}}